{"id":23716,"date":"2020-08-31T17:48:42","date_gmt":"2020-08-31T15:48:42","guid":{"rendered":"http:\/\/info.sadowne.pl\/?p=23716"},"modified":"2020-08-31T17:48:42","modified_gmt":"2020-08-31T15:48:42","slug":"flaga-rp-to-nie","status":"publish","type":"post","link":"http:\/\/info.sadowne.pl\/?p=23716","title":{"rendered":"Flaga RP to nie \u2026\u2026"},"content":{"rendered":"<p><strong><a href=\"http:\/\/info.sadowne.pl\/wp-content\/uploads\/2020\/08\/2020.08.31.11.jpg\"><img loading=\"lazy\" decoding=\"async\" class=\"alignleft size-thumbnail wp-image-23717\" src=\"http:\/\/info.sadowne.pl\/wp-content\/uploads\/2020\/08\/2020.08.31.11-180x130.jpg\" alt=\"\" width=\"180\" height=\"130\" \/><\/a>W ostatnim czasie s\u0142yszy si\u0119 o akcji \u201ePOD BIA\u0141O \u2013 CZERWON\u0104\u201d. Do\u0142\u0105czy\u0142a do niej r\u00f3wnie\u017c Gmina Sadowne.<\/strong><!--more--><\/p>\n<p><em>Projekt \u201ePod bia\u0142o-czerwon\u0105\u201d zak\u0142ada sfinansowanie przez Rz\u0105d Rzeczypospolitej Polskiej zakupu maszt\u00f3w i flag w ka\u017cdej z gmin w Polsce, kt\u00f3rej mieszka\u0144cy do\u0142\u0105cz\u0105 do projektu. Inicjatywa zakupu masztu i flagi zale\u017ce\u0107 b\u0119dzie od mieszka\u0144c\u00f3w.\u00a0\u00a0<\/em><em><br \/>\n<\/em><em>\u00a0<\/em><em><br \/>\n<\/em><em>Aby wzi\u0105\u0107 udzia\u0142 w akcji, nale\u017cy zebra\u0107 odpowiedni\u0105 liczb\u0119 g\u0142os\u00f3w poparcia\u00a0online. G\u0142os poparcia dla inicjatywy zakupu masztu i umieszczonej na nim flagi, kt\u00f3ra b\u0119dzie dumnie eksponowana w centralnym miejscu gminy, mog\u0105 oddawa\u0107 jej mieszka\u0144cy.\u00a0<\/em><em><br \/>\n<\/em><em>\u00a0<\/em><em><br \/>\n<\/em><em>\u201ePod bia\u0142o-czerwon\u0105\u201d to projekt, kt\u00f3ry ma zjednoczy\u0107 nasz kraj i jego mieszka\u0144c\u00f3w. Nie tylko uhonoruje poleg\u0142ych za wolno\u015b\u0107 i niepodleg\u0142o\u015b\u0107 naszej Ojczyzny, ale tak\u017ce zach\u0119ci do patriotycznych postaw i dumy z bycia Polakami\u2026 Ta patriotyczna inicjatywa, realizowana jest pod honorowym patronatem Prezesa Rady Ministr\u00f3w Mateusza Morawieckiego (<\/em>w trzech gminach, kt\u00f3re zbior\u0105 najwi\u0119cej g\u0142os\u00f3w, Premier osobi\u015bcie dokona wci\u0105gni\u0119cia flagi na maszt \u2013 Gmina Sadowne zaprasza do oddawania g\u0142os\u00f3w<em>).<\/em><\/p>\n<p><em><br \/>\nUmieszczenie flagi na maszcie w wyj\u0105tkowym miejscu to dow\u00f3d na to jak wa\u017cne s\u0105 symbole narodowe w \u017cyciu Polak\u00f3w. Te, za kt\u00f3re \u017cycie w walce o\u00a0wolno\u015b\u0107 Ojczyzny po\u015bwi\u0119cali\u00a0nasi przodkowie.\u00a0<\/em><em><br \/>\n<\/em><br \/>\nBardzo wa\u017cny cel tej inicjatywy i jej za\u0142o\u017cenia, cho\u0107 i tak Polacy od zawsze dbali i dbaj\u0105 o odpowiednie eksponowanie flagi pa\u0144stwowej. A czy jeste\u015bmy za eksponowaniem w centralnym miejscu gminy nowego masztu i flagi? Oczywi\u015bcie, \u017ce tak, cho\u0107 kilka w takim miejscu lub miejscach na terenie Gminy jest ju\u017c eksponowanych podczas wa\u017cnych uroczysto\u015bci pa\u0144stwowych i lokalnych.<\/p>\n<p><strong>Najwa\u017cniejsze jednak jest i przy okazji tej akcji, aby wykszta\u0142ci\u0107 w spo\u0142ecze\u0144stwie poszanowanie dla eksponowanej w taki spos\u00f3b \u201ebia\u0142o-czerwonej\u201d i pozosta\u0142ych symboli RP. Zapewne nie wszyscy znaj\u0105 i stosuj\u0105 te zasady (czasami spotykamy si\u0119 z takimi przypadkami), pomimo, \u017ce obwarowane s\u0105 odpowiednimi przepisami.<\/strong><\/p>\n<p><strong>Pom\u00f3wmy o tym:<\/strong><\/p>\n<p>Zgodnie z art. 1 <em>ustawy o godle, barwach i hymnie Rzeczypospolitej\u00a0Polskiej<\/em>\u00a0oraz o piecz\u0119ciach\u00a0pa\u0144stwowych symbolami Rzeczypospolitej\u00a0Polskiej s\u0105:<\/p>\n<ul>\n<li><em>Orze\u0142 Bia\u0142y<\/em>\u00a0\u2014 herb Polski \u2014 god\u0142o pa\u0144stwowe RP<\/li>\n<li><em>Bia\u0142o-Czerwona<\/em>\u00a0\u2014 flaga pa\u0144stwowa RP<\/li>\n<li><em>Mazurek D\u0105browskiego<\/em>\u00a0\u2014 hymn pa\u0144stwowy RP<\/li>\n<\/ul>\n<p><a href=\"http:\/\/info.sadowne.pl\/wp-content\/uploads\/2020\/08\/2020.08.31.10.jpg\"><img loading=\"lazy\" decoding=\"async\" class=\"aligncenter size-full wp-image-23718\" src=\"http:\/\/info.sadowne.pl\/wp-content\/uploads\/2020\/08\/2020.08.31.10.jpg\" alt=\"\" width=\"600\" height=\"567\" srcset=\"http:\/\/info.sadowne.pl\/wp-content\/uploads\/2020\/08\/2020.08.31.10.jpg 600w, http:\/\/info.sadowne.pl\/wp-content\/uploads\/2020\/08\/2020.08.31.10-300x284.jpg 300w\" sizes=\"auto, (max-width: 600px) 100vw, 600px\" \/><\/a><\/p>\n<p>Biuro Bezpiecze\u0144stwa Narodowego przy wsp\u00f3\u0142pracy z Departamentem Wychowania i Promocji Obronno\u015bci Ministerstwa Obrony Narodowej przygotowa\u0142o publikacj\u0119 \u201eDuma i szacunek. Zasady oraz dobre praktyki godnego post\u0119powania wobec polskich symboli pa\u0144stwowych\u201d, kt\u00f3ra jest zbiorem wskaz\u00f3wek pomagaj\u0105cym nam wszystkim pos\u0142ugiwa\u0107 si\u0119 symbolami pa\u0144stwowymi we w\u0142a\u015bciwy i godny spos\u00f3b.<\/p>\n<p><strong>Zasady og\u00f3lne<\/strong><\/p>\n<ul>\n<li>Ka\u017cdy obywatel mo\u017ce eksponowa\u0107 symbole pa\u0144stwowe, manifestuj\u0105c w ten spos\u00f3b to\u017csamo\u015b\u0107 narodow\u0105 oraz przywi\u0105zanie do swojego pa\u0144stwa.<\/li>\n<li>Symbole Rzeczypospolitej Polskiej nale\u017cy zawsze otacza\u0107 szacunkiem. Jest to zar\u00f3wno prawo, jak i obowi\u0105zek wszystkich obywateli, a tak\u017ce organ\u00f3w pa\u0144stwowych, instytucji oraz organizacji. Ochron\u0119 prawn\u0105 symboli RP gwarantuje\u00a0<span style=\"color: #0000ff;\"><a style=\"color: #0000ff;\" href=\"http:\/\/isp.policja.pl\/download\/12\/2415\/KonstytucjaRzeczypospolitejPolskiejzdnia2kwietnia1997r.pdf\" target=\"_blank\" rel=\"noopener noreferrer\">Konstytucja Rzeczypospolitej Polskiej z 2 kwietnia 1997 r.<\/a><\/span><\/li>\n<li>Nale\u017cy dba\u0107, aby symbole Rzeczypospolitej Polskiej umieszczane by\u0142y zawsze w godnym i honorowym miejscu, a tak\u017ce uprzywilejowanym wzgl\u0119dem symboli innych pa\u0144stw oraz innych znak\u00f3w.<\/li>\n<li>Symbole RP mo\u017cna przedstawia\u0107 w formie artystycznych interpretacji. Interpretacje nie mog\u0105 jednak ujmowa\u0107 im godno\u015bci oraz by\u0107 traktowane jako oficjalnie reprezentuj\u0105ce pa\u0144stwo polskie.<\/li>\n<li>Wizerunki symboli pa\u0144stwowych, u\u017cywane przez instytucje reprezentuj\u0105ce pa\u0144stwo polskie, musz\u0105 odpowiada\u0107 wzorom okre\u015blonym w\u00a0<span style=\"color: #0000ff;\"><a style=\"color: #0000ff;\" href=\"http:\/\/isp.policja.pl\/download\/12\/2416\/Ustawazdnia31stycznia1980rogodlebarwachihymnieRzeczypospolitejPolskiej.pdf\" target=\"_blank\" rel=\"noopener noreferrer\">ustawie z dnia 31 stycznia 1980 r. o godle, barwach i hymnie Rzeczypospolitej Polskiej oraz piecz\u0119ciach pa\u0144stwowych (z p\u00f3\u017an. zm.)<\/a><\/span>.<\/li>\n<li>Symboli pa\u0144stwowych nie mo\u017cna wykorzystywa\u0107 do cel\u00f3w komercyjnych. Nie nale\u017cy umieszcza\u0107 ich na przedmiotach przeznaczonych do obrotu handlowego, jak r\u00f3wnie\u017c przeznaczonych do jednorazowego lub kr\u00f3tkotrwa\u0142ego u\u017cytku. Nie nale\u017cy te\u017c u\u017cywa\u0107 ich wy\u0142\u0105cznie w charakterze element\u00f3w dekoracyjnych.<\/li>\n<li>Symbole innych pa\u0144stw powinny by\u0107 otaczane szacunkiem oraz traktowane tak, jak by\u015bmy chcieli, aby inni traktowali nasze symbole.<\/li>\n<\/ul>\n<p><span style=\"color: #ff0000;\"><strong>Flaga Rzeczypospolitej Polskiej<\/strong><\/span><\/p>\n<p><strong>Szacunek dla flagi<\/strong><\/p>\n<ul>\n<li>Flaga Rzeczypospolitej Polskiej mo\u017ce by\u0107 eksponowana ka\u017cdego dnia przez wszystkich obywateli, instytucje oraz organizacje.<\/li>\n<li>Wywieszaj\u0105c flag\u0119 z okazji \u015bwi\u0105t pa\u0144stwowych, dajemy wyraz uhonorowania oraz obchodzenia przez nas \u015bwi\u0119ta.<\/li>\n<li>Z flag\u0105 Rzeczypospolitej Polskiej nale\u017cy obchodzi\u0107 si\u0119 z szacunkiem \u2013 zar\u00f3wno, gdy wywiesza si\u0119 j\u0105 lub zdejmuje, jak i podczas przechowywania, gdy nie jest eksponowana.<\/li>\n<li>Flaga powinna by\u0107 zawsze zadbana. Kiedy wyp\u0142owieje lub si\u0119 podrze, powinno wymieni\u0107 si\u0119 j\u0105 na now\u0105.<\/li>\n<li>Miejsce umieszczenia flagi powinno by\u0107 honorowe, nie ujmuj\u0105ce jej godno\u015bci oraz zapewniaj\u0105ce jej dobr\u0105 widoczno\u015b\u0107 o ka\u017cdej porze dnia i nocy.<\/li>\n<li>Flagi pa\u0144stwowej nie u\u017cywa si\u0119 do nakrywania sto\u0142\u00f3w, m\u00f3wnic czy pojazd\u00f3w. Nie powinno si\u0119 r\u00f3wnie\u017c nakrywa\u0107 ni\u0105 ods\u0142anianych tablic lub pomnik\u00f3w. Zamiast niej lepiej pos\u0142u\u017cy\u0107 si\u0119 bia\u0142o-czerwon\u0105 wst\u0119g\u0105.<\/li>\n<li>Na fladze pa\u0144stwowej oraz jej wizerunkach nie nale\u017cy umieszcza\u0107 napis\u00f3w ani grafik. Nie nale\u017cy te\u017c mocowa\u0107 do niej jakichkolwiek przedmiot\u00f3w.<\/li>\n<\/ul>\n<p><strong>Flaga na drzewcu oraz na maszcie<\/strong><\/p>\n<ul>\n<li>Najbardziej godnym sposobem eksponowania flagi jest umieszczenie jej na drzewcu lub maszcie.<\/li>\n<li>Flaga eksponowana na drzewcu powinna powiewa\u0107 oraz swobodnie opada\u0107. Nie mo\u017ce jednak dotyka\u0107 pod\u0142o\u017ca ani \u017cadnej innej p\u0142aszczyzny. Flaga nie powinna by\u0107 r\u00f3wnie\u017c zawini\u0119ta ani okr\u0119cona wok\u00f3\u0142 drzewca.<\/li>\n<li>Flaga na maszcie, poza okresem \u017ca\u0142oby narodowej, powinna zawsze powiewa\u0107 na samym jego szczycie.<\/li>\n<\/ul>\n<p><strong>Podnoszenie flagi na maszt<\/strong><\/p>\n<ul>\n<li>Flag\u0119 na maszt wci\u0105ga si\u0119 p\u0142ynnym, energicznym ruchem, natomiast opuszcza powoli.<\/li>\n<li>Podczas podnoszenia flagi pa\u0144stwowej na maszt osoby w jego pobli\u017cu powinny sta\u0107, zachowuj\u0105c powag\u0119 i spok\u00f3j. M\u0119\u017cczy\u017ani w ubraniach cywilnych powinni zdj\u0105\u0107 nakrycia g\u0142owy. Wzrok kieruje si\u0119 na podnoszon\u0105 flag\u0119.<\/li>\n<li>Obywatele nie powinni umieszcza\u0107 flagi na maszcie znajduj\u0105cym si\u0119 na szczycie ich dom\u00f3w czy innych prywatnych zabudowa\u0144. Umieszczenie takie jest oznak\u0105, \u017ce wewn\u0105trz budynku sprawowane s\u0105 funkcje pa\u0144stwowe. Osoby prywatne wywieszaj\u0105 flagi przy wej\u015bciu do swego budynku, z okna lub na balkonie, mog\u0105 tak\u017ce j\u0105 podnie\u015b\u0107 na maszcie przed swym budynkiem.<\/li>\n<\/ul>\n<p><strong>Barwy RP w pionie<\/strong><\/p>\n<ul>\n<li>Eksponuj\u0105c flag\u0119 lub barwy pa\u0144stwowe w pionie, kolor bia\u0142y powinno si\u0119 umie\u015bci\u0107 po lewej stronie dla patrz\u0105cego od frontu. Kiedy flaga pa\u0144stwowa mocowana jest w pionie do masztu, kolor bia\u0142y, jako wa\u017cniejszy, odpowiadaj\u0105cy bieli Or\u0142a Bia\u0142ego, powinien znajdowa\u0107 si\u0119 przy maszcie.<\/li>\n<\/ul>\n<p><strong>Honorowe miejsce flagi RP<\/strong><\/p>\n<ul>\n<li>Na terytorium Polski flaga pa\u0144stwowa powinna zajmowa\u0107 zawsze honorowe miejsce wzgl\u0119dem symboli innych pa\u0144stw oraz symboli innych rodzaj\u00f3w.<\/li>\n<li>Przyjmuje si\u0119, \u017ce honorowym miejscem dla flagi jest prawa strona (m\u00f3wnicy, sto\u0142u prezydialnego, sceny lub wyst\u0119puj\u0105cej osoby) \u2013 czyli lewa strona dla patrz\u0105cego od frontu.<\/li>\n<li>Je\u017celi jest taka mo\u017cliwo\u015b\u0107 \u2013 flag\u0119 umieszcza si\u0119 po prawej stronie wej\u015bcia do budynku, okna czy bramy wjazdowej (lewej stronie dla patrz\u0105cego od frontu).<\/li>\n<li>Kiedy eksponowane s\u0105 obok siebie flaga RP i wizerunek Or\u0142a Bia\u0142ego, flag\u0119 umieszcza si\u0119 po prawej stronie or\u0142a (lewej stronie dla patrz\u0105cego od frontu).<\/li>\n<li>Na pojazdach flag\u0119 RP umieszcza si\u0119 po ich prawej stronie. Kiedy z oficjalnych pojazd\u00f3w Rzeczypospolitej Polskiej korzystaj\u0105 przedstawiciele innych pa\u0144stw, flag\u0119 Rzeczypospolitej Polskiej umieszcza si\u0119 po prawej, za\u015b flag\u0119 go\u015bcia po lewej stronie.<\/li>\n<\/ul>\n<p><strong>W\u0142a\u015bciwe eksponowanie wielu flag<\/strong><\/p>\n<ul>\n<li>Kiedy flaga RP eksponowana jest wraz z flagami innych pa\u0144stw, wszystkie powinny mie\u0107 ten sam rozmiar oraz by\u0107 umieszczone na tej samej wysoko\u015bci. Swoim umiejscowieniem nie powinny sugerowa\u0107 zwierzchnictwa lub wy\u017cszo\u015bci jednego pa\u0144stwa nad pozosta\u0142ymi.<\/li>\n<li>Na jednym maszcie lub drzewcu razem z flag\u0105 Rzeczypospolitej Polskiej nie mo\u017ce wisie\u0107 \u017cadna inna flaga.<\/li>\n<li>Eksponuj\u0105c flag\u0119 Rzeczypospolitej Polskiej wraz z innymi flagami, nale\u017cy j\u0105 wci\u0105ga\u0107 na maszt lub wywiesza\u0107 jako pierwsz\u0105, a opuszcza\u0107 lub zdejmowa\u0107 jako ostatni\u0105.<\/li>\n<li>W razie wsp\u00f3lnych wyst\u0105pie\u0144 polskiego przedstawiciela oraz przedstawiciela innego pa\u0144stwa protok\u00f3\u0142 dyplomatyczny dopuszcza kurtuazyjne ust\u0105pienie honorowej prawej strony fladze goszczonego pa\u0144stwa \u2013 ale tylko wewn\u0105trz pomieszcze\u0144.<\/li>\n<\/ul>\n<p><strong>Precedencja \/ kolejno\u015b\u0107 flag<\/strong><\/p>\n<ul>\n<li>Na terytorium Rzeczypospolitej Polskiej flaga RP ma pierwsze\u0144stwo przed ka\u017cd\u0105 inn\u0105. O dalszej kolejno\u015bci flag decyduje kolejno\u015b\u0107 alfabetyczna pa\u0144stw.<\/li>\n<li>W razie wsp\u00f3lnego eksponowania flag r\u00f3\u017cnych rang i rodzaj\u00f3w stosujemy nast\u0119puj\u0105c\u0105 kolejno\u015b\u0107:<\/li>\n<\/ul>\n<ol>\n<li>flaga pa\u0144stwa gospodarza,<\/li>\n<li>flaga wojew\u00f3dztwa,<\/li>\n<li>flaga powiatu,<\/li>\n<li>flaga gminy,<\/li>\n<li>flagi polskich s\u0142u\u017cb, w tym wojskowych,<\/li>\n<li>flaga polskich organizacji czy instytucji,<\/li>\n<li>flaga innego pa\u0144stwa,<\/li>\n<li>flaga Unii Europejskiej,<\/li>\n<li>flaga organizacji mi\u0119dzynarodowej,<\/li>\n<li>flaga okoliczno\u015bciowa.<\/li>\n<\/ol>\n<ul>\n<li>W razie wsp\u00f3lnego eksponowania (czy umieszczenia na budynku) parzystej liczby flag, flaga Rzeczypospolitej Polskiej powinna zosta\u0107 umieszczona po lewej stronie dla patrz\u0105cego od frontu. Kolejne w hierarchii s\u0105 flagi na lewo od niej (na prawo dla patrz\u0105cego od frontu).<\/li>\n<li>W razie wsp\u00f3lnego eksponowania nieparzystej liczby flag, flaga Rzeczypospolitej Polskiej powinna zosta\u0107 umieszczona po\u015brodku. Kolejne w hierarchii s\u0105 flagi umieszczone na przemian na prawo oraz na lewo od niej.<\/li>\n<li>Kiedy eksponujemy skrzy\u017cowane flagi, flaga wa\u017cniejsza w hierarchii powinna znajdowa\u0107 si\u0119 po stronie prawej (lewej dla patrz\u0105cego od frontu), za\u015b jej drzewce powinno by\u0107 nad drzewcem drugiej flagi.<\/li>\n<\/ul>\n<p><strong>\u017ba\u0142oba narodowa<\/strong><\/p>\n<ul>\n<li>Na skutek tragicznych wydarze\u0144 Prezydent Rzeczypospolitej Polskiej mo\u017ce og\u0142osi\u0107 \u017ca\u0142ob\u0119 narodow\u0105. W trakcie \u017ca\u0142oby flagi pa\u0144stwowe opuszcza si\u0119 do po\u0142owy maszt\u00f3w.<\/li>\n<\/ul>\n<p><strong>Opuszczanie flagi do po\u0142owy masztu<\/strong><\/p>\n<ul>\n<li>Podczas \u017ca\u0142oby flagi nieznajduj\u0105ce si\u0119 uprzednio na masztach powinno si\u0119 wpierw podnie\u015b\u0107 na szczyt masztu, po czym powoli opu\u015bci\u0107 do jego po\u0142owy. Zdejmuj\u0105c flag\u0119 po zako\u0144czeniu \u017ca\u0142oby, wci\u0105ga si\u0119 j\u0105 ponownie na szczyt masztu, nast\u0119pnie dopiero powoli opuszcza si\u0119 i zdejmuje.<\/li>\n<li>Kiedy flaga RP eksponowana jest \u0142\u0105cznie z flagami innych pa\u0144stw lub flagami innych rodzaj\u00f3w, na czas \u017ca\u0142oby pozosta\u0142e flagi powinny zosta\u0107 zdj\u0119te z maszt\u00f3w. Po zako\u0144czeniu \u017ca\u0142oby najpierw podnosi si\u0119 flag\u0119 pa\u0144stwow\u0105 do g\u00f3ry, a potem dowiesza si\u0119 flagi uprzednio zdj\u0119te.<\/li>\n<\/ul>\n<p><strong>Flaga z kirem<\/strong><\/p>\n<ul>\n<li>Flagi wywieszone na drzewcach na znak \u017ca\u0142oby przewi\u0105zuje si\u0119 u g\u00f3ry kirem \u2013 czarn\u0105 wst\u0119g\u0105 o d\u0142ugo\u015bci podobnej do wysoko\u015bci flagi. Flag umieszczonych na masztach nie przewi\u0105zuje si\u0119 kirem.<\/li>\n<li>Poza okresem \u017ca\u0142oby narodowej nie powinno si\u0119 opuszcza\u0107 flagi RP do po\u0142owy masztu. Wyj\u0105tek mog\u0105 stanowi\u0107 flagi opuszczane w jednostkach wojskowych lub innych formacjach mundurowych na znak \u017ca\u0142oby po \u017co\u0142nierzu lub funkcjonariuszu zmar\u0142ym podczas pe\u0142nienia s\u0142u\u017cby. Inne instytucje na znak \u017ca\u0142oby mog\u0105 wywiesi\u0107 zamiast flagi pa\u0144stwowej flag\u0119 koloru czarnego.<\/li>\n<\/ul>\n<p><strong>Flaga w trakcie ceremonii pogrzebowej<\/strong><\/p>\n<ul>\n<li>W trakcie oficjalnej ceremonii pogrzebowej flag\u0119 pa\u0144stwow\u0105 umieszcza si\u0119 na trumnie tak, aby kolor bia\u0142y znajdowa\u0142 si\u0119 nad sercem zmar\u0142ego. Bander\u0119 wojenn\u0105 lub flag\u0119 z god\u0142em RP k\u0142adzie si\u0119 w poprzek trumny tak, aby wizerunek Or\u0142a znajdowa\u0142 si\u0119 na wysoko\u015bci piersi zmar\u0142ego. Urn\u0119 z prochami zmar\u0142ego przewi\u0105zuje si\u0119 bia\u0142o-czerwon\u0105 szarf\u0105.<\/li>\n<li>Na trumnie nakrytej flag\u0105 mo\u017cna umie\u015bci\u0107 jedynie oznaki godno\u015bci zmar\u0142ego \u2013 czapk\u0119 mundurow\u0105 czy wst\u0119g\u0119 orderow\u0105 Orderu Wojennego Virtuti Militari lub Orderu Krzy\u017ca Wojskowego. Przed z\u0142o\u017ceniem trumny do grobu flag\u0119 nale\u017cy z\u0142o\u017cy\u0107. Zwyczajowo przekazuje si\u0119 j\u0105 najbli\u017cszym zmar\u0142ego.<\/li>\n<\/ul>\n<p><strong>Flaga z god\u0142em RP<\/strong><\/p>\n<ul>\n<li>Flaga pa\u0144stwowa z god\u0142em Rzeczypospolitej Polskiej nie powinna by\u0107 u\u017cywana przez obywateli. S\u0142u\u017cy ona przedstawicielom RP za granic\u0105. Podnoszona jest r\u00f3wnie\u017c na cywilnych lotniskach, w kapitanatach, bosmanatach oraz na statkach, jako morska bandera. Mo\u017ce by\u0107 r\u00f3wnie\u017c u\u017cywana przez Wojsko Polskie w trakcie wizyt zagranicznych go\u015bci.<\/li>\n<\/ul>\n<p><strong>Pozosta\u0142e informacje oraz wskaz\u00f3wki<\/strong><\/p>\n<ul>\n<li>Nale\u017cy zwr\u00f3ci\u0107 uwag\u0119, aby posiadana flaga mia\u0142a w\u0142a\u015bciwe proporcje wynosz\u0105ce 8:5.<\/li>\n<li>Zu\u017cyt\u0105 flag\u0119, je\u017celi nie przedstawia szczeg\u00f3lnej warto\u015bci historycznej, powinno si\u0119 zniszczy\u0107 z nale\u017cyt\u0105 godno\u015bci\u0105 \u2013 na przyk\u0142ad rozdzielaj\u0105c barwy.<\/li>\n<\/ul>\n<p><span style=\"color: #ff0000;\"><strong>God\u0142o Rzeczypospolitej Polskiej i wizerunek Or\u0142a Bia\u0142ego<\/strong><\/span><\/p>\n<ul>\n<li>Zar\u00f3wno god\u0142o Rzeczypospolitej Polskiej, jak i wizerunek Or\u0142a Bia\u0142ego mog\u0105 by\u0107 eksponowane przez obywateli, instytucje oraz organizacje w zajmowanych przez nich pomieszczeniach.<\/li>\n<li>Tylko instytucje pa\u0144stwowe maj\u0105ce urz\u0119dowe prawo do pos\u0142ugiwania si\u0119 god\u0142em i wizerunkiem Or\u0142a Bia\u0142ego mog\u0105 je umieszcza\u0107 na zewn\u0105trz budynk\u00f3w i pomieszcze\u0144.<\/li>\n<\/ul>\n<p><strong>Orze\u0142 Bia\u0142y w urz\u0119dzie<\/strong><\/p>\n<ul>\n<li>Ustawa o godle, barwach i hymnie Rzeczypospolitej Polskiej oraz piecz\u0119ciach pa\u0144stwowych wymienia instytucje, kt\u00f3re w swojej dzia\u0142alno\u015bci zobowi\u0105zane s\u0105 do pos\u0142ugiwania si\u0119 wizerunkiem Or\u0142a Bia\u0142ego. S\u0105 to:<\/li>\n<\/ul>\n<ol>\n<li>organy w\u0142adzy pa\u0144stwowej,<\/li>\n<li>organy administracji rz\u0105dowej,<\/li>\n<li>gminy, zwi\u0105zki mi\u0119dzygminne oraz ich organy,<\/li>\n<li>powiaty, zwi\u0105zki powiat\u00f3w oraz ich organy,<\/li>\n<li>samorz\u0105dy wojew\u00f3dztw oraz ich organy,<\/li>\n<li>s\u0105dy, prokuratury i komornicy s\u0105dowi,<\/li>\n<li>samorz\u0105dowe kolegia odwo\u0142awcze,<\/li>\n<li>regionalne izby obrachunkowe,<\/li>\n<li>jednostki organizacyjne Si\u0142 Zbrojnych RP,<\/li>\n<li>jednostki organizacyjne Policji, Stra\u017cy Granicznej, S\u0142u\u017cby Celnej, Pa\u0144stwowej Stra\u017cy Po\u017carnej i Obrony Cywilnej Kraju,<\/li>\n<li>jednostki organizacyjne S\u0142u\u017cby Wi\u0119ziennej,<\/li>\n<li>szko\u0142y publiczne, szko\u0142y niepubliczne o uprawnieniach szk\u00f3\u0142 publicznych, pa\u0144stwowe szko\u0142y wy\u017csze, niepa\u0144stwowe szko\u0142y wy\u017csze,<\/li>\n<\/ol>\n<p>a tak\u017ce inne podmioty, upowa\u017cnione przepisami do u\u017cywania wizerunku Or\u0142a Bia\u0142ego.<\/p>\n<ul>\n<li>Organy w\u0142adzy pa\u0144stwowej i administracji rz\u0105dowej u\u017cywaj\u0105 wizerunku Or\u0142a Bia\u0142ego na oficjalnych dokumentach (oficjalnej stronie internetowej). Natomiast wszyscy wcze\u015bniej wymienieni maj\u0105 obowi\u0105zek wywiesi\u0107 tablice z Or\u0142em Bia\u0142ym przy wej\u015bciu do zajmowanych budynk\u00f3w.<\/li>\n<\/ul>\n<p><strong>Najlepsze miejsce dla god\u0142a<\/strong><\/p>\n<ul>\n<li>Powy\u017csze instytucje zobowi\u0105zane s\u0105 r\u00f3wnie\u017c do umieszczania god\u0142a Rzeczypospolitej Polskiej w pomieszczeniach s\u0142u\u017cbowych, w salach posiedze\u0144, salach wyk\u0142adowych i lekcyjnych oraz pomieszczeniach, gdzie urz\u0119dnicy przyjmuj\u0105 obywateli.<br \/>\nGod\u0142o oraz wizerunek Or\u0142a Bia\u0142ego eksponowane na \u015bcianach pomieszcze\u0144 powinno si\u0119 umieszcza\u0107 w miejscu najbardziej godnym i dobrze widocznym dla os\u00f3b przebywaj\u0105cych wewn\u0105trz.<br \/>\nW celu szczeg\u00f3lnego wyeksponowania god\u0142a lub wizerunku Or\u0142a Bia\u0142ego w ich pobli\u017cu nie powinno si\u0119 umieszcza\u0107 element\u00f3w wystroju wn\u0119trz, takich jak mapy, kalendarze lub obrazy. Nad wizerunkiem Or\u0142a Bia\u0142ego mo\u017cna umie\u015bci\u0107 krzy\u017c, natomiast np. wizerunki herbu wojew\u00f3dztwa czy gminy umieszcza si\u0119 poni\u017cej i na lewo od niego (patrz\u0105c od frontu \u2013 na prawo).<br \/>\nZniszczone i nienadaj\u0105ce si\u0119 do u\u017cytku god\u0142o oraz wizerunek Or\u0142a Bia\u0142ego, je\u017celi nie przedstawiaj\u0105 szczeg\u00f3lnej warto\u015bci historycznej, nale\u017cy zniszczy\u0107 z nale\u017cyt\u0105 godno\u015bci\u0105 \u2013 zamalowuj\u0105c je lub rozcinaj\u0105c.<\/li>\n<\/ul>\n<p><span style=\"color: #ff0000;\"><strong>Hymn Rzeczypospolitej Polskiej<\/strong><\/span><\/p>\n<p><strong>Wykonywanie oraz odtwarzanie hymnu<\/strong><\/p>\n<ul>\n<li>Hymn pa\u0144stwowy Rzeczypospolitej Polskiej powinno si\u0119 wykonywa\u0107 oraz odtwarza\u0107 jedynie w okoliczno\u015bciach i warunkach zapewniaj\u0105cych mu uwag\u0119 oraz poszanowanie.<\/li>\n<li>Hymn pa\u0144stwowy powinien by\u0107 publicznie wykonany lub odtworzony w d\u0142ugo\u015bci co najmniej jednej zwrotki oraz refrenu.<\/li>\n<li>Wykonuj\u0105c hymn pa\u0144stwowy, nie mo\u017cna zmienia\u0107 jego linii melodycznej ani s\u0142\u00f3w.<\/li>\n<li>Podnosz\u0105c flag\u0119 pa\u0144stwow\u0105 podczas odgrywania hymnu pa\u0144stwowego, czas jej wci\u0105gania powinno si\u0119 dostosowa\u0107 do czasu trwania hymnu.<\/li>\n<\/ul>\n<p><strong>Zachowanie podczas hymnu<\/strong><\/p>\n<ul>\n<li>Osoby obecne w miejscu wykonywania lub odtwarzania hymnu powinny sta\u0107, zachowuj\u0105c powag\u0119 i spok\u00f3j. M\u0119\u017cczy\u017ani powinni zdj\u0105\u0107 nakrycia g\u0142owy. Wzrok mo\u017cna kierowa\u0107 w stron\u0119 pozosta\u0142ych symboli Rzeczypospolitej Polskiej, a kiedy te s\u0105 niewidoczne, w stron\u0119 miejsca wykonywania hymnu.<\/li>\n<li>W trakcie wykonywania lub odtwarzania hymnu wskazane jest wsp\u00f3lne jego \u015bpiewanie.<\/li>\n<\/ul>\n<p><strong>Oddawanie honor\u00f3w<\/strong><\/p>\n<ul>\n<li>Osoby w umundurowaniu obejmuj\u0105cym nakrycie g\u0142owy i nieb\u0119d\u0105ce w zorganizowanej grupie, poczynaj\u0105c od pierwszych d\u017awi\u0119k\u00f3w hymnu, powinny odda\u0107 honory, salutuj\u0105c.<\/li>\n<li>Poczty sztandarowe podczas wykonywania lub odtwarzania hymnu oddaj\u0105 honory, pochylaj\u0105c sztandary. Dotyczy to r\u00f3wnie\u017c pocztu z flag\u0105 Rzeczypospolitej Polskiej.<\/li>\n<li>Przyj\u0119ty w niekt\u00f3rych pa\u0144stwach zwyczaj trzymania w trakcie wys\u0142uchiwania hymnu prawej d\u0142oni nad sercem mo\u017ce by\u0107 stosowany r\u00f3wnie\u017c wobec hymnu RP.<\/li>\n<\/ul>\n<p><strong>Hymny innych pa\u0144stw<\/strong><\/p>\n<ul>\n<li>Kiedy hymn Rzeczypospolitej Polskiej odgrywany jest wraz z hymnem innego pa\u0144stwa, przyj\u0119te jest, \u017ce hymn pa\u0144stwa goszczonego odgrywa si\u0119 jako pierwszy.<\/li>\n<\/ul>\n<p><strong>Tekst:<\/strong> S\u0142awek Chyli\u0144ski<\/p>\n<p><strong>\u0179r\u00f3d\u0142a: <\/strong><\/p>\n<p><a href=\"https:\/\/isp.policja.pl\/isp\/aktualnosci\/4786,Zasady-oraz-dobre-praktyki-godnego-postepowania-wobec-polskich-symboli-panstwowy.html\" target=\"_blank\" rel=\"noopener noreferrer\">https:\/\/isp.policja.pl\/isp\/aktualnosci\/4786,Zasady-oraz-dobre-praktyki-godnego-postepowania-wobec-polskich-symboli-panstwowy.html<\/a><\/p>\n<p><a href=\"https:\/\/www.gov.pl\/web\/bialoczerwona\/opis-i-cel-projektu\" target=\"_blank\" rel=\"noopener noreferrer\">https:\/\/www.gov.pl\/web\/bialoczerwona\/opis-i-cel-projektu<\/a><\/p>\n","protected":false},"excerpt":{"rendered":"<p>W ostatnim czasie s\u0142yszy si\u0119 o akcji \u201ePOD BIA\u0141O \u2013 CZERWON\u0104\u201d. Do\u0142\u0105czy\u0142a do niej r\u00f3wnie\u017c Gmina Sadowne.<\/p>\n","protected":false},"author":1,"featured_media":0,"comment_status":"closed","ping_status":"closed","sticky":false,"template":"","format":"standard","meta":{"footnotes":""},"categories":[5,1],"tags":[3407,3408,3409],"class_list":["post-23716","post","type-post","status-publish","format-standard","hentry","category-newsy","category-inne","tag-flaga-panstwowa","tag-godlo-panstwowe","tag-hymn-panstwowy"],"views":2913,"_links":{"self":[{"href":"http:\/\/info.sadowne.pl\/index.php?rest_route=\/wp\/v2\/posts\/23716","targetHints":{"allow":["GET"]}}],"collection":[{"href":"http:\/\/info.sadowne.pl\/index.php?rest_route=\/wp\/v2\/posts"}],"about":[{"href":"http:\/\/info.sadowne.pl\/index.php?rest_route=\/wp\/v2\/types\/post"}],"author":[{"embeddable":true,"href":"http:\/\/info.sadowne.pl\/index.php?rest_route=\/wp\/v2\/users\/1"}],"replies":[{"embeddable":true,"href":"http:\/\/info.sadowne.pl\/index.php?rest_route=%2Fwp%2Fv2%2Fcomments&post=23716"}],"version-history":[{"count":1,"href":"http:\/\/info.sadowne.pl\/index.php?rest_route=\/wp\/v2\/posts\/23716\/revisions"}],"predecessor-version":[{"id":23719,"href":"http:\/\/info.sadowne.pl\/index.php?rest_route=\/wp\/v2\/posts\/23716\/revisions\/23719"}],"wp:attachment":[{"href":"http:\/\/info.sadowne.pl\/index.php?rest_route=%2Fwp%2Fv2%2Fmedia&parent=23716"}],"wp:term":[{"taxonomy":"category","embeddable":true,"href":"http:\/\/info.sadowne.pl\/index.php?rest_route=%2Fwp%2Fv2%2Fcategories&post=23716"},{"taxonomy":"post_tag","embeddable":true,"href":"http:\/\/info.sadowne.pl\/index.php?rest_route=%2Fwp%2Fv2%2Ftags&post=23716"}],"curies":[{"name":"wp","href":"https:\/\/api.w.org\/{rel}","templated":true}]}}