{"id":23745,"date":"2020-09-07T13:29:12","date_gmt":"2020-09-07T11:29:12","guid":{"rendered":"http:\/\/info.sadowne.pl\/?p=23745"},"modified":"2020-09-07T13:29:12","modified_gmt":"2020-09-07T11:29:12","slug":"siedem-rodzin-rywalizowalo-w-memoriale-prof-m-chmielewskiego","status":"publish","type":"post","link":"http:\/\/info.sadowne.pl\/?p=23745","title":{"rendered":"Siedem rodzin rywalizowa\u0142o w \u201eMemoriale prof. M. Chmielewskiego\u201d"},"content":{"rendered":"<p><strong><a href=\"http:\/\/info.sadowne.pl\/wp-content\/uploads\/2020\/09\/2020.09.06.1.jpg\" target=\"_blank\" rel=\"noopener noreferrer\"><img loading=\"lazy\" decoding=\"async\" class=\"alignleft wp-image-23746 size-thumbnail\" src=\"http:\/\/info.sadowne.pl\/wp-content\/uploads\/2020\/09\/2020.09.06.1-180x130.jpg\" alt=\"\" width=\"180\" height=\"130\" \/><\/a>Kolejne zawody rodzinne \u201eMemoria\u0142 prof. M. Chmilewskiego\u201d zorganizowa\u0142 6 wrze\u015bnia br. Zarz\u0105d Ko\u0142a nr 27 PZW w Sadownem na wodach tzw. \u201ePierwszego Mostu\u201d. <\/strong><!--more--><\/p>\n<p>Niestety rybie okazy i tym razem skutecznie nie ima\u0142y si\u0119 haczyk\u00f3w. Za to pogoda i dobry humor ca\u0142y czas dopisywa\u0142y.<\/p>\n<p>Przez ponad trzy godziny z\u0142owiono dziesi\u0105tki uklei, p\u0142otek, wzdr\u0119g i kr\u0105pik\u00f3w. Wygra\u0142a rodzina M. i R. Ward\u00f3w, przed B. i E. Nowotkami, a podium uzupe\u0142nili E. i L. Bojarowie. Zwyci\u0119zcom nagrody wr\u0119czy\u0142 prezes Ko\u0142a K. Pakie\u0142a, kt\u00f3ry te\u017c wszystkich uczestnik\u00f3w pocz\u0119stowa\u0142 tradycyjnymi kie\u0142baskami z w\u0119dkarskiego ogniska i smakowitym bigosem Pani Wandzi. Smak potraw znad wody zach\u0119ca\u0142 do opowie\u015bci o \u201etaaakich\u201d rybach &#8211; tych z\u0142owionych i tych jeszcze bardziej \u201etaaaaakich\u201d, kt\u00f3re zerwa\u0142y si\u0119 z haczyk\u00f3w.<\/p>\n<p><span style=\"color: #0000ff;\"><a style=\"color: #0000ff;\" href=\"https:\/\/photos.app.goo.gl\/Sqy1SsbvjE5dJF3r9\" target=\"_blank\" rel=\"noopener noreferrer\"><strong>Zdj\u0119cia w galerii Google&gt;&gt;&gt;<\/strong><\/a><\/span><\/p>\n<p><strong>Tekst\/foto:<\/strong> RW<\/p>\n","protected":false},"excerpt":{"rendered":"<p>Kolejne zawody rodzinne \u201eMemoria\u0142 prof. M. Chmilewskiego\u201d zorganizowa\u0142 6 wrze\u015bnia br. Zarz\u0105d Ko\u0142a nr 27 PZW w Sadownem na wodach tzw. \u201ePierwszego Mostu\u201d.<\/p>\n","protected":false},"author":1,"featured_media":0,"comment_status":"closed","ping_status":"closed","sticky":false,"template":"","format":"standard","meta":{"footnotes":""},"categories":[5,1,689],"tags":[895,2453],"class_list":["post-23745","post","type-post","status-publish","format-standard","hentry","category-newsy","category-inne","category-wedkarstwo","tag-kolo-nr-27-pzw-sadowne","tag-zawody-wedkarskie"],"views":2978,"_links":{"self":[{"href":"http:\/\/info.sadowne.pl\/index.php?rest_route=\/wp\/v2\/posts\/23745","targetHints":{"allow":["GET"]}}],"collection":[{"href":"http:\/\/info.sadowne.pl\/index.php?rest_route=\/wp\/v2\/posts"}],"about":[{"href":"http:\/\/info.sadowne.pl\/index.php?rest_route=\/wp\/v2\/types\/post"}],"author":[{"embeddable":true,"href":"http:\/\/info.sadowne.pl\/index.php?rest_route=\/wp\/v2\/users\/1"}],"replies":[{"embeddable":true,"href":"http:\/\/info.sadowne.pl\/index.php?rest_route=%2Fwp%2Fv2%2Fcomments&post=23745"}],"version-history":[{"count":1,"href":"http:\/\/info.sadowne.pl\/index.php?rest_route=\/wp\/v2\/posts\/23745\/revisions"}],"predecessor-version":[{"id":23747,"href":"http:\/\/info.sadowne.pl\/index.php?rest_route=\/wp\/v2\/posts\/23745\/revisions\/23747"}],"wp:attachment":[{"href":"http:\/\/info.sadowne.pl\/index.php?rest_route=%2Fwp%2Fv2%2Fmedia&parent=23745"}],"wp:term":[{"taxonomy":"category","embeddable":true,"href":"http:\/\/info.sadowne.pl\/index.php?rest_route=%2Fwp%2Fv2%2Fcategories&post=23745"},{"taxonomy":"post_tag","embeddable":true,"href":"http:\/\/info.sadowne.pl\/index.php?rest_route=%2Fwp%2Fv2%2Ftags&post=23745"}],"curies":[{"name":"wp","href":"https:\/\/api.w.org\/{rel}","templated":true}]}}