{"id":23751,"date":"2020-09-07T13:43:56","date_gmt":"2020-09-07T11:43:56","guid":{"rendered":"http:\/\/info.sadowne.pl\/?p=23751"},"modified":"2020-09-07T13:43:56","modified_gmt":"2020-09-07T11:43:56","slug":"zdarzenia-drogowe-01-06-09-2020","status":"publish","type":"post","link":"http:\/\/info.sadowne.pl\/?p=23751","title":{"rendered":"Zdarzenia drogowe 01 &#8211; 06.09.2020"},"content":{"rendered":"<p><strong><a href=\"http:\/\/info.sadowne.pl\/wp-content\/uploads\/2019\/08\/komisariat16.jpg\"><img loading=\"lazy\" decoding=\"async\" class=\"alignleft size-thumbnail wp-image-20958\" src=\"http:\/\/info.sadowne.pl\/wp-content\/uploads\/2019\/08\/komisariat16-180x130.jpg\" alt=\"\" width=\"180\" height=\"130\" \/><\/a>W ostatnich dniach na terenie powiatu w\u0119growskiego dosz\u0142o do zdarze\u0144 drogowych. Policjanci apeluj\u0105 o ostro\u017cno\u015b\u0107 i rozwag\u0119 na drodze, a tak\u017ce u\u017cywanie element\u00f3w odblaskowych przez pieszych czy rowerzyst\u00f3w.<\/strong><!--more--><\/p>\n<p>01 wrze\u015bnia w m. W\u0119gr\u00f3w na ul. Gda\u0144skiej kieruj\u0105ca pojazdem marki Suzuki nie zachowa\u0142a bezpiecznej odleg\u0142o\u015bci od poprzedzaj\u0105cego j\u0105 pojazdu marki Toyota wraz z przyczepk\u0105, w wyniku czego najecha\u0142a na ty\u0142 przyczepki. Nikt nie dozna\u0142 obra\u017ce\u0144.<\/p>\n<p>W tym samym dniu w m. Zawady mieszkaniec pow. w\u0119growskiego, kieruj\u0105c pojazdem marki Opel na prostym odcinku drogi, nie dostosowa\u0142 pr\u0119dko\u015bci do warunk\u00f3w panuj\u0105cych na drodze i nie zachowa\u0142 bezpiecznej odleg\u0142o\u015bci od poprzedzaj\u0105cego go pojazdu marki Fiat, w wyniku czego uderzy\u0142 w jego ty\u0142, kt\u00f3ry nast\u0119pnie uderzy\u0142 w zaparkowan\u0105 na prawym poboczu przyczepk\u0119. Kieruj\u0105ca Fiatem zosta\u0142a przewieziona do szpitala. Post\u0119powanie prowadzi KPP w W\u0119growie.<\/p>\n<p>02 wrze\u015bnia w m. Budziska mieszkanka pow. w\u0119growskiego, kieruj\u0105c pojazdem marki BMW, podj\u0119\u0142a manewr wyprzedzania pojazdu Opel w czasie, gdy kieruj\u0105cy nim rozpocz\u0105\u0142 w\u0142a\u015bciwie sygnalizowany zamiar skr\u0119tu w lewo, co doprowadzi\u0142o do zderzenia si\u0119 pojazd\u00f3w. Nikt nie dozna\u0142 obra\u017ce\u0144.<\/p>\n<p>04 wrze\u015bnia w m. W\u0119gr\u00f3w na skrzy\u017cowaniu ul. Powsta\u0144c\u00f3w z ul. S\u0142owackiego dosz\u0142o do potr\u0105cenia rowerzystki, kt\u00f3ra przeje\u017cd\u017ca\u0142a przez przej\u015bcie dla pieszych. W wyniku zdarzenia kobieta dozna\u0142a obra\u017ce\u0144 cia\u0142a. Okoliczno\u015bci zdarzenia wyja\u015bni post\u0119powanie prowadzone przez KPP w W\u0119growie.<\/p>\n<p>05 wrze\u015bnia w m. W\u0119gr\u00f3w na ul. T. Ko\u015bciuszki mieszkaniec pow. soko\u0142owskiego, kieruj\u0105c pojazdem marki Seat, nie zachowa\u0142 bezpiecznej odleg\u0142o\u015bci od poprzedzaj\u0105cego go pojazdu marki Toyota, w wyniku czego najecha\u0142 na jego ty\u0142. Nikt nie dozna\u0142 obra\u017ce\u0144.<\/p>\n<p>Tego samego dnia w W\u0119growie na skrzy\u017cowaniu ul. S\u0142owackiego z ul. Mickiewicza dosz\u0142o do potr\u0105cenia 79- letniej kobiety przechodz\u0105cej przez przej\u015bcie dla pieszych. W wyniku doznanych obra\u017ce\u0144 piesza trafi\u0142a do szpitala. Okoliczno\u015bci zdarzenia wyja\u015bni post\u0119powanie prowadzone przez KPP w W\u0119growie.<\/p>\n<p>06 wrze\u015bnia w m. Zaj\u0105c mieszkaniec pow. w\u0119growskiego, kieruj\u0105c pojazdem marki VW, na \u0142uku drogi straci\u0142 panowanie nad pojazdem, w wyniku czego zjecha\u0142 na prawe pobocze i uderzy\u0142 w przepust wodny uszkadzaj\u0105c pojazd. Kieruj\u0105cy dozna\u0142 obra\u017ce\u0144.<\/p>\n<p>W tym samym dniu w m. Top\u00f3r dosz\u0142o do potr\u0105cenia dziecka je\u017cd\u017c\u0105cego na hulajnodze. 7\u2013letnia dziewczynka w wyniku doznanych obra\u017ce\u0144 zosta\u0142a przewieziona do szpitala. Okoliczno\u015bci zdarzenia wyja\u015bni post\u0119powanie prowadzone przez KPP w W\u0119growie.<\/p>\n<p><strong>Policjanci apeluj\u0105 o ostro\u017cno\u015b\u0107 i zwi\u0119kszon\u0105 uwag\u0119 na drogach. Z uwagi na fakt, i\u017c coraz wcze\u015bniej robi si\u0119 ciemno apelujemy do pieszych i rowerzyst\u00f3w o u\u017cywanie element\u00f3w odblaskowych. <\/strong><\/p>\n<p><strong>m\u0142. asp. Monika Ksi\u0119\u017copolska<\/strong><\/p>\n","protected":false},"excerpt":{"rendered":"<p>W ostatnich dniach na terenie powiatu w\u0119growskiego dosz\u0142o do zdarze\u0144 drogowych. Policjanci apeluj\u0105 o ostro\u017cno\u015b\u0107 i rozwag\u0119 na drodze, a tak\u017ce u\u017cywanie element\u00f3w odblaskowych przez pieszych czy rowerzyst\u00f3w.<\/p>\n","protected":false},"author":1,"featured_media":0,"comment_status":"closed","ping_status":"closed","sticky":false,"template":"","format":"standard","meta":{"footnotes":""},"categories":[5,266,4],"tags":[261,3174],"class_list":["post-23751","post","type-post","status-publish","format-standard","hentry","category-newsy","category-policja-policja-straz-pozarna-pogotowie-ratunkowe","category-policja-straz-pozarna-pogotowie-ratunkowe","tag-komenda-powiatowa-policji-w-wegrowie","tag-kronika-policyjna"],"views":2563,"_links":{"self":[{"href":"http:\/\/info.sadowne.pl\/index.php?rest_route=\/wp\/v2\/posts\/23751","targetHints":{"allow":["GET"]}}],"collection":[{"href":"http:\/\/info.sadowne.pl\/index.php?rest_route=\/wp\/v2\/posts"}],"about":[{"href":"http:\/\/info.sadowne.pl\/index.php?rest_route=\/wp\/v2\/types\/post"}],"author":[{"embeddable":true,"href":"http:\/\/info.sadowne.pl\/index.php?rest_route=\/wp\/v2\/users\/1"}],"replies":[{"embeddable":true,"href":"http:\/\/info.sadowne.pl\/index.php?rest_route=%2Fwp%2Fv2%2Fcomments&post=23751"}],"version-history":[{"count":1,"href":"http:\/\/info.sadowne.pl\/index.php?rest_route=\/wp\/v2\/posts\/23751\/revisions"}],"predecessor-version":[{"id":23752,"href":"http:\/\/info.sadowne.pl\/index.php?rest_route=\/wp\/v2\/posts\/23751\/revisions\/23752"}],"wp:attachment":[{"href":"http:\/\/info.sadowne.pl\/index.php?rest_route=%2Fwp%2Fv2%2Fmedia&parent=23751"}],"wp:term":[{"taxonomy":"category","embeddable":true,"href":"http:\/\/info.sadowne.pl\/index.php?rest_route=%2Fwp%2Fv2%2Fcategories&post=23751"},{"taxonomy":"post_tag","embeddable":true,"href":"http:\/\/info.sadowne.pl\/index.php?rest_route=%2Fwp%2Fv2%2Ftags&post=23751"}],"curies":[{"name":"wp","href":"https:\/\/api.w.org\/{rel}","templated":true}]}}