{"id":23802,"date":"2020-09-22T13:44:00","date_gmt":"2020-09-22T11:44:00","guid":{"rendered":"http:\/\/info.sadowne.pl\/?p=23802"},"modified":"2020-09-22T13:44:00","modified_gmt":"2020-09-22T11:44:00","slug":"w-orzelku-czytali-balladyne","status":"publish","type":"post","link":"http:\/\/info.sadowne.pl\/?p=23802","title":{"rendered":"W Orze\u0142ku czytali \u201eBalladyn\u0119\u201d\u2026"},"content":{"rendered":"<p><strong><a href=\"http:\/\/info.sadowne.pl\/wp-content\/uploads\/2020\/09\/2020.09.22.1.jpg\" target=\"_blank\" rel=\"noopener noreferrer\"><img loading=\"lazy\" decoding=\"async\" class=\"alignleft wp-image-23803 size-thumbnail\" src=\"http:\/\/info.sadowne.pl\/wp-content\/uploads\/2020\/09\/2020.09.22.1-180x130.jpg\" alt=\"\" width=\"180\" height=\"130\" \/><\/a>Narodowe Czytanie &#8222;Balladyny&#8221; w\u00a0Niepublicznej Szkole Podstawowej w\u00a0Orze\u0142ku.<\/strong><!--more--><\/p>\n<p>Tegoroczn\u0105 lektur\u0105 dziewi\u0105tej ods\u0142ony Narodowego Czytania pod honorowym patronatem\u00a0 pary prezydenckiej\u00a0 by\u0142a\u00a0<em>Balladyna<\/em>\u00a0Juliusza S\u0142owackiego. W\u00a0akcj\u0119, podobnie jak w\u00a0latach ubieg\u0142ych, czynnie w\u0142\u0105czy\u0142a si\u0119 Biblioteka Szko\u0142y Podstawowej w\u00a0Orze\u0142ku.<\/p>\n<p><a href=\"http:\/\/info.sadowne.pl\/wp-content\/uploads\/2020\/09\/2020.09.22.2.jpg\" target=\"_blank\" rel=\"noopener noreferrer\"><img loading=\"lazy\" decoding=\"async\" class=\"alignright wp-image-23804 size-medium\" src=\"http:\/\/info.sadowne.pl\/wp-content\/uploads\/2020\/09\/2020.09.22.2-300x225.jpg\" alt=\"\" width=\"300\" height=\"225\" srcset=\"http:\/\/info.sadowne.pl\/wp-content\/uploads\/2020\/09\/2020.09.22.2-300x225.jpg 300w, http:\/\/info.sadowne.pl\/wp-content\/uploads\/2020\/09\/2020.09.22.2-768x576.jpg 768w, http:\/\/info.sadowne.pl\/wp-content\/uploads\/2020\/09\/2020.09.22.2.jpg 900w\" sizes=\"auto, (max-width: 300px) 100vw, 300px\" \/><\/a>W\u00a0ramach projektu czytelniczego uczniowie klasy VII wcielili si\u0119 w\u00a0role g\u0142\u00f3wnych bohater\u00f3w i\u00a0odczytali ca\u0142ej spo\u0142eczno\u015bci szkolnej fragmenty dramatu. Ponadto tekst\u00a0<em>Balladyny<\/em>\u00a0interpretowano g\u0142osowo na lekcjach j\u0119zyka polskiego.<\/p>\n<p>Akcja mia\u0142a na celu popularyzacj\u0119 czytelnictwa oraz\u00a0wzmocnienie poczucia narodowej to\u017csamo\u015bci poprzez kontakt z\u00a0najwi\u0119kszymi dzie\u0142ami polskiej literatury.<\/p>\n<p><strong>Wi\u0119cej na stronie <span style=\"color: #0000ff;\"><a style=\"color: #0000ff;\" href=\"http:\/\/www.sporzelek.szkolnastrona.pl\/art,373,narodowe-czytanie-balladyny-w-niepublicznej-szkole-podstawowej-w-orzelku\" target=\"_blank\" rel=\"noopener noreferrer\">http:\/\/www.sporzelek.szkolnastrona.pl\/art,373,narodowe-czytanie-balladyny-w-niepublicznej-szkole-podstawowej-w-orzelku<\/a><\/span><\/strong><\/p>\n","protected":false},"excerpt":{"rendered":"<p>Narodowe Czytanie &#8222;Balladyny&#8221; w\u00a0Niepublicznej Szkole Podstawowej w\u00a0Orze\u0142ku.<\/p>\n","protected":false},"author":1,"featured_media":0,"comment_status":"closed","ping_status":"closed","sticky":false,"template":"","format":"standard","meta":{"footnotes":""},"categories":[5,1752,43],"tags":[3426,937],"class_list":["post-23802","post","type-post","status-publish","format-standard","hentry","category-newsy","category-edukacja","category-szkola-podstawowa-w-orzelku","tag-narodowe-czytanie-2020","tag-niepubliczna-szkola-podstawowa-w-orzelku"],"views":2148,"_links":{"self":[{"href":"http:\/\/info.sadowne.pl\/index.php?rest_route=\/wp\/v2\/posts\/23802","targetHints":{"allow":["GET"]}}],"collection":[{"href":"http:\/\/info.sadowne.pl\/index.php?rest_route=\/wp\/v2\/posts"}],"about":[{"href":"http:\/\/info.sadowne.pl\/index.php?rest_route=\/wp\/v2\/types\/post"}],"author":[{"embeddable":true,"href":"http:\/\/info.sadowne.pl\/index.php?rest_route=\/wp\/v2\/users\/1"}],"replies":[{"embeddable":true,"href":"http:\/\/info.sadowne.pl\/index.php?rest_route=%2Fwp%2Fv2%2Fcomments&post=23802"}],"version-history":[{"count":1,"href":"http:\/\/info.sadowne.pl\/index.php?rest_route=\/wp\/v2\/posts\/23802\/revisions"}],"predecessor-version":[{"id":23805,"href":"http:\/\/info.sadowne.pl\/index.php?rest_route=\/wp\/v2\/posts\/23802\/revisions\/23805"}],"wp:attachment":[{"href":"http:\/\/info.sadowne.pl\/index.php?rest_route=%2Fwp%2Fv2%2Fmedia&parent=23802"}],"wp:term":[{"taxonomy":"category","embeddable":true,"href":"http:\/\/info.sadowne.pl\/index.php?rest_route=%2Fwp%2Fv2%2Fcategories&post=23802"},{"taxonomy":"post_tag","embeddable":true,"href":"http:\/\/info.sadowne.pl\/index.php?rest_route=%2Fwp%2Fv2%2Ftags&post=23802"}],"curies":[{"name":"wp","href":"https:\/\/api.w.org\/{rel}","templated":true}]}}