{"id":23811,"date":"2020-09-23T17:34:50","date_gmt":"2020-09-23T15:34:50","guid":{"rendered":"http:\/\/info.sadowne.pl\/?p=23811"},"modified":"2020-09-23T17:34:50","modified_gmt":"2020-09-23T15:34:50","slug":"jubileuszowy-xx-plener-malarski","status":"publish","type":"post","link":"http:\/\/info.sadowne.pl\/?p=23811","title":{"rendered":"Jubileuszowy XX Plener Malarski"},"content":{"rendered":"<p><strong><a href=\"http:\/\/info.sadowne.pl\/wp-content\/uploads\/2020\/09\/2020.09.23.30.jpg\"><img loading=\"lazy\" decoding=\"async\" class=\"alignleft size-thumbnail wp-image-23812\" src=\"http:\/\/info.sadowne.pl\/wp-content\/uploads\/2020\/09\/2020.09.23.30-180x130.jpg\" alt=\"\" width=\"180\" height=\"130\" \/><\/a>Gminny O\u015brodek Kultury w Sadownem informuje, i\u017c w dniach 27.09 \u2013 05.10.2020 r. na terenie gminy Sadowne b\u0119dzie si\u0119 odbywa\u0142 XX Plener Malarski Artyst\u00f3w Plastyk\u00f3w. <\/strong><!--more--><\/p>\n<p>Zapraszamy wszystkich zainteresowanych na warsztaty malarskie i ceramiczne \u2013 zg\u0142oszenia pod nr tel.: 502\u00a0086\u00a0989.<\/p>\n<p>Wernisa\u017c poplenerowy odb\u0119dzie si\u0119 w Gminnym O\u015brodku Kultury w Sadownem o godz. 16.00 w dniu 2 pa\u017adziernika 2020 roku. Wystawa prac artyst\u00f3w b\u0119dzie czynna do dnia 05.10.2020 r. \u2013 ZAPRASZAMY!<\/p>\n<p><a href=\"http:\/\/info.sadowne.pl\/wp-content\/uploads\/2020\/09\/2020.09.23.30.jpg\"><img loading=\"lazy\" decoding=\"async\" class=\"aligncenter size-full wp-image-23812\" src=\"http:\/\/info.sadowne.pl\/wp-content\/uploads\/2020\/09\/2020.09.23.30.jpg\" alt=\"\" width=\"546\" height=\"772\" srcset=\"http:\/\/info.sadowne.pl\/wp-content\/uploads\/2020\/09\/2020.09.23.30.jpg 546w, http:\/\/info.sadowne.pl\/wp-content\/uploads\/2020\/09\/2020.09.23.30-212x300.jpg 212w\" sizes=\"auto, (max-width: 546px) 100vw, 546px\" \/><\/a><\/p>\n","protected":false},"excerpt":{"rendered":"<p>Gminny O\u015brodek Kultury w Sadownem informuje, i\u017c w dniach 27.09 \u2013 05.10.2020 r. na terenie gminy Sadowne b\u0119dzie si\u0119 odbywa\u0142 XX Plener Malarski Artyst\u00f3w Plastyk\u00f3w.<\/p>\n","protected":false},"author":1,"featured_media":0,"comment_status":"closed","ping_status":"closed","sticky":false,"template":"","format":"standard","meta":{"footnotes":""},"categories":[5,91,6],"tags":[169,3374],"class_list":["post-23811","post","type-post","status-publish","format-standard","hentry","category-newsy","category-gminny-osrodek-kultury","category-kultura-rozrywka-edukacja","tag-gminny-osrodek-kultury-w-sadownem","tag-xx-plener-malarski-artystow-plastykow-w-sadownem"],"views":2189,"_links":{"self":[{"href":"http:\/\/info.sadowne.pl\/index.php?rest_route=\/wp\/v2\/posts\/23811","targetHints":{"allow":["GET"]}}],"collection":[{"href":"http:\/\/info.sadowne.pl\/index.php?rest_route=\/wp\/v2\/posts"}],"about":[{"href":"http:\/\/info.sadowne.pl\/index.php?rest_route=\/wp\/v2\/types\/post"}],"author":[{"embeddable":true,"href":"http:\/\/info.sadowne.pl\/index.php?rest_route=\/wp\/v2\/users\/1"}],"replies":[{"embeddable":true,"href":"http:\/\/info.sadowne.pl\/index.php?rest_route=%2Fwp%2Fv2%2Fcomments&post=23811"}],"version-history":[{"count":1,"href":"http:\/\/info.sadowne.pl\/index.php?rest_route=\/wp\/v2\/posts\/23811\/revisions"}],"predecessor-version":[{"id":23813,"href":"http:\/\/info.sadowne.pl\/index.php?rest_route=\/wp\/v2\/posts\/23811\/revisions\/23813"}],"wp:attachment":[{"href":"http:\/\/info.sadowne.pl\/index.php?rest_route=%2Fwp%2Fv2%2Fmedia&parent=23811"}],"wp:term":[{"taxonomy":"category","embeddable":true,"href":"http:\/\/info.sadowne.pl\/index.php?rest_route=%2Fwp%2Fv2%2Fcategories&post=23811"},{"taxonomy":"post_tag","embeddable":true,"href":"http:\/\/info.sadowne.pl\/index.php?rest_route=%2Fwp%2Fv2%2Ftags&post=23811"}],"curies":[{"name":"wp","href":"https:\/\/api.w.org\/{rel}","templated":true}]}}