{"id":23854,"date":"2020-10-01T17:12:05","date_gmt":"2020-10-01T15:12:05","guid":{"rendered":"http:\/\/info.sadowne.pl\/?p=23854"},"modified":"2020-10-01T17:12:05","modified_gmt":"2020-10-01T15:12:05","slug":"zabawa-z-kolorem","status":"publish","type":"post","link":"http:\/\/info.sadowne.pl\/?p=23854","title":{"rendered":"Zabawa z kolorem\u2026"},"content":{"rendered":"<p><a href=\"http:\/\/info.sadowne.pl\/wp-content\/uploads\/2020\/10\/2020.10.01.1.jpg\" target=\"_blank\" rel=\"noopener noreferrer\"><img loading=\"lazy\" decoding=\"async\" class=\"alignleft wp-image-23855 size-thumbnail\" src=\"http:\/\/info.sadowne.pl\/wp-content\/uploads\/2020\/10\/2020.10.01.1-180x130.jpg\" alt=\"\" width=\"180\" height=\"130\" \/><\/a><\/p>\n<p><strong>Drugie zapowiadane wcze\u015bniej warsztaty malarskie odby\u0142y si\u0119 1 pa\u017adziernika br. na przyko\u015bcielnym skwerku w Sadownem.<\/strong><!--more--><\/p>\n<p>XX Plener Malarski Artyst\u00f3w Plastyk\u00f3w w Sadownem ma si\u0119 ku ko\u0144cowi. W przeddzie\u0144 wernisa\u017cu poplenerowego, kt\u00f3ry ma si\u0119 odby\u0107 o godz. 16.00 2-go pa\u017adziernika 2020 r. w Gminnym O\u015brodku Kultury w Sadownem, na skwerku przy ko\u015bciele uczestnicy Pleneru spotkali si\u0119 z miejscowymi adeptami sztuki malarskiej. Tym razem w ramach warsztat\u00f3w pt. \u201eZabawa z kolorem\u201d przyszli arty\u015bci plastycy zg\u0142\u0119biali wiedz\u0119 na temat zastosowania sztalug, wykorzystania palety i doboru w\u0142a\u015bciwych p\u0119dzli oraz kolor\u00f3w farb.<\/p>\n<p>Ka\u017cdy z uczestnik\u00f3w warsztat\u00f3w \u201ezainstalowa\u0142\u201d swoje miejsce pracy w dowolnie wybranym przez siebie zak\u0105tku skweru i rozpocz\u0119\u0142o si\u0119\u2026 Pod okiem do\u015bwiadczonych malarzy, po po\u0142o\u017ceniu na p\u0142ytach w\u0142a\u015bciwego podk\u0142adu, powstawa\u0142y akrylowe arcydzie\u0142a. Faktycznie by\u0142a to \u201ezabawa z kolorem\u201d, ale to do\u015bwiadczenie i ten pierwszy ruch w kierunku tworzenia w\u0142asnej sztuki mo\u017ce przynie\u015b\u0107 w przysz\u0142o\u015bci pozytywne efekty dla ka\u017cdego z uczestnik\u00f3w tego spotkania.<\/p>\n<p>Nie tylko przyszli malarze, ale i ich instruktorzy byli zadowoleni z uzyskanych wynik\u00f3w. Podczas pi\u0105tkowego wernisa\u017cu powsta\u0142e w\u0142a\u015bnie obrazy zaprezentuj\u0105 si\u0119 w GOK-u na wystawie wsp\u00f3\u0142towarzysz\u0105cej. Serdecznie zapraszamy!<\/p>\n<p><span style=\"color: #0000ff;\"><strong><a style=\"color: #0000ff;\" href=\"https:\/\/photos.app.goo.gl\/aDujdtsRm6uxxHxr6\" target=\"_blank\" rel=\"noopener noreferrer\">Zdj\u0119cia w galerii Google&gt;&gt;&gt;<\/a><\/strong><\/span><\/p>\n<p><strong>Tekst\/foto:<\/strong> S\u0142awek Chyli\u0144ski<\/p>\n","protected":false},"excerpt":{"rendered":"<p>Drugie zapowiadane wcze\u015bniej warsztaty malarskie odby\u0142y si\u0119 1 pa\u017adziernika br. na przyko\u015bcielnym skwerku w Sadownem.<\/p>\n","protected":false},"author":1,"featured_media":0,"comment_status":"closed","ping_status":"closed","sticky":false,"template":"","format":"standard","meta":{"footnotes":""},"categories":[5,91,6],"tags":[169,2809,3374],"class_list":["post-23854","post","type-post","status-publish","format-standard","hentry","category-newsy","category-gminny-osrodek-kultury","category-kultura-rozrywka-edukacja","tag-gminny-osrodek-kultury-w-sadownem","tag-warsztaty-malarskie-w-sadownem","tag-xx-plener-malarski-artystow-plastykow-w-sadownem"],"views":2050,"_links":{"self":[{"href":"http:\/\/info.sadowne.pl\/index.php?rest_route=\/wp\/v2\/posts\/23854","targetHints":{"allow":["GET"]}}],"collection":[{"href":"http:\/\/info.sadowne.pl\/index.php?rest_route=\/wp\/v2\/posts"}],"about":[{"href":"http:\/\/info.sadowne.pl\/index.php?rest_route=\/wp\/v2\/types\/post"}],"author":[{"embeddable":true,"href":"http:\/\/info.sadowne.pl\/index.php?rest_route=\/wp\/v2\/users\/1"}],"replies":[{"embeddable":true,"href":"http:\/\/info.sadowne.pl\/index.php?rest_route=%2Fwp%2Fv2%2Fcomments&post=23854"}],"version-history":[{"count":1,"href":"http:\/\/info.sadowne.pl\/index.php?rest_route=\/wp\/v2\/posts\/23854\/revisions"}],"predecessor-version":[{"id":23856,"href":"http:\/\/info.sadowne.pl\/index.php?rest_route=\/wp\/v2\/posts\/23854\/revisions\/23856"}],"wp:attachment":[{"href":"http:\/\/info.sadowne.pl\/index.php?rest_route=%2Fwp%2Fv2%2Fmedia&parent=23854"}],"wp:term":[{"taxonomy":"category","embeddable":true,"href":"http:\/\/info.sadowne.pl\/index.php?rest_route=%2Fwp%2Fv2%2Fcategories&post=23854"},{"taxonomy":"post_tag","embeddable":true,"href":"http:\/\/info.sadowne.pl\/index.php?rest_route=%2Fwp%2Fv2%2Ftags&post=23854"}],"curies":[{"name":"wp","href":"https:\/\/api.w.org\/{rel}","templated":true}]}}