{"id":23857,"date":"2020-10-02T19:17:04","date_gmt":"2020-10-02T17:17:04","guid":{"rendered":"http:\/\/info.sadowne.pl\/?p=23857"},"modified":"2020-10-02T19:44:11","modified_gmt":"2020-10-02T17:44:11","slug":"jubileusz-malarstwa","status":"publish","type":"post","link":"http:\/\/info.sadowne.pl\/?p=23857","title":{"rendered":"Jubileusz malarstwa\u2026"},"content":{"rendered":"<p><a href=\"http:\/\/info.sadowne.pl\/wp-content\/uploads\/2020\/10\/2020.10.02.11.jpg\" target=\"_blank\" rel=\"noopener noreferrer\"><img loading=\"lazy\" decoding=\"async\" class=\"alignleft wp-image-23866 size-thumbnail\" src=\"http:\/\/info.sadowne.pl\/wp-content\/uploads\/2020\/10\/2020.10.02.11-180x130.jpg\" alt=\"\" width=\"180\" height=\"130\" \/><\/a><\/p>\n<p><strong>Na terenie gminy Sadowne odbywa\u0142 si\u0119 XX Plener Malarski Artyst\u00f3w Plastyk\u00f3w. Podczas wernisa\u017cu poplenerowego mogli\u015bmy podziwia\u0107 efekty tego Jubileuszowego Pleneru.<\/strong><!--more--><\/p>\n<p>Od 27 wrze\u015bnia na terenie gminy Sadowne trwa XX Plener Malarski Artyst\u00f3w Plastyk\u00f3w. W dotychczasowych przewa\u017cnie bra\u0142a udzia\u0142 ta sama grupa artyst\u00f3w, ale w tym roku widzimy wiele nowych twarzy. Do Sadownego zawitali pp.: Gabriela Czarnecka, Danuta Rasi\u0144ska, Teresa Urbanowska, Katarzyna Krajewska, El\u017cbieta Ma\u0142gorzata P\u0119dracka, Mieczys\u0142aw Bugnacki, Zbigniew Jerzy Dziwosz, Jaros\u0142aw Marek Komorowski i Mariusz Zawi\u015blak (szerzej o artystach mo\u017cna przeczyta\u0107 poni\u017cej \u2013 na stronach folderu przygotowanego z tej okazji przez Gminny O\u015brodek Kultury w Sadownem).<\/p>\n<p>Arty\u015bci, jak w poprzednich latach, zamieszkiwali w Gospodarstwie Agroturystycznym \u201ePrzy lesie\u201d Pa\u0144stwa Iwony i Piotra Olkowskich w Oci\u0119tem &#8211; g\u0142\u00f3wnie tam te\u017c tworzyli swoje prace. Arty\u015bci przeprowadzili te\u017c wsp\u00f3lnie z sadowie\u0144skim GOK-iem warsztaty malowania na porcelanie i malarskie w plenerze, o kt\u00f3rych pisali\u015bmy wcze\u015bniej.<\/p>\n<p>Efekty tegorocznego Pleneru mogli\u015bmy podziwia\u0107 2 pa\u017adziernika 2020 r. podczas wernisa\u017cu poplenerowego w Gminnym O\u015brodku Kultury w Sadownem. Na wystawie wsp\u00f3\u0142towarzysz\u0105cej, w sali obok, znalaz\u0142y si\u0119 natomiast prace naszych lokalnych artyst\u00f3w, kt\u00f3re powsta\u0142y podczas ostatnich warsztat\u00f3w.<\/p>\n<p>Tegoroczny wernisa\u017c otworzy\u0142a p. Ewa Pi\u00f3rkowska \u2013 Dyrektor Gminnego O\u015brodka Kultury w Sadownem, a w imieniu Samorz\u0105du do artyst\u00f3w zwr\u00f3ci\u0142 si\u0119 p. Marcin Gr\u0119da \u2013 Zast\u0119pca W\u00f3jta Gminy Sadowne. Par\u0119 s\u0142\u00f3w o uczestnikach Pleneru, jego przebiegu i powsta\u0142ych pracach przekaza\u0142a zebranym p. Teresa Urbanowska \u2013 Komisarz Pleneru. Minut\u0105 ciszy uczczono r\u00f3wnie\u017c pami\u0119\u0107 \u015b.p. Edwarda Hermana, kt\u00f3ry by\u0142 inicjatorem sadowie\u0144kiego Pleneru oraz organizatorem kolejnych jego edycji, a kt\u00f3ry odszed\u0142 od nas w styczniu 2019 roku.<\/p>\n<p>Jubileuszowy Plener i specjalne podzi\u0119kowania dla jego uczestnik\u00f3w: specjalne statuetki, kt\u00f3re powsta\u0142y w Pracowni Ceramiki GOK-u, a wr\u0119czyli je artystom\u2026 i nie tylko&#8230; p. Ewa Pi\u00f3rkowska i p. Marcin Gr\u0119da oraz&#8230; specjalny tort, kt\u00f3ry wszystkim na pewno smakowa\u0142.<\/p>\n<p>Uwaga! Wystaw\u0119 prac plenerowych mo\u017cna obejrze\u0107 jeszcze tylko do 5 pa\u017adziernika br. Zapraszamy do Gminnego O\u015brodka Kultury w Sadownem! Naprawd\u0119 warto zwiedzi\u0107 t\u0119 wystaw\u0119!<\/p>\n<p><span style=\"color: #0000ff;\"><strong><a style=\"color: #0000ff;\" href=\"https:\/\/photos.app.goo.gl\/H3LJp2k6bcTiGfc56\" target=\"_blank\" rel=\"noopener noreferrer\">Zdj\u0119cia w galerii Google&gt;&gt;&gt;<\/a><\/strong><\/span><\/p>\n<p><a href=\"http:\/\/info.sadowne.pl\/wp-content\/uploads\/2020\/10\/2020.10.02.1.jpg\"><img loading=\"lazy\" decoding=\"async\" class=\"aligncenter size-full wp-image-23858\" src=\"http:\/\/info.sadowne.pl\/wp-content\/uploads\/2020\/10\/2020.10.02.1.jpg\" alt=\"\" width=\"601\" height=\"1277\" srcset=\"http:\/\/info.sadowne.pl\/wp-content\/uploads\/2020\/10\/2020.10.02.1.jpg 601w, http:\/\/info.sadowne.pl\/wp-content\/uploads\/2020\/10\/2020.10.02.1-141x300.jpg 141w, http:\/\/info.sadowne.pl\/wp-content\/uploads\/2020\/10\/2020.10.02.1-482x1024.jpg 482w\" sizes=\"auto, (max-width: 601px) 100vw, 601px\" \/><\/a><\/p>\n<p><a href=\"http:\/\/info.sadowne.pl\/wp-content\/uploads\/2020\/10\/2020.10.02.2.jpg\"><img loading=\"lazy\" decoding=\"async\" class=\"aligncenter size-full wp-image-23859\" src=\"http:\/\/info.sadowne.pl\/wp-content\/uploads\/2020\/10\/2020.10.02.2.jpg\" alt=\"\" width=\"602\" height=\"1277\" srcset=\"http:\/\/info.sadowne.pl\/wp-content\/uploads\/2020\/10\/2020.10.02.2.jpg 602w, http:\/\/info.sadowne.pl\/wp-content\/uploads\/2020\/10\/2020.10.02.2-141x300.jpg 141w, http:\/\/info.sadowne.pl\/wp-content\/uploads\/2020\/10\/2020.10.02.2-483x1024.jpg 483w\" sizes=\"auto, (max-width: 602px) 100vw, 602px\" \/><\/a><\/p>\n<p><a href=\"http:\/\/info.sadowne.pl\/wp-content\/uploads\/2020\/10\/2020.10.02.3.jpg\"><img loading=\"lazy\" decoding=\"async\" class=\"aligncenter size-full wp-image-23860\" src=\"http:\/\/info.sadowne.pl\/wp-content\/uploads\/2020\/10\/2020.10.02.3.jpg\" alt=\"\" width=\"602\" height=\"1277\" srcset=\"http:\/\/info.sadowne.pl\/wp-content\/uploads\/2020\/10\/2020.10.02.3.jpg 602w, http:\/\/info.sadowne.pl\/wp-content\/uploads\/2020\/10\/2020.10.02.3-141x300.jpg 141w, http:\/\/info.sadowne.pl\/wp-content\/uploads\/2020\/10\/2020.10.02.3-483x1024.jpg 483w\" sizes=\"auto, (max-width: 602px) 100vw, 602px\" \/><\/a><\/p>\n<p><a href=\"http:\/\/info.sadowne.pl\/wp-content\/uploads\/2020\/10\/2020.10.02.4.jpg\"><img loading=\"lazy\" decoding=\"async\" class=\"aligncenter size-full wp-image-23861\" src=\"http:\/\/info.sadowne.pl\/wp-content\/uploads\/2020\/10\/2020.10.02.4.jpg\" alt=\"\" width=\"602\" height=\"1280\" srcset=\"http:\/\/info.sadowne.pl\/wp-content\/uploads\/2020\/10\/2020.10.02.4.jpg 602w, http:\/\/info.sadowne.pl\/wp-content\/uploads\/2020\/10\/2020.10.02.4-141x300.jpg 141w, http:\/\/info.sadowne.pl\/wp-content\/uploads\/2020\/10\/2020.10.02.4-482x1024.jpg 482w\" sizes=\"auto, (max-width: 602px) 100vw, 602px\" \/><\/a><\/p>\n<p><a href=\"http:\/\/info.sadowne.pl\/wp-content\/uploads\/2020\/10\/2020.10.02.5.jpg\"><img loading=\"lazy\" decoding=\"async\" class=\"aligncenter size-full wp-image-23862\" src=\"http:\/\/info.sadowne.pl\/wp-content\/uploads\/2020\/10\/2020.10.02.5.jpg\" alt=\"\" width=\"602\" height=\"1277\" srcset=\"http:\/\/info.sadowne.pl\/wp-content\/uploads\/2020\/10\/2020.10.02.5.jpg 602w, http:\/\/info.sadowne.pl\/wp-content\/uploads\/2020\/10\/2020.10.02.5-141x300.jpg 141w, http:\/\/info.sadowne.pl\/wp-content\/uploads\/2020\/10\/2020.10.02.5-483x1024.jpg 483w\" sizes=\"auto, (max-width: 602px) 100vw, 602px\" \/><\/a><\/p>\n<p><a href=\"http:\/\/info.sadowne.pl\/wp-content\/uploads\/2020\/10\/2020.10.02.6.jpg\"><img loading=\"lazy\" decoding=\"async\" class=\"aligncenter size-full wp-image-23863\" src=\"http:\/\/info.sadowne.pl\/wp-content\/uploads\/2020\/10\/2020.10.02.6.jpg\" alt=\"\" width=\"603\" height=\"1279\" srcset=\"http:\/\/info.sadowne.pl\/wp-content\/uploads\/2020\/10\/2020.10.02.6.jpg 603w, http:\/\/info.sadowne.pl\/wp-content\/uploads\/2020\/10\/2020.10.02.6-141x300.jpg 141w, http:\/\/info.sadowne.pl\/wp-content\/uploads\/2020\/10\/2020.10.02.6-483x1024.jpg 483w\" sizes=\"auto, (max-width: 603px) 100vw, 603px\" \/><\/a><\/p>\n<p><strong>Tekst\/foto:<\/strong>\u00a0S\u0142awek Chyli\u0144ski<\/p>\n","protected":false},"excerpt":{"rendered":"<p>Na terenie gminy Sadowne odbywa\u0142 si\u0119 XX Plener Malarski Artyst\u00f3w Plastyk\u00f3w. Podczas wernisa\u017cu poplenerowego mogli\u015bmy podziwia\u0107 efekty tego Jubileuszowego Pleneru.<\/p>\n","protected":false},"author":1,"featured_media":0,"comment_status":"closed","ping_status":"closed","sticky":false,"template":"","format":"standard","meta":{"footnotes":""},"categories":[5,91,6],"tags":[169,3431,3374],"class_list":["post-23857","post","type-post","status-publish","format-standard","hentry","category-newsy","category-gminny-osrodek-kultury","category-kultura-rozrywka-edukacja","tag-gminny-osrodek-kultury-w-sadownem","tag-wernisaz-xx-pleneru-artystow-plastykow-w-sadownem","tag-xx-plener-malarski-artystow-plastykow-w-sadownem"],"views":2906,"_links":{"self":[{"href":"http:\/\/info.sadowne.pl\/index.php?rest_route=\/wp\/v2\/posts\/23857","targetHints":{"allow":["GET"]}}],"collection":[{"href":"http:\/\/info.sadowne.pl\/index.php?rest_route=\/wp\/v2\/posts"}],"about":[{"href":"http:\/\/info.sadowne.pl\/index.php?rest_route=\/wp\/v2\/types\/post"}],"author":[{"embeddable":true,"href":"http:\/\/info.sadowne.pl\/index.php?rest_route=\/wp\/v2\/users\/1"}],"replies":[{"embeddable":true,"href":"http:\/\/info.sadowne.pl\/index.php?rest_route=%2Fwp%2Fv2%2Fcomments&post=23857"}],"version-history":[{"count":4,"href":"http:\/\/info.sadowne.pl\/index.php?rest_route=\/wp\/v2\/posts\/23857\/revisions"}],"predecessor-version":[{"id":23868,"href":"http:\/\/info.sadowne.pl\/index.php?rest_route=\/wp\/v2\/posts\/23857\/revisions\/23868"}],"wp:attachment":[{"href":"http:\/\/info.sadowne.pl\/index.php?rest_route=%2Fwp%2Fv2%2Fmedia&parent=23857"}],"wp:term":[{"taxonomy":"category","embeddable":true,"href":"http:\/\/info.sadowne.pl\/index.php?rest_route=%2Fwp%2Fv2%2Fcategories&post=23857"},{"taxonomy":"post_tag","embeddable":true,"href":"http:\/\/info.sadowne.pl\/index.php?rest_route=%2Fwp%2Fv2%2Ftags&post=23857"}],"curies":[{"name":"wp","href":"https:\/\/api.w.org\/{rel}","templated":true}]}}