{"id":23878,"date":"2020-10-04T16:01:12","date_gmt":"2020-10-04T14:01:12","guid":{"rendered":"http:\/\/info.sadowne.pl\/?p=23878"},"modified":"2020-10-04T16:01:12","modified_gmt":"2020-10-04T14:01:12","slug":"czytaja-w-orzelku-oczywiscie-glosno","status":"publish","type":"post","link":"http:\/\/info.sadowne.pl\/?p=23878","title":{"rendered":"Czytaj\u0105 w Orze\u0142ku\u2026 oczywi\u015bcie g\u0142o\u015bno!"},"content":{"rendered":"<p><strong><a href=\"http:\/\/info.sadowne.pl\/wp-content\/uploads\/2020\/10\/2020.10.04.12.jpg\" target=\"_blank\" rel=\"noopener noreferrer\"><img loading=\"lazy\" decoding=\"async\" class=\"alignleft wp-image-23879 size-thumbnail\" src=\"http:\/\/info.sadowne.pl\/wp-content\/uploads\/2020\/10\/2020.10.04.12-180x130.jpg\" alt=\"\" width=\"180\" height=\"130\" \/><\/a>Obchody Og\u00f3lnopolskiego Dnia G\u0142o\u015bnego Czytania w Bibliotece Szkolnej w Orze\u0142ku.<\/strong><!--more--><\/p>\n<p>W 2020 roku obchody\u00a0<strong>Og\u00f3lnopolskiego Dnia G\u0142o\u015bnego Czytania<\/strong>\u00a0przypad\u0142y we wtorek. Ta po\u017cyteczna inicjatywa odby\u0142a si\u0119 ju\u017c po raz kolejny w naszej bibliotece.<\/p>\n<p><a href=\"http:\/\/info.sadowne.pl\/wp-content\/uploads\/2020\/10\/2020.10.04.11.jpg\" target=\"_blank\" rel=\"noopener noreferrer\"><img loading=\"lazy\" decoding=\"async\" class=\"alignright wp-image-23880 size-medium\" src=\"http:\/\/info.sadowne.pl\/wp-content\/uploads\/2020\/10\/2020.10.04.11-300x230.jpg\" alt=\"\" width=\"300\" height=\"230\" srcset=\"http:\/\/info.sadowne.pl\/wp-content\/uploads\/2020\/10\/2020.10.04.11-300x230.jpg 300w, http:\/\/info.sadowne.pl\/wp-content\/uploads\/2020\/10\/2020.10.04.11.jpg 690w\" sizes=\"auto, (max-width: 300px) 100vw, 300px\" \/><\/a>W tym dniu w szkole go\u015bcili\u015bmy pani\u0105 so\u0142tys wsi Orze\u0142ek &#8211; Daniel\u0119 Ogonowsk\u0105, pana organist\u0119 Artura Lanca, kt\u00f3rych zaprosili\u015bmy do wsp\u00f3lnego czytania. W rol\u0119 czytaj\u0105cych wcielili si\u0119 te\u017c: Pani dyrektor Barbara Kie\u0142ek, nauczyciele, bibliotekarze, starsi koledzy z klasy VIII i m\u0142odsi uczniowie. Dzieci mog\u0142y zobaczy\u0107 w tym dniu jak wygl\u0105da praca w bibliotece, przeczyta\u0107 swoje ulubione ksi\u0105\u017cki i wiersze czy pozna\u0107 nowe propozycje ksi\u0105\u017ckowe. Na koniec obchod\u00f3w Pani dyrektor zaproponowa\u0142a, by wszyscy uczniowie przeczytali swoj\u0105 ulubion\u0105 ksi\u0105\u017ck\u0119 w domu ze swoimi rodzicami, dziadkami lub rodze\u0144stwem i przes\u0142ali nam swoje zdj\u0119cia.<\/p>\n<p>Ksi\u0105\u017cka to jedno z najlepszych \u017ar\u00f3de\u0142 wiedzy dla dzieci, do tego rozwijaj\u0105 wyobra\u017ani\u0119, pami\u0119\u0107, poszerzaj\u0105 s\u0142ownictwo i znajomo\u015b\u0107 gramatyki i ortografii oraz przede wszystkim pozwalaj\u0105 prze\u017cywa\u0107 wspania\u0142e emocje. G\u0142o\u015bne czytanie, co jest motywem przewodnim \u015bwi\u0119ta, jest z kolei dobr\u0105 okazj\u0105<br \/>\ndo budowania wi\u0119zi i wsp\u00f3lnego sp\u0119dzania czasu uczni\u00f3w z rodzicami, dziadkami, rodze\u0144stwem i kolegami.<\/p>\n<p>To \u015bwi\u0119to warto wi\u0119c obchodzi\u0107 codziennie, przynajmniej przez 30 minut, a b\u0119dzie to du\u017cy sukces.<\/p>\n<p><strong><em>Iwona Nowska<\/em><\/strong><\/p>\n<p><strong>Wi\u0119cej na stronie <span style=\"color: #0000ff;\"><a style=\"color: #0000ff;\" href=\"http:\/\/www.sporzelek.szkolnastrona.pl\/index.php?c=article&amp;id=379\" target=\"_blank\" rel=\"noopener noreferrer\">http:\/\/www.sporzelek.szkolnastrona.pl\/index.php?c=article&amp;id=379<\/a><\/span><\/strong><\/p>\n","protected":false},"excerpt":{"rendered":"<p>Obchody Og\u00f3lnopolskiego Dnia G\u0142o\u015bnego Czytania w Bibliotece Szkolnej w Orze\u0142ku.<\/p>\n","protected":false},"author":1,"featured_media":0,"comment_status":"closed","ping_status":"closed","sticky":false,"template":"","format":"standard","meta":{"footnotes":""},"categories":[5,1752,43],"tags":[937,3435],"class_list":["post-23878","post","type-post","status-publish","format-standard","hentry","category-newsy","category-edukacja","category-szkola-podstawowa-w-orzelku","tag-niepubliczna-szkola-podstawowa-w-orzelku","tag-ogolnopolski-dzien-glosnego-czytania-w-orzelku"],"views":2274,"_links":{"self":[{"href":"http:\/\/info.sadowne.pl\/index.php?rest_route=\/wp\/v2\/posts\/23878","targetHints":{"allow":["GET"]}}],"collection":[{"href":"http:\/\/info.sadowne.pl\/index.php?rest_route=\/wp\/v2\/posts"}],"about":[{"href":"http:\/\/info.sadowne.pl\/index.php?rest_route=\/wp\/v2\/types\/post"}],"author":[{"embeddable":true,"href":"http:\/\/info.sadowne.pl\/index.php?rest_route=\/wp\/v2\/users\/1"}],"replies":[{"embeddable":true,"href":"http:\/\/info.sadowne.pl\/index.php?rest_route=%2Fwp%2Fv2%2Fcomments&post=23878"}],"version-history":[{"count":1,"href":"http:\/\/info.sadowne.pl\/index.php?rest_route=\/wp\/v2\/posts\/23878\/revisions"}],"predecessor-version":[{"id":23881,"href":"http:\/\/info.sadowne.pl\/index.php?rest_route=\/wp\/v2\/posts\/23878\/revisions\/23881"}],"wp:attachment":[{"href":"http:\/\/info.sadowne.pl\/index.php?rest_route=%2Fwp%2Fv2%2Fmedia&parent=23878"}],"wp:term":[{"taxonomy":"category","embeddable":true,"href":"http:\/\/info.sadowne.pl\/index.php?rest_route=%2Fwp%2Fv2%2Fcategories&post=23878"},{"taxonomy":"post_tag","embeddable":true,"href":"http:\/\/info.sadowne.pl\/index.php?rest_route=%2Fwp%2Fv2%2Ftags&post=23878"}],"curies":[{"name":"wp","href":"https:\/\/api.w.org\/{rel}","templated":true}]}}