{"id":23913,"date":"2020-10-12T15:56:38","date_gmt":"2020-10-12T13:56:38","guid":{"rendered":"http:\/\/info.sadowne.pl\/?p=23913"},"modified":"2020-10-12T15:56:38","modified_gmt":"2020-10-12T13:56:38","slug":"kronika-policyjna-05-10-10-2020","status":"publish","type":"post","link":"http:\/\/info.sadowne.pl\/?p=23913","title":{"rendered":"Kronika policyjna 05-10.10.2020"},"content":{"rendered":"<p><strong><a href=\"http:\/\/info.sadowne.pl\/wp-content\/uploads\/2019\/08\/komisariat16.jpg\"><img loading=\"lazy\" decoding=\"async\" class=\"alignleft size-thumbnail wp-image-20958\" src=\"http:\/\/info.sadowne.pl\/wp-content\/uploads\/2019\/08\/komisariat16-180x130.jpg\" alt=\"\" width=\"180\" height=\"130\" \/><\/a>W ostatnich dniach na terenie powiatu w\u0119growskiego dosz\u0142o do zdarze\u0144 drogowych. Policjanci apeluj\u0105 o ostro\u017cno\u015b\u0107 i rozwag\u0119 na drodze.<\/strong><!--more--><\/p>\n<p>05 pa\u017adziernika w m. W\u0119gr\u00f3w mieszkanka pow. w\u0119growskiego, kieruj\u0105c pojazdem marki Audi nie ust\u0105pi\u0142a pierwsze\u0144stwa przejazdu prawid\u0142owo jad\u0105cemu pojazdowi marki VW doprowadzaj\u0105c do zderzenia. Nikt nie dozna\u0142 obra\u017ce\u0144.<\/p>\n<p>W dniach 06 i 07 pa\u017adziernika dosz\u0142o do 4 zdarze\u0144 drogowych z udzia\u0142em dzikich zwierz\u0105t w m. Ruchna, \u015anice, Morzyczyn W\u0142o\u015bcia\u0144ski oraz Liw.<\/p>\n<p>09 pa\u017adziernika w m. W\u0119gr\u00f3w mieszkaniec pow. w\u0119growskiego, kieruj\u0105c pojazdem marki VW w\u0142\u0105czaj\u0105c si\u0119 do ruchu uderzy\u0142 w prawid\u0142owo jad\u0105c\u0105 Mazd\u0119, kt\u00f3ra nast\u0119pnie zjecha\u0142a na przeciwleg\u0142y pas ruchu u uderzy\u0142a w nadje\u017cd\u017caj\u0105cy z naprzeciwka pojazd Mitsubishi. Kieruj\u0105ca Mazd\u0105 dozna\u0142a obra\u017ce\u0144 cia\u0142a.<\/p>\n<p>10 pa\u017adziernika w m. W\u0119gr\u00f3w mieszkanka pow. w\u0119growskiego, kieruj\u0105c pojazdem marki Honda wykonuj\u0105c manewr cofania uderzy\u0142a w zaparkowany pojazd marki Audi. Nikt nie dozna\u0142 obra\u017ce\u0144.<\/p>\n<p>Policjanci apeluj\u0105 o ostro\u017cno\u015b\u0107 i zwi\u0119kszon\u0105 uwag\u0119 na drogach<\/p>\n<p><strong>m\u0142. asp. Monika Ksi\u0119\u017copolska<\/strong><\/p>\n","protected":false},"excerpt":{"rendered":"<p>W ostatnich dniach na terenie powiatu w\u0119growskiego dosz\u0142o do zdarze\u0144 drogowych. Policjanci apeluj\u0105 o ostro\u017cno\u015b\u0107 i rozwag\u0119 na drodze.<\/p>\n","protected":false},"author":1,"featured_media":0,"comment_status":"closed","ping_status":"closed","sticky":false,"template":"","format":"standard","meta":{"footnotes":""},"categories":[5,266,4],"tags":[261,3174],"class_list":["post-23913","post","type-post","status-publish","format-standard","hentry","category-newsy","category-policja-policja-straz-pozarna-pogotowie-ratunkowe","category-policja-straz-pozarna-pogotowie-ratunkowe","tag-komenda-powiatowa-policji-w-wegrowie","tag-kronika-policyjna"],"views":2770,"_links":{"self":[{"href":"http:\/\/info.sadowne.pl\/index.php?rest_route=\/wp\/v2\/posts\/23913","targetHints":{"allow":["GET"]}}],"collection":[{"href":"http:\/\/info.sadowne.pl\/index.php?rest_route=\/wp\/v2\/posts"}],"about":[{"href":"http:\/\/info.sadowne.pl\/index.php?rest_route=\/wp\/v2\/types\/post"}],"author":[{"embeddable":true,"href":"http:\/\/info.sadowne.pl\/index.php?rest_route=\/wp\/v2\/users\/1"}],"replies":[{"embeddable":true,"href":"http:\/\/info.sadowne.pl\/index.php?rest_route=%2Fwp%2Fv2%2Fcomments&post=23913"}],"version-history":[{"count":1,"href":"http:\/\/info.sadowne.pl\/index.php?rest_route=\/wp\/v2\/posts\/23913\/revisions"}],"predecessor-version":[{"id":23914,"href":"http:\/\/info.sadowne.pl\/index.php?rest_route=\/wp\/v2\/posts\/23913\/revisions\/23914"}],"wp:attachment":[{"href":"http:\/\/info.sadowne.pl\/index.php?rest_route=%2Fwp%2Fv2%2Fmedia&parent=23913"}],"wp:term":[{"taxonomy":"category","embeddable":true,"href":"http:\/\/info.sadowne.pl\/index.php?rest_route=%2Fwp%2Fv2%2Fcategories&post=23913"},{"taxonomy":"post_tag","embeddable":true,"href":"http:\/\/info.sadowne.pl\/index.php?rest_route=%2Fwp%2Fv2%2Ftags&post=23913"}],"curies":[{"name":"wp","href":"https:\/\/api.w.org\/{rel}","templated":true}]}}