{"id":23981,"date":"2020-11-08T12:31:02","date_gmt":"2020-11-08T11:31:02","guid":{"rendered":"http:\/\/info.sadowne.pl\/?p=23981"},"modified":"2020-11-08T12:31:02","modified_gmt":"2020-11-08T11:31:02","slug":"prawie-100-miesiecy","status":"publish","type":"post","link":"http:\/\/info.sadowne.pl\/?p=23981","title":{"rendered":"Prawie 100 miesi\u0119cy\u2026"},"content":{"rendered":"<p><strong><a href=\"http:\/\/info.sadowne.pl\/wp-content\/uploads\/2020\/11\/2020.11.08.4.jpg\" target=\"_blank\" rel=\"noopener noreferrer\"><img loading=\"lazy\" decoding=\"async\" class=\"alignleft wp-image-23982 size-thumbnail\" src=\"http:\/\/info.sadowne.pl\/wp-content\/uploads\/2020\/11\/2020.11.08.4-180x130.jpg\" alt=\"\" width=\"180\" height=\"130\" \/><\/a>Kolejny rok, kolejna rocznica. W tych dniach mija \u00f3sma rocznica utworzenia Portalu Info Sadowne. Dzi\u0119kuj\u0119<\/strong><strong> Pa\u0144stwu za wsp\u00f3lne lata!<\/strong><!--more--><\/p>\n<p><strong>Portal Info Sadowne powsta\u0142 na prze\u0142omie pa\u017adziernika i listopada 2012 roku. <\/strong>Oczywi\u015bcie powsta\u0142 on w celu gromadzenia i przekazywania informacji o gminie Sadowne, zaistnia\u0142ych na tym terenie bie\u017c\u0105cych wydarze\u0144, a tak\u017ce w celu promocji Gminy.<\/p>\n<p><strong>Jak zawsze podkre\u015blam, Portal j<\/strong><strong>est apolityczny i niekomercyjny<\/strong>, a tak\u017ce nie jest zwi\u0105zany z jak\u0105kolwiek instytucj\u0105. W opisie Gminy ukazuje jej walory i zach\u0119ca czytaj\u0105cych do odwiedzin tego terenu. Mieszka\u0144cy gminy nieodp\u0142atnie mog\u0105 uczestniczy\u0107 w tworzeniu zawarto\u015bci Portalu, a tak\u017ce \u2013 r\u00f3wnie\u017c nieodp\u0142atnie \u2013 reklamowa\u0107 prowadzon\u0105 tu dzia\u0142alno\u015b\u0107 gospodarcz\u0105 lub umieszcza\u0107 drobne og\u0142oszenia. I niekt\u00f3rzy z Pa\u0144stwa korzystaj\u0105 z tego przywileju \u2013 Brawo!!!<\/p>\n<p><strong>A g\u0142\u00f3wny cel?<\/strong> Portal od pocz\u0105tku swojego istnienia stara si\u0119 po\u0142\u0105czy\u0107 i zach\u0119ci\u0107 do wsp\u00f3lnego dzia\u0142ania na rzecz Gminy wszystkie instytucje i osoby, kt\u00f3rym \u201ele\u017cy na sercu\u201d dobro Regionu Sadowie\u0144skiego.<\/p>\n<p><strong><a href=\"http:\/\/info.sadowne.pl\/wp-content\/uploads\/2020\/11\/2020.11.08.1.jpg\" target=\"_blank\" rel=\"noopener noreferrer\"><img loading=\"lazy\" decoding=\"async\" class=\"alignright wp-image-23983 size-medium\" src=\"http:\/\/info.sadowne.pl\/wp-content\/uploads\/2020\/11\/2020.11.08.1-300x187.jpg\" alt=\"\" width=\"300\" height=\"187\" srcset=\"http:\/\/info.sadowne.pl\/wp-content\/uploads\/2020\/11\/2020.11.08.1-300x187.jpg 300w, http:\/\/info.sadowne.pl\/wp-content\/uploads\/2020\/11\/2020.11.08.1-768x478.jpg 768w, http:\/\/info.sadowne.pl\/wp-content\/uploads\/2020\/11\/2020.11.08.1.jpg 800w\" sizes=\"auto, (max-width: 300px) 100vw, 300px\" \/><\/a>Dotychczas na Portalu ukaza\u0142o si\u0119 prawie 24 tysi\u0105ce artyku\u0142\u00f3w i informacj<\/strong><strong>i<\/strong>, kt\u00f3re tworzone s\u0105 przewa\u017cnie przez administratora i redaktora naczelnego w jednej osobie, ale te\u017c \u2013 coraz ch\u0119tniej \u2013 przez grup\u0119 redaktor\u00f3w spo\u0142eczno\u015bciowych. I tu dzi\u0119kuj\u0119 im i zach\u0119cam inne osoby do wsp\u00f3\u0142pracy\u2026<\/p>\n<p><strong>Tre\u015b\u0107 umieszczana jest w 10 g\u0142\u00f3wnych kategoriach:<\/strong><\/p>\n<p><strong>\u2013 kultura, rozrywka<\/strong>\u00a0<strong>\u2013\u00a0<\/strong>wydarzenia o charakterze lokalnym promuj\u0105ce kultur\u0119 i sztuk\u0119, g\u0142\u00f3wnie organizowane dzi\u0119ki i przy pomocy Gminnego O\u015brodka Kultury czy Gminnej Biblioteki Publicznej, ale te\u017c promowanie lokalnych tw\u00f3rc\u00f3w i artyst\u00f3w ludowych,<\/p>\n<p><strong>\u2013 edukacja \u2013<\/strong>\u00a0wydarzenia i dzia\u0142alno\u015b\u0107 gminnych o\u015brodk\u00f3w o\u015bwiatowych, publicznych i niepublicznych szk\u00f3\u0142 oraz przedszkoli. Dzia\u0142 zawiera r\u00f3wnie\u017c elementy profilaktyki \u2013 cykl artyku\u0142\u00f3w, kt\u00f3re s\u0105 skierowane zw\u0142aszcza do m\u0142odzie\u017cy i rodzic\u00f3w, a tak\u017ce ukazuje i zach\u0119ca do dzia\u0142alno\u015bci wolontariatu,<\/p>\n<p><strong>\u2013 sport, rekreacja \u2013<\/strong>\u00a0wydarzenia sportowe, promocja rekreacji poprzez wykorzystanie walor\u00f3w naturalnych \u2013 Gmina w ca\u0142o\u015bci le\u017cy w Nadbu\u017ca\u0144skim Parku Krajobrazowym. Dzia\u0142 promuje lokalne kluby i grupy sportowe, a tak\u017ce eksponuje osi\u0105gni\u0119cia zamieszka\u0142ych na tym terenie sportowc\u00f3w,<\/p>\n<p><strong>\u2013 wie\u015bci gminne \u2013<\/strong>\u00a0ukazuje i informuje o wa\u017cnych wydarzeniach natury urz\u0119dowej, a tak\u017ce podaje do wiadomo\u015bci wa\u017cne dla spo\u0142eczno\u015bci zmiany i akty prawne. Z inicjatywy Redakcji zainicjowano cykl artyku\u0142\u00f3w pn. \u201e5 minut o\u2026\u201d z wypowiedziami W\u00f3jta Gminy na tematy nurtuj\u0105ce lokaln\u0105 spo\u0142eczno\u015b\u0107 (ostatnio troch\u0119 \u201ekuleje\u201d),<\/p>\n<p><strong>\u2013 ciekawe \u2013<\/strong>\u00a0inne informacje o wydarzeniach nie mieszcz\u0105cych si\u0119 w kategoriach, ale te\u017c o zasi\u0119gu poza lokalnym, kt\u00f3re mog\u0105 zainteresowa\u0107 naszych mieszka\u0144c\u00f3w,<\/p>\n<p><strong>\u2013 czy wiesz \u2013<\/strong>\u00a0informacje i zalecenia zdrowotne, a tak\u017ce porady, szczeg\u00f3lnie dla m\u0142odzie\u017cy i rodzic\u00f3w, ze wskazaniem zagro\u017ce\u0144 patologiami i demoralizacj\u0105,<\/p>\n<p><strong>\u2013 s\u0142u\u017cby \u2013<\/strong>\u00a0kategoria przeznaczona na wydarzenia z terenu Gminy o charakterze kryminalnym lub dot. zagro\u017ce\u0144 po\u017carowych. Ukazuj\u0105 si\u0119 tu r\u00f3wnie\u017c informacje o prowadzonych akcjach i profilaktyce, kt\u00f3re aktualizuj\u0105: Komenda Powiatowa Policji w W\u0119growie i Komenda Powiatowa Pa\u0144stwowej Stra\u017cy Po\u017carnej w W\u0119growie. Informacje zawieraj\u0105 r\u00f3wnie\u017c promocj\u0119 pr\u0119\u017cnie dzia\u0142aj\u0105cych na tym terenie Jednostek Ochotniczej Stra\u017cy Po\u017carnej,<\/p>\n<p><strong>\u2013 z historii \u2013<\/strong>\u00a0przypomnienie i ukazanie dziej\u00f3w regionu, ciekawostek historycznych, publikowanie pozycji historycznych o Gminie, kt\u00f3rych autorami s\u0105 tutejsi mieszka\u0144cy, ale nie tylko,<\/p>\n<p><strong>\u2013 dom, ogr\u00f3d \u2013<\/strong>\u00a0ciekawe przepisy kulinarne zas\u0142yszane od lokalnej spo\u0142eczno\u015bci, przes\u0142ane przez naszych mieszka\u0144c\u00f3w, ale te\u017c opracowane i sprawdzone przez nasze Technikum \u017bywienia i Us\u0142ug Gastronomicznych oraz \u2013 porady ogrodnicze dla dzia\u0142kowc\u00f3w, mieszka\u0144c\u00f3w, rozpoczynaj\u0105cych przygod\u0119 z ogrodem, dostosowane do warunk\u00f3w terenu Gminy,<\/p>\n<p><strong>\u2013 og\u0142oszenia \u2013<\/strong>\u00a0drobne og\u0142oszenia os\u00f3b fizycznych i prawnych zamieszkuj\u0105cych na tym terenie lub prowadz\u0105cych tu swoj\u0105 dzia\u0142alno\u015b\u0107 gospodarcz\u0105, a tak\u017ce\u2026 z kt\u00f3rych mog\u0105 skorzysta\u0107 nasi mieszka\u0144cy,<\/p>\n<p><strong>Portal \u2013 z za\u0142o\u017cenia \u2013 skierowany do gminnej spo\u0142eczno\u015bci, zainteresowa\u0142 te\u017c osoby, kt\u00f3re pochodz\u0105 z tego terenu, a osiad\u0142y w r\u00f3\u017cnych miejscowo\u015bciach naszego kraju lub poza jego granicami.<\/strong>\u00a0Od pocz\u0105tku jego funkcjonowania zarejestrowa\u0142 prawie 3 miliony wy\u015bwietle\u0144, przy niemal milionie odwiedzin.<\/p>\n<p>Ka\u017cdego dnia rejestruje si\u0119 setki otwar\u0107 artyku\u0142\u00f3w na stronie przez czytelnik\u00f3w mieszkaj\u0105cych na wszystkich kontynentach. Jak dotychczas system zarejestrowa\u0142\u00a0<strong>110 kraj\u00f3w ze wszystkich kontynent\u00f3w<\/strong>\u00a0\u2013 pierwsza dziesi\u0105tka to oczywi\u015bcie Polska, a nast\u0119pnie Stany Zjednoczone, nieustalona lokalizacja w Europie, Niemcy, Wielka Brytania, Szwecja, Kanada, Afryka Po\u0142udniowa, Norwegia i Francja. W\u015br\u00f3d odwiedzaj\u0105cych mo\u017cna te\u017c dostrzec mieszka\u0144c\u00f3w takich kraj\u00f3w, jak: Singapur, Chiny, Izrael, Indie, Meksyk, a nawet Benin, Namibia, Filipiny, Iran czy te\u017c Urugwaj\u00a0<strong>(<\/strong><span style=\"color: #0000ff;\"><strong><a style=\"color: #0000ff;\" href=\"https:\/\/www.revolvermaps.com\/livestats\/locations\/60tz2t3rl8m\/\" target=\"_blank\" rel=\"noopener noreferrer\">zobacz<\/a><\/strong><\/span><strong>)<\/strong>.<\/p>\n<p><a href=\"http:\/\/info.sadowne.pl\/wp-content\/uploads\/2020\/11\/2020.11.08.2.jpg\"><img loading=\"lazy\" decoding=\"async\" class=\"aligncenter size-full wp-image-23984\" src=\"http:\/\/info.sadowne.pl\/wp-content\/uploads\/2020\/11\/2020.11.08.2.jpg\" alt=\"\" width=\"608\" height=\"351\" srcset=\"http:\/\/info.sadowne.pl\/wp-content\/uploads\/2020\/11\/2020.11.08.2.jpg 608w, http:\/\/info.sadowne.pl\/wp-content\/uploads\/2020\/11\/2020.11.08.2-300x173.jpg 300w\" sizes=\"auto, (max-width: 608px) 100vw, 608px\" \/><\/a><\/p>\n<p><strong>W tym miejscu pozdrawiamy Naszych Rodak\u00f3w oraz czytelnik\u00f3w spoza granic kraju, kt\u00f3rzy dzielnie nas wspieraj\u0105 i ka\u017cdego dnia swoj\u0105 obecno\u015bci\u0105 na Portalu potwierdzaj\u0105 zasadno\u015b\u0107 jego prowadzenia!!!<\/strong><\/p>\n<p><strong><a href=\"http:\/\/info.sadowne.pl\/wp-content\/uploads\/2020\/11\/2020.11.08.3.jpg\" target=\"_blank\" rel=\"noopener noreferrer\"><img loading=\"lazy\" decoding=\"async\" class=\"alignleft wp-image-23985 size-medium\" src=\"http:\/\/info.sadowne.pl\/wp-content\/uploads\/2020\/11\/2020.11.08.3-300x167.jpg\" alt=\"\" width=\"300\" height=\"167\" srcset=\"http:\/\/info.sadowne.pl\/wp-content\/uploads\/2020\/11\/2020.11.08.3-300x167.jpg 300w, http:\/\/info.sadowne.pl\/wp-content\/uploads\/2020\/11\/2020.11.08.3.jpg 606w\" sizes=\"auto, (max-width: 300px) 100vw, 300px\" \/><\/a>Portal wspierany jest przez stron\u0119 na Facebooku<\/strong>, gdzie umieszczane s\u0105 fragmenty nowych artyku\u0142\u00f3w. Spo\u0142eczno\u015b\u0107 \u201elubi\u0105ca\u201d stron\u0119 wci\u0105\u017c szybko si\u0119 powi\u0119ksza \u2013 obecnie ju\u017c ponad 3 600 internaut\u00f3w polubi\u0142o nasz Facebook\u00a0<strong>(<\/strong><span style=\"color: #0000ff;\"><strong><a style=\"color: #0000ff;\" href=\"https:\/\/www.facebook.com\/infosadowne\" target=\"_blank\" rel=\"noopener noreferrer\">zobacz<\/a><\/strong><\/span><strong>)<\/strong>.<\/p>\n<p><strong>Portal Info Sadowne nadal rozwija si\u0119 i jest otwarty na propozycje mieszka\u0144c\u00f3w Gminy, a tak\u017ce zach\u0119ca ich do jego wsp\u00f3\u0142tworzenia.\u00a0<\/strong>Mieszka\u0144cy maj\u0105 mo\u017cliwo\u015b\u0107 wsp\u00f3\u0142uczestniczenia w redagowaniu zawarto\u015bci Portalu i korzystaj\u0105 z tego, przesy\u0142aj\u0105c swoje artyku\u0142y na adres Redakcji podany w zak\u0142adce \u201eKontakt \u2013 wy\u015blij artyku\u0142\u201d, ale najch\u0119tniej czytaj\u0105 artyku\u0142y i ogl\u0105daj\u0105 zdj\u0119cia z wydarze\u0144, w kt\u00f3re zaopatruje si\u0119 prawie wszystkie wpisy.<\/p>\n<p><strong>Dzi\u0119ki zewn\u0119trznemu serwerowi Google, w galerii (opr\u00f3cz pojedynczych zdj\u0119\u0107 na stronach Portalu) znajduje si\u0119 obecnie kilkana\u015bcie tysi\u0119cy zdj\u0119\u0107 w katalogach<\/strong>\u00a0(dost\u0119pne przy konkretnych artyku\u0142ach).\u00a0Artyku\u0142y wspierane s\u0105 r\u00f3wnie\u017c kr\u00f3tkimi filmami, tworzonymi przewa\u017cnie przez Redakcj\u0119, a \u201efilmoteka\u201d zawiera 93 pozycje\u00a0<strong>(<\/strong><span style=\"color: #0000ff;\"><strong><a style=\"color: #0000ff;\" href=\"https:\/\/www.youtube.com\/watch?list=PL-FPZINhJ-Dsx4P8PsYM-BlsN_Bv32Cjl&amp;v=V77sV08ZRwk\" target=\"_blank\" rel=\"noopener noreferrer\">zobacz<\/a><\/strong><\/span><strong>)<\/strong>.<\/p>\n<p><strong>Staramy si\u0119, aby Portal cieszy\u0142 si\u0119 zaufaniem. <\/strong>W tym celu przekazujemy czytelnikom w miar\u0119 szybko wiarygodne i rzetelne informacje.<\/p>\n<p><strong>8 lat \u2013 to niewiele, ale z drugiej strony\u2026 prawie 100 historycznych miesi\u0119cy. Korzystaj\u0105c z okazji, dzi\u0119kuj\u0119 Pa\u0144stwu za zaufanie i wsparcie, kt\u00f3re przek\u0142ada si\u0119 ka\u017cdego dnia na liczb\u0119 czytelnik\u00f3w Portalu i os\u00f3b \u201elubi\u0105cych\u201d facebookowe artyku\u0142y.<\/strong><\/p>\n<p><strong>Pozdrawiam \u2013 S\u0142awomir Chyli\u0144ski (administrator Portalu)<\/strong><\/p>\n","protected":false},"excerpt":{"rendered":"<p>Kolejny rok, kolejna rocznica. W tych dniach mija \u00f3sma rocznica utworzenia Portalu Info Sadowne. Dzi\u0119kuj\u0119 Pa\u0144stwu za wsp\u00f3lne lata!<\/p>\n","protected":false},"author":1,"featured_media":0,"comment_status":"closed","ping_status":"closed","sticky":false,"template":"","format":"standard","meta":{"footnotes":""},"categories":[5,1],"tags":[3452,324],"class_list":["post-23981","post","type-post","status-publish","format-standard","hentry","category-newsy","category-inne","tag-8-lat-portalu-info-sadowne","tag-info-sadowne"],"views":2230,"_links":{"self":[{"href":"http:\/\/info.sadowne.pl\/index.php?rest_route=\/wp\/v2\/posts\/23981","targetHints":{"allow":["GET"]}}],"collection":[{"href":"http:\/\/info.sadowne.pl\/index.php?rest_route=\/wp\/v2\/posts"}],"about":[{"href":"http:\/\/info.sadowne.pl\/index.php?rest_route=\/wp\/v2\/types\/post"}],"author":[{"embeddable":true,"href":"http:\/\/info.sadowne.pl\/index.php?rest_route=\/wp\/v2\/users\/1"}],"replies":[{"embeddable":true,"href":"http:\/\/info.sadowne.pl\/index.php?rest_route=%2Fwp%2Fv2%2Fcomments&post=23981"}],"version-history":[{"count":1,"href":"http:\/\/info.sadowne.pl\/index.php?rest_route=\/wp\/v2\/posts\/23981\/revisions"}],"predecessor-version":[{"id":23986,"href":"http:\/\/info.sadowne.pl\/index.php?rest_route=\/wp\/v2\/posts\/23981\/revisions\/23986"}],"wp:attachment":[{"href":"http:\/\/info.sadowne.pl\/index.php?rest_route=%2Fwp%2Fv2%2Fmedia&parent=23981"}],"wp:term":[{"taxonomy":"category","embeddable":true,"href":"http:\/\/info.sadowne.pl\/index.php?rest_route=%2Fwp%2Fv2%2Fcategories&post=23981"},{"taxonomy":"post_tag","embeddable":true,"href":"http:\/\/info.sadowne.pl\/index.php?rest_route=%2Fwp%2Fv2%2Ftags&post=23981"}],"curies":[{"name":"wp","href":"https:\/\/api.w.org\/{rel}","templated":true}]}}