{"id":23987,"date":"2020-11-09T15:31:52","date_gmt":"2020-11-09T14:31:52","guid":{"rendered":"http:\/\/info.sadowne.pl\/?p=23987"},"modified":"2020-11-09T15:31:52","modified_gmt":"2020-11-09T14:31:52","slug":"lgd-badzmy-razem-prezentuje","status":"publish","type":"post","link":"http:\/\/info.sadowne.pl\/?p=23987","title":{"rendered":"LGD \u201eB\u0105d\u017amy razem\u201d prezentuje\u2026"},"content":{"rendered":"<p><strong><a href=\"http:\/\/info.sadowne.pl\/wp-content\/uploads\/2020\/11\/2020.11.09.1.jpg\"><img loading=\"lazy\" decoding=\"async\" class=\"alignleft size-thumbnail wp-image-23988\" src=\"http:\/\/info.sadowne.pl\/wp-content\/uploads\/2020\/11\/2020.11.09.1-180x130.jpg\" alt=\"\" width=\"180\" height=\"130\" \/><\/a>Na oficjalnej stronie Lokalnej Grupy dzia\u0142ania \u201eB\u0105d\u017amy razem\u201d ukaza\u0142y si\u0119 dwie prezentacje naszego terenu. Polecamy! Oto wpis:<\/strong><!--more--><\/p>\n<p><em>Przedstawiamy Pa\u0144stwu \u00a0dwie prezentacje zrealizowane przez Fundacj\u0119 PI\u0118KNO NASZEJ POLSKI, kt\u00f3ra w ramach dzia\u0142ania 19.2 \u201eWsparcie na wdra\u017canie operacji w ramach strategii rozwoju lokalnego kierowanego przez spo\u0142eczno\u015b\u0107\u201d PROW 2014-2020 otrzyma\u0142a dotacj\u0119 ze Stowarzyszenia \u2013 Lokalna Grupa Dzia\u0142ania \u201eB\u0105d\u017amy Razem\u201d z przedsi\u0119wzi\u0119cia Popularyzacja obszaru LGD \u201eB\u0105d\u017amy Razem\u201d.<\/em><\/p>\n<p><em>PREZENTACJE<\/em><\/p>\n<p><a href=\"http:\/\/info.sadowne.pl\/wp-content\/uploads\/2020\/11\/2020.11.09.1.jpg\"><img loading=\"lazy\" decoding=\"async\" class=\"aligncenter size-full wp-image-23988\" src=\"http:\/\/info.sadowne.pl\/wp-content\/uploads\/2020\/11\/2020.11.09.1.jpg\" alt=\"\" width=\"609\" height=\"291\" srcset=\"http:\/\/info.sadowne.pl\/wp-content\/uploads\/2020\/11\/2020.11.09.1.jpg 609w, http:\/\/info.sadowne.pl\/wp-content\/uploads\/2020\/11\/2020.11.09.1-300x143.jpg 300w\" sizes=\"auto, (max-width: 609px) 100vw, 609px\" \/><\/a><\/p>\n<p><em>Projekt \u2013 Aplikacja Mobilna Skarby Powiatu W\u0119growskiego<\/em><\/p>\n<p><span style=\"color: #0000ff;\"><strong><em><a style=\"color: #0000ff;\" href=\"http:\/\/skarby.powiatu.wegrowskiego.przewodnikvr.pl\/spacer.html\" target=\"_blank\" rel=\"noopener noreferrer\">skarby.powiatu.wegrowskiego.przewodnikvr.pl\/spacer.html<\/a><\/em><\/strong><\/span><\/p>\n<p><em>Projekt \u2013 Interaktywna Mapa Turystyczna \u201eB\u0105d\u017amy Razem\u201d<\/em><\/p>\n<p><span style=\"color: #0000ff;\"><strong><em><a style=\"color: #0000ff;\" href=\"http:\/\/badzmy.razem.przewodnikvr.pl\/\" target=\"_blank\" rel=\"noopener noreferrer\">badzmy.razem.przewodnikvr.pl<\/a><\/em><\/strong><\/span><\/p>\n<p><strong>\u0179r\u00f3d\u0142o:<\/strong> <a href=\"http:\/\/www.lgdbadzmyrazem.pl\/\" target=\"_blank\" rel=\"noopener noreferrer\">http:\/\/www.lgdbadzmyrazem.pl\/<\/a><\/p>\n","protected":false},"excerpt":{"rendered":"<p>Na oficjalnej stronie Lokalnej Grupy dzia\u0142ania \u201eB\u0105d\u017amy razem\u201d ukaza\u0142y si\u0119 dwie prezentacje naszego terenu. Polecamy! Oto wpis:<\/p>\n","protected":false},"author":1,"featured_media":0,"comment_status":"closed","ping_status":"closed","sticky":false,"template":"","format":"standard","meta":{"footnotes":""},"categories":[5,1],"tags":[3453,1578],"class_list":["post-23987","post","type-post","status-publish","format-standard","hentry","category-newsy","category-inne","tag-fundacja-piekno-naszej-polski","tag-lokalna-grupa-dzialania-badzmy-razem"],"views":2746,"_links":{"self":[{"href":"http:\/\/info.sadowne.pl\/index.php?rest_route=\/wp\/v2\/posts\/23987","targetHints":{"allow":["GET"]}}],"collection":[{"href":"http:\/\/info.sadowne.pl\/index.php?rest_route=\/wp\/v2\/posts"}],"about":[{"href":"http:\/\/info.sadowne.pl\/index.php?rest_route=\/wp\/v2\/types\/post"}],"author":[{"embeddable":true,"href":"http:\/\/info.sadowne.pl\/index.php?rest_route=\/wp\/v2\/users\/1"}],"replies":[{"embeddable":true,"href":"http:\/\/info.sadowne.pl\/index.php?rest_route=%2Fwp%2Fv2%2Fcomments&post=23987"}],"version-history":[{"count":1,"href":"http:\/\/info.sadowne.pl\/index.php?rest_route=\/wp\/v2\/posts\/23987\/revisions"}],"predecessor-version":[{"id":23989,"href":"http:\/\/info.sadowne.pl\/index.php?rest_route=\/wp\/v2\/posts\/23987\/revisions\/23989"}],"wp:attachment":[{"href":"http:\/\/info.sadowne.pl\/index.php?rest_route=%2Fwp%2Fv2%2Fmedia&parent=23987"}],"wp:term":[{"taxonomy":"category","embeddable":true,"href":"http:\/\/info.sadowne.pl\/index.php?rest_route=%2Fwp%2Fv2%2Fcategories&post=23987"},{"taxonomy":"post_tag","embeddable":true,"href":"http:\/\/info.sadowne.pl\/index.php?rest_route=%2Fwp%2Fv2%2Ftags&post=23987"}],"curies":[{"name":"wp","href":"https:\/\/api.w.org\/{rel}","templated":true}]}}