{"id":24010,"date":"2020-11-17T13:02:27","date_gmt":"2020-11-17T12:02:27","guid":{"rendered":"http:\/\/info.sadowne.pl\/?p=24010"},"modified":"2020-11-17T13:02:27","modified_gmt":"2020-11-17T12:02:27","slug":"warszawska-syrenka-2020","status":"publish","type":"post","link":"http:\/\/info.sadowne.pl\/?p=24010","title":{"rendered":"Warszawska Syrenka 2020"},"content":{"rendered":"<p><strong><a href=\"http:\/\/info.sadowne.pl\/wp-content\/uploads\/2020\/11\/2020.11.17.1.jpg\"><img loading=\"lazy\" decoding=\"async\" class=\"alignleft size-thumbnail wp-image-24011\" src=\"http:\/\/info.sadowne.pl\/wp-content\/uploads\/2020\/11\/2020.11.17.1-180x130.jpg\" alt=\"\" width=\"180\" height=\"130\" \/><\/a>W zwi\u0105zku z epidemi\u0105 wiosenna edycja Konkursu Recytatorskiego \u201eWarszawskiej Syrenka\u201d zosta\u0142a odwo\u0142ana. Mazowiecki Instytut Kultury, g\u0142\u00f3wny organizator, postanowi\u0142 przeprowadzi\u0107 eliminacje on-line.<\/strong><!--more--><\/p>\n<p><strong><br \/>\n<\/strong>Gminny O\u015brodek Kultury w Sadownem w dniach 12 i 13 listopada przeprowadzi\u0142 eliminacje gminne. Uczestnicy zostali przes\u0142uchani indywidualnie, a ich wyst\u0119py nagrano.<\/p>\n<p>Komisja w sk\u0142adzie: Ewa Pi\u00f3rkowska, Barbara Stanis\u0142awczyk, Natalia K\u0105dziela, wy\u0142oni\u0142a laureat\u00f3w.<br \/>\n<strong>W kategorii klas 0-III<\/strong> nie zg\u0142oszono kandydat\u00f3w.<br \/>\n<strong>W kategorii IV-VI:<\/strong><br \/>\nI miejsce &#8211; Amelia Suska &#8211; NSP w Orze\u0142ku<br \/>\nII miejsce &#8211; Emilia Kania &#8211; NSP w Orze\u0142ku<br \/>\n<strong>W kategorii VII- VIII:<\/strong><br \/>\nI miejsce &#8211; Daniel Pi\u0105tek &#8211; SP w Sadownem<br \/>\nII miejsce &#8211; Kinga Rydzewska &#8211; NSP w Orze\u0142ku<br \/>\nIII miejsce &#8211;\u00a0 Kinga Koro\u015b &#8211; SP w Sadownem<\/p>\n<p>Wymienione osoby zakwalifikowa\u0142y si\u0119 etapu powiatowego. Nagrane recytacje zosta\u0142y przes\u0142ane do MiGOK w \u0141ochowie, gdzie odb\u0119d\u0105 si\u0119 eliminacje powiatowe.<br \/>\nLaureat\u00f3w prosimy o odbi\u00f3r dyplom\u00f3w i nagr\u00f3d w Gminnym O\u015brodku Kultury w Sadownem.<\/p>\n<p><span style=\"color: #0000ff;\"><strong><a style=\"color: #0000ff;\" href=\"https:\/\/photos.app.goo.gl\/yGdo8VdyPywQdS3R7\" target=\"_blank\" rel=\"noopener noreferrer\">Zdj\u0119cia w galerii Google&gt;&gt;&gt;<\/a><\/strong><\/span><\/p>\n<p><strong>Tekst\/foto:<\/strong> GOK Sadowne<\/p>\n","protected":false},"excerpt":{"rendered":"<p>W zwi\u0105zku z epidemi\u0105 wiosenna edycja Konkursu Recytatorskiego \u201eWarszawskiej Syrenka\u201d zosta\u0142a odwo\u0142ana. Mazowiecki Instytut Kultury, g\u0142\u00f3wny organizator, postanowi\u0142 przeprowadzi\u0107 eliminacje on-line.<\/p>\n","protected":false},"author":1,"featured_media":0,"comment_status":"closed","ping_status":"closed","sticky":false,"template":"","format":"standard","meta":{"footnotes":""},"categories":[5,91,6],"tags":[169,3457],"class_list":["post-24010","post","type-post","status-publish","format-standard","hentry","category-newsy","category-gminny-osrodek-kultury","category-kultura-rozrywka-edukacja","tag-gminny-osrodek-kultury-w-sadownem","tag-warszawska-syrenka-2020"],"views":1719,"_links":{"self":[{"href":"http:\/\/info.sadowne.pl\/index.php?rest_route=\/wp\/v2\/posts\/24010","targetHints":{"allow":["GET"]}}],"collection":[{"href":"http:\/\/info.sadowne.pl\/index.php?rest_route=\/wp\/v2\/posts"}],"about":[{"href":"http:\/\/info.sadowne.pl\/index.php?rest_route=\/wp\/v2\/types\/post"}],"author":[{"embeddable":true,"href":"http:\/\/info.sadowne.pl\/index.php?rest_route=\/wp\/v2\/users\/1"}],"replies":[{"embeddable":true,"href":"http:\/\/info.sadowne.pl\/index.php?rest_route=%2Fwp%2Fv2%2Fcomments&post=24010"}],"version-history":[{"count":1,"href":"http:\/\/info.sadowne.pl\/index.php?rest_route=\/wp\/v2\/posts\/24010\/revisions"}],"predecessor-version":[{"id":24012,"href":"http:\/\/info.sadowne.pl\/index.php?rest_route=\/wp\/v2\/posts\/24010\/revisions\/24012"}],"wp:attachment":[{"href":"http:\/\/info.sadowne.pl\/index.php?rest_route=%2Fwp%2Fv2%2Fmedia&parent=24010"}],"wp:term":[{"taxonomy":"category","embeddable":true,"href":"http:\/\/info.sadowne.pl\/index.php?rest_route=%2Fwp%2Fv2%2Fcategories&post=24010"},{"taxonomy":"post_tag","embeddable":true,"href":"http:\/\/info.sadowne.pl\/index.php?rest_route=%2Fwp%2Fv2%2Ftags&post=24010"}],"curies":[{"name":"wp","href":"https:\/\/api.w.org\/{rel}","templated":true}]}}