{"id":24022,"date":"2020-11-23T12:41:09","date_gmt":"2020-11-23T11:41:09","guid":{"rendered":"http:\/\/info.sadowne.pl\/?p=24022"},"modified":"2020-11-23T17:41:37","modified_gmt":"2020-11-23T16:41:37","slug":"jak-sobie-radzi-kultura","status":"publish","type":"post","link":"http:\/\/info.sadowne.pl\/?p=24022","title":{"rendered":"Jak sobie radzi Kultura?"},"content":{"rendered":"<p><strong><a href=\"http:\/\/info.sadowne.pl\/wp-content\/uploads\/2020\/11\/20201120_112053.jpg\" target=\"_blank\" rel=\"noopener noreferrer\"><img loading=\"lazy\" decoding=\"async\" class=\"alignleft wp-image-24023 size-thumbnail\" src=\"http:\/\/info.sadowne.pl\/wp-content\/uploads\/2020\/11\/20201120_112053-180x130.jpg\" alt=\"\" width=\"180\" height=\"130\" \/><\/a>Od 9 listopada sadowie\u0144skie instytucje kultury trwaj\u0105 w \u201eizolacji\u201d. Nikt nie wie, jak d\u0142ugo to potrwa.<\/strong><!--more--><\/p>\n<p>4 listopada, w zwi\u0105zku z pogarszaj\u0105c\u0105 si\u0119 sytuacj\u0105 epidemiologiczn\u0105, na terenie Polski wprowadzono nowe obostrzenia. Zgodnie z nimi, od 9 listopada czasowo zamkni\u0119to sadowie\u0144skie instytucje kultury: Gminny O\u015brodek Kultury, Gminn\u0105 Bibliotek\u0119 Publiczn\u0105 i Muzeum Ziemi Sadowie\u0144skiej. A na jak d\u0142ugo? Wst\u0119pnie okre\u015blono, \u017ce do 29 listopada, ale\u2026 z mo\u017cliwo\u015bci\u0105 przed\u0142u\u017cenia na kolejne dni.<\/p>\n<p><strong><a href=\"http:\/\/info.sadowne.pl\/wp-content\/uploads\/2015\/06\/EP2.jpg\"><img loading=\"lazy\" decoding=\"async\" class=\"alignright wp-image-9108 size-full\" src=\"http:\/\/info.sadowne.pl\/wp-content\/uploads\/2015\/06\/EP2.jpg\" alt=\"\" width=\"151\" height=\"188\" \/><\/a>Jak stwierdza dyrektor tych plac\u00f3wek p. Ewa Pi\u00f3rkowska<\/strong>, <em>okres ten nie mo\u017ce pozosta\u0107 tylko czasem typowej izolacji. W zwi\u0105zku z tym <\/em><em>biblioteka postanowi\u0142a rozszerzy\u0107 swoj\u0105 dzia\u0142alno\u015b\u0107. Uruchomili\u015bmy ksi\u0105\u017ckobusa &#8211; starsi czytelnicy mog\u0105 zam\u00f3wi\u0107 ksi\u0105\u017cki z biblioteki z dowozem do domu. Ch\u0119\u0107 wypo\u017cyczenia ksi\u0105\u017cek mo\u017cna zg\u0142asza\u0107 drog\u0105 telefoniczn\u0105 od poniedzia\u0142ku do pi\u0105tku, w godz. 8:00 \u00a0&#8211; 16:00 pod numerem telefonu\u00a0<strong>25 675 32 72<\/strong>\u00a0lub poprzez maila (pisali\u015bmy o tym na stronie <span style=\"color: #0000ff;\"><strong><a style=\"color: #0000ff;\" href=\"http:\/\/www.gbpsadowne.pl\/index.php\/aktualnosci\/220-biblioteka-nie-zostawia-czytelnik\" target=\"_blank\" rel=\"noopener noreferrer\">http:\/\/www.gbpsadowne.pl\/index.php\/aktualnosci\/220-biblioteka-nie-zostawia-czytelnik<\/a><\/strong><\/span>).<\/em><\/p>\n<p><strong><a href=\"http:\/\/info.sadowne.pl\/wp-content\/uploads\/2020\/11\/20201120_112057.jpg\" target=\"_blank\" rel=\"noopener noreferrer\"><img loading=\"lazy\" decoding=\"async\" class=\"alignleft wp-image-24024 size-thumbnail\" src=\"http:\/\/info.sadowne.pl\/wp-content\/uploads\/2020\/11\/20201120_112057-180x130.jpg\" alt=\"\" width=\"180\" height=\"130\" \/><\/a>Jak si\u0119 odnale\u017a\u0107 w tym trudnym dla nas wszystkich okresie? <\/strong><em>&#8211; <\/em><em>Na razie, jako instytucje i ich pracownicy, si\u0119 trzymamy. Je\u015bli chodzi o ksi\u0119gobus, to nie wyje\u017cd\u017ca on zbyt cz\u0119sto. Nasi czytelnicy zamawiaj\u0105 ksi\u0105\u017cki i przewa\u017cnie sami odbieraj\u0105 je przy drzwiach wej\u015bciowych. Skupili\u015bmy si\u0119 teraz te\u017c na remoncie podpiwniczenia Gminnego O\u015brodka Kultury, w kt\u00f3rym znajduje si\u0119 sprz\u0119t do gier oraz Pracownia Ceramiki. Korzystaj\u0105c z wolnej chwili, wyszukujemy i przygotowujemy dokumentacj\u0119 do projekt\u00f3w, kt\u00f3re, po zg\u0142oszeniu i ewentualnie otrzymaniu na nie \u015brodk\u00f3w finansowych, mo\u017ce uda si\u0119 nam uruchomi\u0107 zaraz po ustaniu pandemii \u2013<\/em> dodaje p. Ewa Pi\u00f3rkowska.<\/p>\n<p><strong><a href=\"http:\/\/info.sadowne.pl\/wp-content\/uploads\/2020\/11\/20201120_112103.jpg\" target=\"_blank\" rel=\"noopener noreferrer\"><img loading=\"lazy\" decoding=\"async\" class=\"alignleft wp-image-24025 size-thumbnail\" src=\"http:\/\/info.sadowne.pl\/wp-content\/uploads\/2020\/11\/20201120_112103-180x130.jpg\" alt=\"\" width=\"180\" height=\"130\" \/><\/a>Mamy nadziej\u0119, \u017ce sytuacja pandemiczna nie zago\u015bci u nas na d\u0142u\u017cej.<\/strong> Zapewne wszyscy mamy do\u015b\u0107 przebywania w warunkach kwarantanny, ale tak, jak nasze instytucje kultury, przygotujmy si\u0119 ju\u017c do funkcjonowania w normalnych warunkach.<\/p>\n<p><strong>\u017byczymy przede wszystkim zdrowia i\u2026 cierpliwo\u015bci. Oczywi\u015bcie na jesienne i zimowe dni polecamy ksi\u0105\u017cki &#8211; ju\u017c czekaj\u0105 na Pa\u0144stwa!<\/strong><\/p>\n<p><a href=\"http:\/\/info.sadowne.pl\/wp-content\/uploads\/2020\/11\/2020.11.23.10.jpg\" target=\"_blank\" rel=\"noopener noreferrer\"><img loading=\"lazy\" decoding=\"async\" class=\"aligncenter wp-image-24031 size-medium\" src=\"http:\/\/info.sadowne.pl\/wp-content\/uploads\/2020\/11\/2020.11.23.10-300x239.jpg\" alt=\"\" width=\"300\" height=\"239\" srcset=\"http:\/\/info.sadowne.pl\/wp-content\/uploads\/2020\/11\/2020.11.23.10-300x239.jpg 300w, http:\/\/info.sadowne.pl\/wp-content\/uploads\/2020\/11\/2020.11.23.10-768x611.jpg 768w, http:\/\/info.sadowne.pl\/wp-content\/uploads\/2020\/11\/2020.11.23.10.jpg 799w\" sizes=\"auto, (max-width: 300px) 100vw, 300px\" \/><\/a><\/p>\n<p><strong>Tekst:<\/strong> S\u0142awek Chyli\u0144ski<\/p>\n<p><strong>Foto:<\/strong> GOK Sadowne<\/p>\n","protected":false},"excerpt":{"rendered":"<p>Od 9 listopada sadowie\u0144skie instytucje kultury trwaj\u0105 w \u201eizolacji\u201d. Nikt nie wie, jak d\u0142ugo to potrwa.<\/p>\n","protected":false},"author":1,"featured_media":0,"comment_status":"closed","ping_status":"closed","sticky":false,"template":"","format":"standard","meta":{"footnotes":""},"categories":[5,2149,91,6,81],"tags":[591,113,169,79,3341],"class_list":["post-24022","post","type-post","status-publish","format-standard","hentry","category-newsy","category-gminna-biblioteka-publiczna","category-gminny-osrodek-kultury","category-kultura-rozrywka-edukacja","category-muzeum","tag-ewa-piorkowska","tag-gminna-biblioteka-publiczna-w-sadownem","tag-gminny-osrodek-kultury-w-sadownem","tag-muzeum-ziemi-sadowienskiej","tag-pandemia-kronawirusa"],"views":2406,"_links":{"self":[{"href":"http:\/\/info.sadowne.pl\/index.php?rest_route=\/wp\/v2\/posts\/24022","targetHints":{"allow":["GET"]}}],"collection":[{"href":"http:\/\/info.sadowne.pl\/index.php?rest_route=\/wp\/v2\/posts"}],"about":[{"href":"http:\/\/info.sadowne.pl\/index.php?rest_route=\/wp\/v2\/types\/post"}],"author":[{"embeddable":true,"href":"http:\/\/info.sadowne.pl\/index.php?rest_route=\/wp\/v2\/users\/1"}],"replies":[{"embeddable":true,"href":"http:\/\/info.sadowne.pl\/index.php?rest_route=%2Fwp%2Fv2%2Fcomments&post=24022"}],"version-history":[{"count":6,"href":"http:\/\/info.sadowne.pl\/index.php?rest_route=\/wp\/v2\/posts\/24022\/revisions"}],"predecessor-version":[{"id":24032,"href":"http:\/\/info.sadowne.pl\/index.php?rest_route=\/wp\/v2\/posts\/24022\/revisions\/24032"}],"wp:attachment":[{"href":"http:\/\/info.sadowne.pl\/index.php?rest_route=%2Fwp%2Fv2%2Fmedia&parent=24022"}],"wp:term":[{"taxonomy":"category","embeddable":true,"href":"http:\/\/info.sadowne.pl\/index.php?rest_route=%2Fwp%2Fv2%2Fcategories&post=24022"},{"taxonomy":"post_tag","embeddable":true,"href":"http:\/\/info.sadowne.pl\/index.php?rest_route=%2Fwp%2Fv2%2Ftags&post=24022"}],"curies":[{"name":"wp","href":"https:\/\/api.w.org\/{rel}","templated":true}]}}