{"id":24063,"date":"2020-11-30T11:33:53","date_gmt":"2020-11-30T10:33:53","guid":{"rendered":"http:\/\/info.sadowne.pl\/?p=24063"},"modified":"2020-11-30T11:34:31","modified_gmt":"2020-11-30T10:34:31","slug":"dzien-patrona-lo-sadowne","status":"publish","type":"post","link":"http:\/\/info.sadowne.pl\/?p=24063","title":{"rendered":"Dzie\u0144 Patrona LO Sadowne"},"content":{"rendered":"<p><strong><a href=\"http:\/\/info.sadowne.pl\/wp-content\/uploads\/2017\/04\/zspsadowne.jpg\"><img loading=\"lazy\" decoding=\"async\" class=\"alignleft size-thumbnail wp-image-15441\" src=\"http:\/\/info.sadowne.pl\/wp-content\/uploads\/2017\/04\/zspsadowne-180x130.jpg\" alt=\"\" width=\"180\" height=\"130\" \/><\/a>27 listopada obchodzili\u015bmy 145. rocznic\u0119 urodzin patrona Liceum Og\u00f3lnokszta\u0142c\u0105cego w Sadownem &#8211; W\u0142adys\u0142awa Orkana. Z tej okazji chcieliby\u015bmy przybli\u017cy\u0107 Pa\u0144stwu posta\u0107 tego wspania\u0142ego poety i pisarza. <\/strong><!--more--><\/p>\n<p>Na pocz\u0105tek zapraszamy do obejrzenia kr\u00f3tkiego filmu przygotowanego przez uczni\u00f3w, nauczycieli i absolwent\u00f3w naszego liceum. Szczeg\u00f3lne podzi\u0119kowania sk\u0142adamy Pa\u0144stwu El\u017cbiecie i S\u0142awomirowi Akonom za udost\u0119pnienie zdj\u0119\u0107 z wyprawy \u015bladami W\u0142adys\u0142awa Orkana.<\/p>\n<p><iframe loading=\"lazy\" style=\"border: none; overflow: hidden;\" src=\"https:\/\/www.facebook.com\/plugins\/video.php?href=https%3A%2F%2Fwww.facebook.com%2F102049388348219%2Fvideos%2F378184990174129%2F&amp;show_text=0&amp;width=560\" width=\"560\" height=\"420\" frameborder=\"0\" scrolling=\"no\" allowfullscreen=\"allowfullscreen\"><\/iframe><\/p>\n<p>Zapraszamy te\u017c do obejrzenia wywiadu z prof. Krzysztofem K\u0105dziel\u0105, wieloletnim nauczycielem naszej szko\u0142y, kt\u00f3ry przybli\u017cy nam histori\u0119 nadania imienia liceum. Spr\u00f3buje r\u00f3wnie\u017c wyja\u015bni\u0107, dlaczego cz\u0142owiek z g\u00f3r jest patronem szko\u0142y w Sadownem.<\/p>\n<p><iframe loading=\"lazy\" style=\"border: none; overflow: hidden;\" src=\"https:\/\/www.facebook.com\/plugins\/video.php?href=https%3A%2F%2Fwww.facebook.com%2F102049388348219%2Fvideos%2F3577681772311268%2F&amp;show_text=0&amp;width=560\" width=\"560\" height=\"420\" frameborder=\"0\" scrolling=\"no\" allowfullscreen=\"allowfullscreen\"><\/iframe><\/p>\n<p><strong>\u0179r\u00f3d\u0142o:<\/strong> ZSP w Sadownem<\/p>\n","protected":false},"excerpt":{"rendered":"<p>27 listopada obchodzili\u015bmy 145. rocznic\u0119 urodzin patrona Liceum Og\u00f3lnokszta\u0142c\u0105cego w Sadownem &#8211; W\u0142adys\u0142awa Orkana. Z tej okazji chcieliby\u015bmy przybli\u017cy\u0107 Pa\u0144stwu posta\u0107 tego wspania\u0142ego poety i pisarza.<\/p>\n","protected":false},"author":1,"featured_media":0,"comment_status":"closed","ping_status":"closed","sticky":false,"template":"","format":"standard","meta":{"footnotes":""},"categories":[5,1752,85],"tags":[3464,1233,3465,3197],"class_list":["post-24063","post","type-post","status-publish","format-standard","hentry","category-newsy","category-edukacja","category-zsp","tag-dzien-patrona-lo-w-sadownem","tag-liceum-ogolnoksztalcace-im-w-orkana-w-sadownem","tag-wladyslaw-orkan","tag-zespol-szkol-ponadpodstawowych-w-sadownem"],"views":2816,"_links":{"self":[{"href":"http:\/\/info.sadowne.pl\/index.php?rest_route=\/wp\/v2\/posts\/24063","targetHints":{"allow":["GET"]}}],"collection":[{"href":"http:\/\/info.sadowne.pl\/index.php?rest_route=\/wp\/v2\/posts"}],"about":[{"href":"http:\/\/info.sadowne.pl\/index.php?rest_route=\/wp\/v2\/types\/post"}],"author":[{"embeddable":true,"href":"http:\/\/info.sadowne.pl\/index.php?rest_route=\/wp\/v2\/users\/1"}],"replies":[{"embeddable":true,"href":"http:\/\/info.sadowne.pl\/index.php?rest_route=%2Fwp%2Fv2%2Fcomments&post=24063"}],"version-history":[{"count":3,"href":"http:\/\/info.sadowne.pl\/index.php?rest_route=\/wp\/v2\/posts\/24063\/revisions"}],"predecessor-version":[{"id":24066,"href":"http:\/\/info.sadowne.pl\/index.php?rest_route=\/wp\/v2\/posts\/24063\/revisions\/24066"}],"wp:attachment":[{"href":"http:\/\/info.sadowne.pl\/index.php?rest_route=%2Fwp%2Fv2%2Fmedia&parent=24063"}],"wp:term":[{"taxonomy":"category","embeddable":true,"href":"http:\/\/info.sadowne.pl\/index.php?rest_route=%2Fwp%2Fv2%2Fcategories&post=24063"},{"taxonomy":"post_tag","embeddable":true,"href":"http:\/\/info.sadowne.pl\/index.php?rest_route=%2Fwp%2Fv2%2Ftags&post=24063"}],"curies":[{"name":"wp","href":"https:\/\/api.w.org\/{rel}","templated":true}]}}