{"id":24149,"date":"2020-12-21T13:37:59","date_gmt":"2020-12-21T12:37:59","guid":{"rendered":"http:\/\/info.sadowne.pl\/?p=24149"},"modified":"2020-12-21T13:37:59","modified_gmt":"2020-12-21T12:37:59","slug":"kronika-policyjna-16-17-grudnia-2020","status":"publish","type":"post","link":"http:\/\/info.sadowne.pl\/?p=24149","title":{"rendered":"Kronika policyjna 16 &#8211; 17 grudnia 2020"},"content":{"rendered":"<p><strong><a href=\"http:\/\/info.sadowne.pl\/wp-content\/uploads\/2019\/08\/komisariat16.jpg\"><img loading=\"lazy\" decoding=\"async\" class=\"alignleft size-thumbnail wp-image-20958\" src=\"http:\/\/info.sadowne.pl\/wp-content\/uploads\/2019\/08\/komisariat16-180x130.jpg\" alt=\"\" width=\"180\" height=\"130\" \/><\/a>W ostatnich dniach na terenie powiatu w\u0119growskiego dosz\u0142o do zdarze\u0144 drogowych. Policjanci apeluj\u0105 o ostro\u017cno\u015b\u0107 i rozwag\u0119. <\/strong><!--more--><\/p>\n<p>16 grudnia w m. Liw mieszkaniec pow. w\u0119growskiego, kieruj\u0105c pojazdem marki VW wykonuj\u0105c manewr wyprzedzania pojazdu Volvo zderzy\u0142 si\u0119 z nadje\u017cd\u017caj\u0105cym z przeciwka pojazdem marki Renault. W wyniku obr\u00f3cenia VW uderzy\u0142 tak\u017ce w pojazd, kt\u00f3ry wyprzedza\u0142 Volvo. Nikt nie dozna\u0142 obra\u017ce\u0144.<\/p>\n<p>W tym samym dniu w m. Korytnica mieszkaniec pow. wo\u0142omi\u0144skiego, kieruj\u0105c pojazdem marki Renault uderzy\u0142 prawym lusterkiem pieszego, kt\u00f3ry szed\u0142 po niew\u0142a\u015bciwej stronie drogi, bez element\u00f3w odblaskowych.\u00a0 Nikt nie dozna\u0142 obra\u017ce\u0144.<\/p>\n<p><strong>17 grudnia w m. Sadowne<\/strong> kieruj\u0105ca Fiatem zderzy\u0142a si\u0119 z pojazdem marki Volvo. Ze wst\u0119pnych ustale\u0144 policjant\u00f3w wynika, i\u017c mieszkanka pow. w\u0119growskiego, kieruj\u0105c pojazdem marki Fiat nie ust\u0105pi\u0142a pierwsze\u0144stwa przejazdu prawid\u0142owo jad\u0105cemu pojazdowi marki Volvo w wyniku czego dosz\u0142o do zderzenia si\u0119 pojazd\u00f3w. Kieruj\u0105cy Volvo dozna\u0142 obra\u017ce\u0144 cia\u0142a.\u00a0 Dok\u0142adne okoliczno\u015bci zdarzenia wyja\u015bni post\u0119powanie prowadzone przez KP w \u0141ochowie.<\/p>\n<p><strong>Policjanci apeluj\u0105 o ostro\u017cno\u015b\u0107 i zwi\u0119kszon\u0105 uwag\u0119 na drogach.<\/strong><\/p>\n<p><strong>m\u0142.asp. Monika Ksi\u0119\u017copolska<\/strong><\/p>\n","protected":false},"excerpt":{"rendered":"<p>W ostatnich dniach na terenie powiatu w\u0119growskiego dosz\u0142o do zdarze\u0144 drogowych. Policjanci apeluj\u0105 o ostro\u017cno\u015b\u0107 i rozwag\u0119.<\/p>\n","protected":false},"author":1,"featured_media":0,"comment_status":"closed","ping_status":"closed","sticky":false,"template":"","format":"standard","meta":{"footnotes":""},"categories":[5,266,4],"tags":[261,3174],"class_list":["post-24149","post","type-post","status-publish","format-standard","hentry","category-newsy","category-policja-policja-straz-pozarna-pogotowie-ratunkowe","category-policja-straz-pozarna-pogotowie-ratunkowe","tag-komenda-powiatowa-policji-w-wegrowie","tag-kronika-policyjna"],"views":2023,"_links":{"self":[{"href":"http:\/\/info.sadowne.pl\/index.php?rest_route=\/wp\/v2\/posts\/24149","targetHints":{"allow":["GET"]}}],"collection":[{"href":"http:\/\/info.sadowne.pl\/index.php?rest_route=\/wp\/v2\/posts"}],"about":[{"href":"http:\/\/info.sadowne.pl\/index.php?rest_route=\/wp\/v2\/types\/post"}],"author":[{"embeddable":true,"href":"http:\/\/info.sadowne.pl\/index.php?rest_route=\/wp\/v2\/users\/1"}],"replies":[{"embeddable":true,"href":"http:\/\/info.sadowne.pl\/index.php?rest_route=%2Fwp%2Fv2%2Fcomments&post=24149"}],"version-history":[{"count":1,"href":"http:\/\/info.sadowne.pl\/index.php?rest_route=\/wp\/v2\/posts\/24149\/revisions"}],"predecessor-version":[{"id":24150,"href":"http:\/\/info.sadowne.pl\/index.php?rest_route=\/wp\/v2\/posts\/24149\/revisions\/24150"}],"wp:attachment":[{"href":"http:\/\/info.sadowne.pl\/index.php?rest_route=%2Fwp%2Fv2%2Fmedia&parent=24149"}],"wp:term":[{"taxonomy":"category","embeddable":true,"href":"http:\/\/info.sadowne.pl\/index.php?rest_route=%2Fwp%2Fv2%2Fcategories&post=24149"},{"taxonomy":"post_tag","embeddable":true,"href":"http:\/\/info.sadowne.pl\/index.php?rest_route=%2Fwp%2Fv2%2Ftags&post=24149"}],"curies":[{"name":"wp","href":"https:\/\/api.w.org\/{rel}","templated":true}]}}