{"id":24163,"date":"2020-12-23T17:24:54","date_gmt":"2020-12-23T16:24:54","guid":{"rendered":"http:\/\/info.sadowne.pl\/?p=24163"},"modified":"2020-12-28T16:56:25","modified_gmt":"2020-12-28T15:56:25","slug":"sa-juz-wyniki-konkursu","status":"publish","type":"post","link":"http:\/\/info.sadowne.pl\/?p=24163","title":{"rendered":"S\u0105 ju\u017c wyniki konkursu!"},"content":{"rendered":"<p><strong><a href=\"http:\/\/info.sadowne.pl\/wp-content\/uploads\/2020\/12\/2020.12.23.1.jpg\" target=\"_blank\" rel=\"noopener noreferrer\"><img loading=\"lazy\" decoding=\"async\" class=\"alignleft wp-image-24164 size-thumbnail\" src=\"http:\/\/info.sadowne.pl\/wp-content\/uploads\/2020\/12\/2020.12.23.1-180x130.jpg\" alt=\"\" width=\"180\" height=\"130\" \/><\/a>W\u0142a\u015bnie zako\u0144czy\u0142 si\u0119 Konkurs pn. \u201eNaj\u0142adniejsza ozdoba \u015bwi\u0105teczna\u201d, og\u0142oszony przez Gminn\u0105 Bibliotek\u0119 Publiczn\u0105 w Sadownem. Og\u0142aszamy jego wyniki.<\/strong><!--more--><\/p>\n<p>Powo\u0142ana przez Organizatora Komisja, po ocenie zg\u0142oszonych na Konkurs ozd\u00f3b \u015bwi\u0105tecznych, postanowi\u0142a przyzna\u0107 nast\u0119puj\u0105ce miejsca w poszczeg\u00f3lnych kategoriach.<\/p>\n<p><strong>Kategoria \u2013dzieci m\u0142odsze (wiek przedszkolny i klasy I-III szko\u0142y podstawowej)<\/strong><\/p>\n<p><a href=\"http:\/\/info.sadowne.pl\/wp-content\/uploads\/2020\/12\/2020.12.28.11.jpg\" target=\"_blank\" rel=\"noopener noreferrer\"><img loading=\"lazy\" decoding=\"async\" class=\"alignright wp-image-24171 size-thumbnail\" src=\"http:\/\/info.sadowne.pl\/wp-content\/uploads\/2020\/12\/2020.12.28.11-180x130.jpg\" alt=\"\" width=\"180\" height=\"130\" \/><\/a>I miejsce \u2013 Nikola Rostek<\/p>\n<p>II miejsce \u2013 Justyna Zawistowska<\/p>\n<p>III miejsce \u2013 Zuzanna Zi\u00f3\u0142kowska<\/p>\n<p><strong>Kategoria \u2013 dzieci starsze (klasy IV-VIII szko\u0142y podstawowej)<\/strong><\/p>\n<p><a href=\"http:\/\/info.sadowne.pl\/wp-content\/uploads\/2020\/12\/2020.12.28.12.jpg\" target=\"_blank\" rel=\"noopener noreferrer\"><img loading=\"lazy\" decoding=\"async\" class=\"alignright wp-image-24172 size-thumbnail\" src=\"http:\/\/info.sadowne.pl\/wp-content\/uploads\/2020\/12\/2020.12.28.12-180x130.jpg\" alt=\"\" width=\"180\" height=\"130\" \/><\/a>I miejsce \u2013 Amelia Suska<\/p>\n<p>II miejsce \u2013 Filip Ilczuk<\/p>\n<p>III miejsce \u2013 Amelia Podg\u00f3rska<\/p>\n<p><strong>Kategorie \u2013 m\u0142odzie\u017c i doro\u015bli (szko\u0142y ponadpodstawowe i doro\u015bli) <\/strong><\/p>\n<p><a href=\"http:\/\/info.sadowne.pl\/wp-content\/uploads\/2020\/12\/2020.12.28.13.jpg\" target=\"_blank\" rel=\"noopener noreferrer\"><img loading=\"lazy\" decoding=\"async\" class=\"alignright wp-image-24173 size-thumbnail\" src=\"http:\/\/info.sadowne.pl\/wp-content\/uploads\/2020\/12\/2020.12.28.13-180x130.jpg\" alt=\"\" width=\"180\" height=\"130\" \/><\/a>I miejsce \u2013 Barbara Zawadzka<\/p>\n<p>II miejsce \u2013 Izabela Ilczuk<\/p>\n<p>Gratulujemy laureatom Konkursu \u201eNaj\u0142adniejsza ozdoba \u015bwi\u0105teczna\u201d. O terminie i miejscu rozdania nagr\u00f3d Gminna Biblioteka Publiczna w Sadownem powiadomi indywidualnie osoby zainteresowane.<\/p>\n<p><strong>Tekst: <\/strong>GBP Sadowne<\/p>\n","protected":false},"excerpt":{"rendered":"<p>W\u0142a\u015bnie zako\u0144czy\u0142 si\u0119 Konkurs pn. \u201eNaj\u0142adniejsza ozdoba \u015bwi\u0105teczna\u201d, og\u0142oszony przez Gminn\u0105 Bibliotek\u0119 Publiczn\u0105 w Sadownem. Og\u0142aszamy jego wyniki.<\/p>\n","protected":false},"author":1,"featured_media":0,"comment_status":"closed","ping_status":"closed","sticky":false,"template":"","format":"standard","meta":{"footnotes":""},"categories":[5,2149,91,6],"tags":[113,2239],"class_list":["post-24163","post","type-post","status-publish","format-standard","hentry","category-newsy","category-gminna-biblioteka-publiczna","category-gminny-osrodek-kultury","category-kultura-rozrywka-edukacja","tag-gminna-biblioteka-publiczna-w-sadownem","tag-konkurs-najladniejsza-ozdoba-swiateczna"],"views":2458,"_links":{"self":[{"href":"http:\/\/info.sadowne.pl\/index.php?rest_route=\/wp\/v2\/posts\/24163","targetHints":{"allow":["GET"]}}],"collection":[{"href":"http:\/\/info.sadowne.pl\/index.php?rest_route=\/wp\/v2\/posts"}],"about":[{"href":"http:\/\/info.sadowne.pl\/index.php?rest_route=\/wp\/v2\/types\/post"}],"author":[{"embeddable":true,"href":"http:\/\/info.sadowne.pl\/index.php?rest_route=\/wp\/v2\/users\/1"}],"replies":[{"embeddable":true,"href":"http:\/\/info.sadowne.pl\/index.php?rest_route=%2Fwp%2Fv2%2Fcomments&post=24163"}],"version-history":[{"count":4,"href":"http:\/\/info.sadowne.pl\/index.php?rest_route=\/wp\/v2\/posts\/24163\/revisions"}],"predecessor-version":[{"id":24174,"href":"http:\/\/info.sadowne.pl\/index.php?rest_route=\/wp\/v2\/posts\/24163\/revisions\/24174"}],"wp:attachment":[{"href":"http:\/\/info.sadowne.pl\/index.php?rest_route=%2Fwp%2Fv2%2Fmedia&parent=24163"}],"wp:term":[{"taxonomy":"category","embeddable":true,"href":"http:\/\/info.sadowne.pl\/index.php?rest_route=%2Fwp%2Fv2%2Fcategories&post=24163"},{"taxonomy":"post_tag","embeddable":true,"href":"http:\/\/info.sadowne.pl\/index.php?rest_route=%2Fwp%2Fv2%2Ftags&post=24163"}],"curies":[{"name":"wp","href":"https:\/\/api.w.org\/{rel}","templated":true}]}}