{"id":24169,"date":"2020-12-28T16:50:23","date_gmt":"2020-12-28T15:50:23","guid":{"rendered":"http:\/\/info.sadowne.pl\/?p=24169"},"modified":"2020-12-28T16:50:23","modified_gmt":"2020-12-28T15:50:23","slug":"kronika-policyjna-21-27-grudnia-2020","status":"publish","type":"post","link":"http:\/\/info.sadowne.pl\/?p=24169","title":{"rendered":"Kronika policyjna 21-27 grudnia 2020"},"content":{"rendered":"<p><strong><a href=\"http:\/\/info.sadowne.pl\/wp-content\/uploads\/2019\/08\/komisariat16.jpg\"><img loading=\"lazy\" decoding=\"async\" class=\"alignleft size-thumbnail wp-image-20958\" src=\"http:\/\/info.sadowne.pl\/wp-content\/uploads\/2019\/08\/komisariat16-180x130.jpg\" alt=\"\" width=\"180\" height=\"130\" \/><\/a>W ostatnich dniach na terenie powiatu w\u0119growskiego dosz\u0142o do zdarze\u0144 drogowych. Policjanci apeluj\u0105 o ostro\u017cno\u015b\u0107 i rozwag\u0119 tak\u017ce podczas tankowania na stacjach paliw. <\/strong><!--more--><\/p>\n<p>21 grudnia w m. Karczewizna mieszkaniec pow. w\u0119growskiego, kieruj\u0105c pojazdem marki VW podczas wykonywania manewru wymijania pojazdu marki Renault uderzy\u0142 w jego lewy bok. W wyniku zderzenia VW zjecha\u0142 na lew\u0105 stron\u0119 jezdni uderzaj\u0105c w przydro\u017cne drzewo, nast\u0119pnie uderzy\u0142 w ogrodzenie jednej z posesji i dachuj\u0105c uderzy\u0142 w budynek. Kieruj\u0105cy VW w wyniku doznanych obra\u017ce\u0144 trafi\u0142 do szpitala. Post\u0119powanie prowadzi KP w \u0141ochowie.<\/p>\n<p>23 grudnia w m. \u0141och\u00f3w mieszkanka pow. w\u0119growskiego, kieruj\u0105ca pojazdem Citroen podczas w\u0142\u0105czania si\u0119 do ruchu wymusi\u0142a pierwsze\u0144stwo przejazdu kieruj\u0105cemu Toyot\u0105 w wyniku czego dosz\u0142o do zderzenia. Nikt nie dozna\u0142 obra\u017ce\u0144.<\/p>\n<p>Tego samego dnia w m. W\u0119gr\u00f3w na ul. Pi\u0142sudskiego mieszkanka pow. w\u0119growskiego, kieruj\u0105c pojazdem marki Mazda na skrzy\u017cowaniu z drog\u0105 z pierwsze\u0144stwem przejazdu nie ust\u0105pi\u0142a pierwsze\u0144stwa przejazdu kieruj\u0105cemu pojazdem marki VW. Nikt nie dozna\u0142 obra\u017ce\u0144.<\/p>\n<p>W tym samym dniu w m. W\u0119gr\u00f3w na ul. Mickiewicza mieszkanka pow. w\u0119growskiego, kieruj\u0105c pojazdem marki Daihatsu podczas wykonywania manewru w\u0142\u0105czania si\u0119 do ruchu nie ust\u0105pi\u0142a pierwsze\u0144stwa przejazdu pojazdowi marki VW. Nikt nie dozna\u0142 obra\u017ce\u0144\u00a0 \u00a0<strong>\u00a0<\/strong><\/p>\n<p><strong>24 grudnia w m. Sadowne<\/strong> mieszkaniec pow. w\u0119growskiego tankuj\u0105c na stacji paliw usi\u0142owa\u0142 odjecha\u0107 nie wyjmuj\u0105c w\u0119\u017ca dystrybutora powoduj\u0105c jego uszkodzenie.<\/p>\n<p>27 grudnia w m. \u0141och\u00f3w mieszkanka pow. w\u0119growskiego, kieruj\u0105c pojazdem marki Opel nie dostosowa\u0142a pr\u0119dko\u015bci do warunk\u00f3w panuj\u0105cych na drodze, utraci\u0142a panowanie nad pojazdem, zjecha\u0142a na pobocze i uderzy\u0142a w znaki drogowe. Nikt nie dozna\u0142 obra\u017ce\u0144.<\/p>\n<p><strong>Policjanci apeluj\u0105 o ostro\u017cno\u015b\u0107 i zwi\u0119kszon\u0105 uwag\u0119 na drogach.<\/strong><\/p>\n<p><strong>m\u0142. asp. Monika Ksi\u0119\u017copolska<\/strong><\/p>\n","protected":false},"excerpt":{"rendered":"<p>W ostatnich dniach na terenie powiatu w\u0119growskiego dosz\u0142o do zdarze\u0144 drogowych. Policjanci apeluj\u0105 o ostro\u017cno\u015b\u0107 i rozwag\u0119 tak\u017ce podczas tankowania na stacjach paliw.<\/p>\n","protected":false},"author":1,"featured_media":0,"comment_status":"closed","ping_status":"closed","sticky":false,"template":"","format":"standard","meta":{"footnotes":""},"categories":[5,266,4],"tags":[261,2514],"class_list":["post-24169","post","type-post","status-publish","format-standard","hentry","category-newsy","category-policja-policja-straz-pozarna-pogotowie-ratunkowe","category-policja-straz-pozarna-pogotowie-ratunkowe","tag-komenda-powiatowa-policji-w-wegrowie","tag-zdarzenia-drogowe-w-powiecie-wegrowskim"],"views":2201,"_links":{"self":[{"href":"http:\/\/info.sadowne.pl\/index.php?rest_route=\/wp\/v2\/posts\/24169","targetHints":{"allow":["GET"]}}],"collection":[{"href":"http:\/\/info.sadowne.pl\/index.php?rest_route=\/wp\/v2\/posts"}],"about":[{"href":"http:\/\/info.sadowne.pl\/index.php?rest_route=\/wp\/v2\/types\/post"}],"author":[{"embeddable":true,"href":"http:\/\/info.sadowne.pl\/index.php?rest_route=\/wp\/v2\/users\/1"}],"replies":[{"embeddable":true,"href":"http:\/\/info.sadowne.pl\/index.php?rest_route=%2Fwp%2Fv2%2Fcomments&post=24169"}],"version-history":[{"count":1,"href":"http:\/\/info.sadowne.pl\/index.php?rest_route=\/wp\/v2\/posts\/24169\/revisions"}],"predecessor-version":[{"id":24170,"href":"http:\/\/info.sadowne.pl\/index.php?rest_route=\/wp\/v2\/posts\/24169\/revisions\/24170"}],"wp:attachment":[{"href":"http:\/\/info.sadowne.pl\/index.php?rest_route=%2Fwp%2Fv2%2Fmedia&parent=24169"}],"wp:term":[{"taxonomy":"category","embeddable":true,"href":"http:\/\/info.sadowne.pl\/index.php?rest_route=%2Fwp%2Fv2%2Fcategories&post=24169"},{"taxonomy":"post_tag","embeddable":true,"href":"http:\/\/info.sadowne.pl\/index.php?rest_route=%2Fwp%2Fv2%2Ftags&post=24169"}],"curies":[{"name":"wp","href":"https:\/\/api.w.org\/{rel}","templated":true}]}}