{"id":24218,"date":"2021-01-04T19:20:04","date_gmt":"2021-01-04T18:20:04","guid":{"rendered":"http:\/\/info.sadowne.pl\/?p=24218"},"modified":"2021-01-13T19:23:22","modified_gmt":"2021-01-13T18:23:22","slug":"by-ferie-byly-bezpieczne","status":"publish","type":"post","link":"http:\/\/info.sadowne.pl\/?p=24218","title":{"rendered":"By ferie by\u0142y bezpieczne&#8230;"},"content":{"rendered":"<p><strong><a href=\"http:\/\/info.sadowne.pl\/wp-content\/uploads\/2013\/09\/policja.jpg\"><img loading=\"lazy\" decoding=\"async\" class=\"alignleft size-thumbnail wp-image-3177\" src=\"http:\/\/info.sadowne.pl\/wp-content\/uploads\/2013\/09\/policja-180x130.jpg\" alt=\"\" width=\"180\" height=\"130\" \/><\/a>Ferie zimowe 2021 wygl\u0105daj\u0105 nieco inaczej ni\u017c dotychczas, z uwagi na panuj\u0105c\u0105 pandemi\u0119 koronawirusa w Polsce i na \u015bwiecie. W ca\u0142ym kraju zimowy wypoczynek trwa do 17 stycznia.<\/strong> <!--more--><\/p>\n<p><strong>Przypominamy o zasadach ich bezpiecznego sp\u0119dzenia.<\/strong><\/p>\n<p>Czas wolny od nauki oraz uchylone ograniczenia w zakresie przemieszczania si\u0119 ma\u0142oletnich do 16 roku \u017cycia z pewno\u015bci\u0105 spowoduj\u0105 wzmo\u017cony ruch dzieci i m\u0142odzie\u017cy w miejscach publicznych. Dlatego przypominamy zasady bezpiecznego poruszania si\u0119 po drogach, nale\u017cy: dostosowa\u0107 pr\u0119dko\u015b\u0107 do panuj\u0105cych warunk\u00f3w drogowych i atmosferycznych; nie wyprzedza\u0107 na przej\u015bciach dla pieszych lub bezpo\u015brednio przed nimi; udziela\u0107 pierwsze\u0144stwa przejazdu; korzysta\u0107 z pas\u00f3w bezpiecze\u0144stwa, przewozi\u0107 dzieci w foteliku bezpiecze\u0144stwa lub innym urz\u0105dzeniu przytrzymuj\u0105cym dla dzieci); sprawdza\u0107 stan techniczny pojazdu; zadba\u0107 o sw\u00f3j stan psychofizyczny; przechodzi\u0107 przez jezdni\u0119 w miejscach dozwolonych; nie wychodzi\u0107 na jezdni\u0119 zza przeszkody, pojazd\u00f3w i bezpo\u015brednio przed jad\u0105cy pojazd; stosowa\u0107 si\u0119 do sygnalizacji \u015bwietlnej; pami\u0119ta\u0107 o posiadaniu element\u00f3w odblaskowych &#8211; poruszaj\u0105c si\u0119 po drodze po zmierzchu poza obszarem zabudowanym.<\/p>\n<p>Nale\u017cy pami\u0119ta\u0107 i zachowa\u0107: zdrowy rozs\u0105dek i ostro\u017cno\u015b\u0107; zawsze informowa\u0107 rodzic\u00f3w, gdzie i z kim b\u0119dziesz przebywa\u0107; wracaj do domu zawsze o ustalonej porze; nie rzucaj w jad\u0105ce pojazdy \u015bnie\u017ckami, gdy\u017c reakcja kierowcy na takie zachowanie mo\u017ce spowodowa\u0107 wypadek drogowy lub kolizj\u0119; przebywaj\u0105c w pobli\u017cu jezdni pami\u0119taj, \u017ce w okresie zimowym droga hamowania pojazd\u00f3w ulega znacznemu wyd\u0142u\u017ceniu.<\/p>\n<p>Ponadto w tym okresie widoczno\u015b\u0107 na drodze jest ograniczona, co powoduje wyd\u0142u\u017cenie czasu reakcji na zagro\u017cenie na drodze. U\u017cywa\u0107 nale\u017cy element\u00f3w odblaskowych na odzie\u017cy zewn\u0119trznej. Pami\u0119ta\u0107, \u017ce najbezpieczniej jest bawi\u0107 si\u0119 pod opiek\u0105 doros\u0142ych, opiekun\u00f3w.<\/p>\n<p><strong>Autor:<\/strong> KWP z\/s w Radomiu<\/p>\n","protected":false},"excerpt":{"rendered":"<p>Ferie zimowe 2021 wygl\u0105daj\u0105 nieco inaczej ni\u017c dotychczas, z uwagi na panuj\u0105c\u0105 pandemi\u0119 koronawirusa w Polsce i na \u015bwiecie. W ca\u0142ym kraju zimowy wypoczynek trwa do 17 stycznia.<\/p>\n","protected":false},"author":1,"featured_media":0,"comment_status":"closed","ping_status":"closed","sticky":false,"template":"","format":"standard","meta":{"footnotes":""},"categories":[5,266,4],"tags":[3311,1385],"class_list":["post-24218","post","type-post","status-publish","format-standard","hentry","category-newsy","category-policja-policja-straz-pozarna-pogotowie-ratunkowe","category-policja-straz-pozarna-pogotowie-ratunkowe","tag-ferie-zimowe-2020","tag-komenda-wojewodzka-policji-zs-w-radomiu"],"views":1913,"_links":{"self":[{"href":"http:\/\/info.sadowne.pl\/index.php?rest_route=\/wp\/v2\/posts\/24218","targetHints":{"allow":["GET"]}}],"collection":[{"href":"http:\/\/info.sadowne.pl\/index.php?rest_route=\/wp\/v2\/posts"}],"about":[{"href":"http:\/\/info.sadowne.pl\/index.php?rest_route=\/wp\/v2\/types\/post"}],"author":[{"embeddable":true,"href":"http:\/\/info.sadowne.pl\/index.php?rest_route=\/wp\/v2\/users\/1"}],"replies":[{"embeddable":true,"href":"http:\/\/info.sadowne.pl\/index.php?rest_route=%2Fwp%2Fv2%2Fcomments&post=24218"}],"version-history":[{"count":1,"href":"http:\/\/info.sadowne.pl\/index.php?rest_route=\/wp\/v2\/posts\/24218\/revisions"}],"predecessor-version":[{"id":24219,"href":"http:\/\/info.sadowne.pl\/index.php?rest_route=\/wp\/v2\/posts\/24218\/revisions\/24219"}],"wp:attachment":[{"href":"http:\/\/info.sadowne.pl\/index.php?rest_route=%2Fwp%2Fv2%2Fmedia&parent=24218"}],"wp:term":[{"taxonomy":"category","embeddable":true,"href":"http:\/\/info.sadowne.pl\/index.php?rest_route=%2Fwp%2Fv2%2Fcategories&post=24218"},{"taxonomy":"post_tag","embeddable":true,"href":"http:\/\/info.sadowne.pl\/index.php?rest_route=%2Fwp%2Fv2%2Ftags&post=24218"}],"curies":[{"name":"wp","href":"https:\/\/api.w.org\/{rel}","templated":true}]}}