{"id":24220,"date":"2021-01-15T15:53:30","date_gmt":"2021-01-15T14:53:30","guid":{"rendered":"http:\/\/info.sadowne.pl\/?p=24220"},"modified":"2021-01-15T15:53:30","modified_gmt":"2021-01-15T14:53:30","slug":"jeszcze-swiatecznie-glosujmy-na-maje-i-oliwie","status":"publish","type":"post","link":"http:\/\/info.sadowne.pl\/?p=24220","title":{"rendered":"Jeszcze \u015bwi\u0105tecznie\u2026. g\u0142osujmy na Maj\u0119 i Oliwi\u0119!"},"content":{"rendered":"<p><strong><a href=\"http:\/\/info.sadowne.pl\/wp-content\/uploads\/2021\/01\/2021.01.15.1.jpg\"><img loading=\"lazy\" decoding=\"async\" class=\"alignleft size-thumbnail wp-image-24221\" src=\"http:\/\/info.sadowne.pl\/wp-content\/uploads\/2021\/01\/2021.01.15.1-180x130.jpg\" alt=\"\" width=\"180\" height=\"130\" \/><\/a>Uczennice klasy VII b Szko\u0142y Podstawowej w Sadownem &#8211; Maja Pop\u0142awska i Oliwia Wieliczko &#8211; bior\u0105 udzia\u0142 w Konkursie Piosenki \u015awi\u0105tecznej \u201eNastr\u00f3j si\u0119 na \u015bwi\u0119ta\u201d.<\/strong><!--more--><\/p>\n<p>W Konkursie Piosenki \u015awi\u0105tecznej &#8222;Nastr\u00f3j si\u0119 na \u015bwi\u0119ta&#8221;, kt\u00f3ry organizowany jest przez Samorz\u0105dow\u0105 Szko\u0142\u0119 Podstawow\u0105 w Ruchnie wy\u0142oniona zostanie r\u00f3wnie\u017c nagroda publiczno\u015bci &#8211; otrzyma j\u0105 wykonanie z najwi\u0119ksz\u0105 ilo\u015bci\u0105 polubie\u0144 umieszczonych pod filmem na YouYube.<\/p>\n<p><strong>Sadowie\u0144sk\u0105 Szko\u0142\u0119 oraz Gmin\u0119 Sadowne reprezentuj\u0105: Maja Pop\u0142awska i Oliwia Wieliczko.<\/strong><\/p>\n<p><span style=\"color: #ff0000;\"><strong>Bardzo prosimy o udost\u0119pnianie i polubienia ich wyst\u0105pie\u0144 na YOUTUBE (g\u0142osowanie tylko do 17 stycznia w\u0142\u0105cznie).<\/strong><\/span> Poni\u017cej linki do ich wyst\u0119p\u00f3w.<\/p>\n<p><strong>Wspierajmy i dbajmy o Nasze dzieci!!!<\/strong><\/p>\n<p><span style=\"color: #0000ff;\"><strong><a style=\"color: #0000ff;\" href=\"https:\/\/www.youtube.com\/watch?v=tBMdVXjCuhA\">Maja Pop\u0142awska &#8222;Jad\u0119 na \u015bwi\u0119ta&#8221; &#8211; YouTube<\/a><\/strong><\/span><\/p>\n<p><span style=\"color: #0000ff;\"><strong><a style=\"color: #0000ff;\" href=\"https:\/\/www.youtube.com\/watch?v=9QNTmq6RmnE\">Oliwia Wieliczko &#8222;Jad\u0119 na \u015bwi\u0119ta&#8221; &#8211; YouTube<\/a><\/strong><\/span><\/p>\n","protected":false},"excerpt":{"rendered":"<p>Uczennice klasy VII b Szko\u0142y Podstawowej w Sadownem &#8211; Maja Pop\u0142awska i Oliwia Wieliczko &#8211; bior\u0105 udzia\u0142 w Konkursie Piosenki \u015awi\u0105tecznej \u201eNastr\u00f3j si\u0119 na \u015bwi\u0119ta\u201d.<\/p>\n","protected":false},"author":1,"featured_media":0,"comment_status":"closed","ping_status":"closed","sticky":false,"template":"","format":"standard","meta":{"footnotes":""},"categories":[5,1752,84],"tags":[3487,3485,3486],"class_list":["post-24220","post","type-post","status-publish","format-standard","hentry","category-newsy","category-edukacja","category-szkola-podstawowa-im-cz-wycecha","tag-konkurs-piosenki-swiatecznej-nastroj-sie-na-swieta","tag-maja-poplawska","tag-oliwia-wieliczko"],"views":2439,"_links":{"self":[{"href":"http:\/\/info.sadowne.pl\/index.php?rest_route=\/wp\/v2\/posts\/24220","targetHints":{"allow":["GET"]}}],"collection":[{"href":"http:\/\/info.sadowne.pl\/index.php?rest_route=\/wp\/v2\/posts"}],"about":[{"href":"http:\/\/info.sadowne.pl\/index.php?rest_route=\/wp\/v2\/types\/post"}],"author":[{"embeddable":true,"href":"http:\/\/info.sadowne.pl\/index.php?rest_route=\/wp\/v2\/users\/1"}],"replies":[{"embeddable":true,"href":"http:\/\/info.sadowne.pl\/index.php?rest_route=%2Fwp%2Fv2%2Fcomments&post=24220"}],"version-history":[{"count":2,"href":"http:\/\/info.sadowne.pl\/index.php?rest_route=\/wp\/v2\/posts\/24220\/revisions"}],"predecessor-version":[{"id":24223,"href":"http:\/\/info.sadowne.pl\/index.php?rest_route=\/wp\/v2\/posts\/24220\/revisions\/24223"}],"wp:attachment":[{"href":"http:\/\/info.sadowne.pl\/index.php?rest_route=%2Fwp%2Fv2%2Fmedia&parent=24220"}],"wp:term":[{"taxonomy":"category","embeddable":true,"href":"http:\/\/info.sadowne.pl\/index.php?rest_route=%2Fwp%2Fv2%2Fcategories&post=24220"},{"taxonomy":"post_tag","embeddable":true,"href":"http:\/\/info.sadowne.pl\/index.php?rest_route=%2Fwp%2Fv2%2Ftags&post=24220"}],"curies":[{"name":"wp","href":"https:\/\/api.w.org\/{rel}","templated":true}]}}