{"id":24290,"date":"2021-02-11T10:28:27","date_gmt":"2021-02-11T09:28:27","guid":{"rendered":"http:\/\/info.sadowne.pl\/?p=24290"},"modified":"2021-02-11T13:28:50","modified_gmt":"2021-02-11T12:28:50","slug":"zachecamy-do-zakupienia","status":"publish","type":"post","link":"http:\/\/info.sadowne.pl\/?p=24290","title":{"rendered":"Zach\u0119camy do zakupienia!"},"content":{"rendered":"<p><strong><a href=\"http:\/\/info.sadowne.pl\/wp-content\/uploads\/2021\/02\/2021.02.11.1.jpg\"><img loading=\"lazy\" decoding=\"async\" class=\"alignleft size-thumbnail wp-image-24291\" src=\"http:\/\/info.sadowne.pl\/wp-content\/uploads\/2021\/02\/2021.02.11.1-180x130.jpg\" alt=\"\" width=\"180\" height=\"130\" \/><\/a>Na pro\u015bb\u0119 naszej czytelniczki publikujemy przes\u0142an\u0105 nam informacj\u0119 o mo\u017cliwo\u015bci zakupu nowej ksi\u0105\u017cki pt. \u201eWrota przesz\u0142o\u015bci. S\u0142ownik gwarowo-kulturowy Treblinki i okolic\u201d, kt\u00f3ra zawiera r\u00f3wnie\u017c informacje o Gminie Sadowne. <\/strong><!--more--><\/p>\n<p><em>Szanowna Redakcjo Portalu &#8222;Info Sadowne&#8221;,<\/em><\/p>\n<p><em>Napisa\u0142am ksi\u0105\u017ck\u0119 pt. &#8222;Wrota do przesz\u0142o\u015bci. S\u0142ownik gwarowo-kulturowy Treblinki i okolic&#8221;, kt\u00f3ra liczy 845 stron, ma twarde ok\u0142adki, format 160&#215;230. Opr\u00f3cz g\u0142\u00f3wnego s\u0142ownika zawiera dwa mniejsze: &#8222;Toponimia i mikrotoponimia&#8221; oraz &#8222;Imiona i nazwiska&#8221; (pochodzenie). <\/em><\/p>\n<p><em><a href=\"http:\/\/info.sadowne.pl\/wp-content\/uploads\/2021\/02\/2021.02.11.1.jpg\" target=\"_blank\" rel=\"noopener\"><img loading=\"lazy\" decoding=\"async\" class=\"alignright wp-image-24291 size-medium\" src=\"http:\/\/info.sadowne.pl\/wp-content\/uploads\/2021\/02\/2021.02.11.1-199x300.jpg\" alt=\"\" width=\"199\" height=\"300\" srcset=\"http:\/\/info.sadowne.pl\/wp-content\/uploads\/2021\/02\/2021.02.11.1-199x300.jpg 199w, http:\/\/info.sadowne.pl\/wp-content\/uploads\/2021\/02\/2021.02.11.1.jpg 528w\" sizes=\"auto, (max-width: 199px) 100vw, 199px\" \/><\/a>Uk\u0142ad s\u0142ownika jest alfabetycznie u\u0142o\u017cony i wygl\u0105da nast\u0119puj\u0105co: poj\u0119cie i jego wyja\u015bnienie oraz zdania, w kt\u00f3rych u\u017cyty jest ten wyraz, podobnie jak w s\u0142owniku PWN. Jest to nowo\u015b\u0107 wydawnicza, nad kt\u00f3r\u0105 pracowa\u0142am przez kilka ostatnich lat. Wiedza pochodzi z regionalnych ksi\u0105\u017cek, archiwalnych dokument\u00f3w, map, od blisko 100 Informator\u00f3w.<\/em><\/p>\n<p><em>S\u0142ownik zawiera informacje o rolnictwie, urz\u0119dzie, kolejnictwie, o pracach domowych, o kulturze oraz o obozie zag\u0142ady i pracy w Treblince. Obejmuje materia\u0142 w du\u017cej mierze nowy, nigdzie nie publikowany. S\u0105 r\u00f3wnie\u017c informacje dotycz\u0105ce Gminy Sadowne.<\/em><em>\u00a0<\/em><\/p>\n<p><em>Cz\u0119\u015b\u0107 ksi\u0105\u017cek sprzeda\u0142am, cz\u0119\u015b\u0107 jeszcze mam. Cena 70 z\u0142.\u00a0<\/em><\/p>\n<p><em>(telef. 789 032 188)<\/em><\/p>\n<p><em>Serdecznie pozdrawiam<\/em><\/p>\n<p><em>Halina Rytel-Skorek<\/em><\/p>\n<p><em>Treblinka<\/em><\/p>\n","protected":false},"excerpt":{"rendered":"<p>Na pro\u015bb\u0119 naszej czytelniczki publikujemy przes\u0142an\u0105 nam informacj\u0119 o mo\u017cliwo\u015bci zakupu nowej ksi\u0105\u017cki pt. \u201eWrota przesz\u0142o\u015bci. S\u0142ownik gwarowo-kulturowy Treblinki i okolic\u201d, kt\u00f3ra zawiera r\u00f3wnie\u017c informacje o Gminie Sadowne.<\/p>\n","protected":false},"author":1,"featured_media":0,"comment_status":"closed","ping_status":"closed","sticky":false,"template":"","format":"standard","meta":{"footnotes":""},"categories":[5,1973,31],"tags":[3500,101,3501],"class_list":["post-24290","post","type-post","status-publish","format-standard","hentry","category-newsy","category-pisali-o-sadownem","category-historia-gminy","tag-halina-rytel-skorek","tag-historia-gminy-sadowne","tag-wrota-do-przeszlosci-slownik-gwarowo-kulturowy-treblinki-i-okolic"],"views":2681,"_links":{"self":[{"href":"http:\/\/info.sadowne.pl\/index.php?rest_route=\/wp\/v2\/posts\/24290","targetHints":{"allow":["GET"]}}],"collection":[{"href":"http:\/\/info.sadowne.pl\/index.php?rest_route=\/wp\/v2\/posts"}],"about":[{"href":"http:\/\/info.sadowne.pl\/index.php?rest_route=\/wp\/v2\/types\/post"}],"author":[{"embeddable":true,"href":"http:\/\/info.sadowne.pl\/index.php?rest_route=\/wp\/v2\/users\/1"}],"replies":[{"embeddable":true,"href":"http:\/\/info.sadowne.pl\/index.php?rest_route=%2Fwp%2Fv2%2Fcomments&post=24290"}],"version-history":[{"count":3,"href":"http:\/\/info.sadowne.pl\/index.php?rest_route=\/wp\/v2\/posts\/24290\/revisions"}],"predecessor-version":[{"id":24295,"href":"http:\/\/info.sadowne.pl\/index.php?rest_route=\/wp\/v2\/posts\/24290\/revisions\/24295"}],"wp:attachment":[{"href":"http:\/\/info.sadowne.pl\/index.php?rest_route=%2Fwp%2Fv2%2Fmedia&parent=24290"}],"wp:term":[{"taxonomy":"category","embeddable":true,"href":"http:\/\/info.sadowne.pl\/index.php?rest_route=%2Fwp%2Fv2%2Fcategories&post=24290"},{"taxonomy":"post_tag","embeddable":true,"href":"http:\/\/info.sadowne.pl\/index.php?rest_route=%2Fwp%2Fv2%2Ftags&post=24290"}],"curies":[{"name":"wp","href":"https:\/\/api.w.org\/{rel}","templated":true}]}}