{"id":24323,"date":"2021-02-28T15:57:29","date_gmt":"2021-02-28T14:57:29","guid":{"rendered":"http:\/\/info.sadowne.pl\/?p=24323"},"modified":"2021-03-14T17:14:21","modified_gmt":"2021-03-14T16:14:21","slug":"dzieje-gminy-sadowne","status":"publish","type":"post","link":"http:\/\/info.sadowne.pl\/?p=24323","title":{"rendered":"Dzieje Gminy Sadowne\u2026"},"content":{"rendered":"<p><strong><a href=\"http:\/\/info.sadowne.pl\/wp-content\/uploads\/2021\/02\/2021.02.28.1.jpg\" target=\"_blank\" rel=\"noopener\"><img loading=\"lazy\" decoding=\"async\" class=\"alignleft wp-image-24324 size-thumbnail\" src=\"http:\/\/info.sadowne.pl\/wp-content\/uploads\/2021\/02\/2021.02.28.1-180x130.jpg\" alt=\"\" width=\"180\" height=\"130\" \/><\/a>\u201e<em>Nar\u00f3d, kt\u00f3ry nie zna swojej przesz\u0142o\u015bci, umiera i nie buduje przysz\u0142o\u015bci<\/em>\u201d <em>&#8211; Jan Pawe\u0142 II.<\/em><\/strong><!--more--><\/p>\n<p>26 lutego 2021 r. w Gminnym O\u015brodku Kultury w Sadownem dosz\u0142o do spotkania lokalnych historyk\u00f3w, dzia\u0142aczy spo\u0142ecznych i os\u00f3b interesuj\u0105cych si\u0119 dziejami naszej okolicy.<\/p>\n<p>Na spotkanie przybyli:<\/p>\n<p>&#8211; proboszcz parafii Sadowne ks. Antoni Kunicki,<\/p>\n<p>&#8211; Ewa Pi\u00f3rkowska &#8211; Stowarzyszenie na Rzecz Rozwoju Gminy Sadowne,<\/p>\n<p>&#8211; Beata Kostecka, Ireneusz W\u0119grzyn, Tomasz Ga\u0142\u0105zka, Sylwia Ga\u0142\u0105zka &#8211; Stowarzyszenie Rozwoju Wsi P\u0142atkownica,<\/p>\n<p>&#8211; S\u0142awomir Akonom , Krzysztof Parys &#8211; lokalni historycy,<\/p>\n<p>&#8211; Krzysztof K\u0105dziela, Emil Filipiak, Gra\u017cyna Fr\u0105czek \u2013 sympatycy Ziemi Sadowie\u0144skiej.<\/p>\n<p><a href=\"http:\/\/info.sadowne.pl\/wp-content\/uploads\/2021\/02\/2021.02.28.2.jpg\" target=\"_blank\" rel=\"noopener\"><img loading=\"lazy\" decoding=\"async\" class=\"alignright wp-image-24325 size-medium\" src=\"http:\/\/info.sadowne.pl\/wp-content\/uploads\/2021\/02\/2021.02.28.2-300x157.jpg\" alt=\"\" width=\"300\" height=\"157\" srcset=\"http:\/\/info.sadowne.pl\/wp-content\/uploads\/2021\/02\/2021.02.28.2-300x157.jpg 300w, http:\/\/info.sadowne.pl\/wp-content\/uploads\/2021\/02\/2021.02.28.2-1024x536.jpg 1024w, http:\/\/info.sadowne.pl\/wp-content\/uploads\/2021\/02\/2021.02.28.2-768x402.jpg 768w, http:\/\/info.sadowne.pl\/wp-content\/uploads\/2021\/02\/2021.02.28.2-1536x804.jpg 1536w, http:\/\/info.sadowne.pl\/wp-content\/uploads\/2021\/02\/2021.02.28.2.jpg 1736w\" sizes=\"auto, (max-width: 300px) 100vw, 300px\" \/><\/a>Celem, jaki przy\u015bwieca\u0142 temu spotkaniu, by\u0142o wypracowanie za\u0142o\u017ce\u0144 do publikacji, kt\u00f3ra na nowo zebra\u0142aby histori\u0119 Gminy Sadowne, a tam, gdzie wyst\u0119powa\u0142y do tej pory nie\u015bcis\u0142o\u015bci, wyja\u015bnienie ich i zapisanie w nale\u017cytym porz\u0105dku. Praca ta ma obj\u0105\u0107 histori\u0119 naszej gminy od czas\u00f3w najdawniejszych do wybuchu II Wojny \u015awiatowej.<\/p>\n<p>Mamy nadziej\u0119, \u017ce ksi\u0105\u017cka ta przyczyni si\u0119 do godnego upami\u0119tnienia zbli\u017caj\u0105cych si\u0119 rocznic wydarze\u0144 naszej gminy takich, jak: 500-lecie erygowania Parafii (1524 r.), 600-lecie lokacji miasta Ra\u017cny (1425r.) czy 160-lecie wybuchu Powstania Styczniowego.<\/p>\n<p>Ramy czasowe i szczeg\u00f3\u0142y tworzenia tego dzie\u0142a zostan\u0105 ustalone na kolejnym spotkaniu, kt\u00f3re odb\u0119dzie si\u0119 za miesi\u0105c. Zach\u0119camy wszystkie osoby posiadaj\u0105ce ch\u0119ci i zapa\u0142 do w\u0142\u0105czenia si\u0119 w powstanie tego dzie\u0142a oraz o zbieranie i dostarczanie pami\u0105tek w postaci list\u00f3w, akt\u00f3w, zdj\u0119\u0107, map czy historii s\u0142ownych do Gminnego O\u015brodka Kultury w Sadownem. Wszystkie materia\u0142y zostan\u0105 opisane, a w pozycji ksi\u0105\u017ckowej wymienieni zostan\u0105 ich darczy\u0144cy.<\/p>\n<p>Prosimy o dostarczanie nawet z pozoru ma\u0142o wa\u017cnych materia\u0142\u00f3w historycznych. Zostan\u0105 one utrwalone cyfrowo i wykorzystane do prac w innych projektach. Dodatkowo wszystkie dokumenty zebrane w tym okresie zostan\u0105 wydane, jako zbi\u00f3r lu\u017anych dokument\u00f3w z kr\u00f3tkim opisem i danymi darczy\u0144cy.<\/p>\n<p><strong>Stw\u00f3rzmy wsp\u00f3lnie co\u015b wielkiego dla kolejnych pokole\u0144\u00a0 i ocalmy od zapomnienia nasz\u0105 histori\u0119.<\/strong><\/p>\n<p><strong>Tekst:<\/strong> Emil Filipiak<\/p>\n","protected":false},"excerpt":{"rendered":"<p>\u201eNar\u00f3d, kt\u00f3ry nie zna swojej przesz\u0142o\u015bci, umiera i nie buduje przysz\u0142o\u015bci\u201d &#8211; Jan Pawe\u0142 II.<\/p>\n","protected":false},"author":1,"featured_media":0,"comment_status":"closed","ping_status":"closed","sticky":false,"template":"","format":"standard","meta":{"footnotes":""},"categories":[5,3518,31],"tags":[3509,101],"class_list":["post-24323","post","type-post","status-publish","format-standard","hentry","category-newsy","category-sadowne-historie-nieznane","category-historia-gminy","tag-emil-filipiak","tag-historia-gminy-sadowne"],"views":2646,"_links":{"self":[{"href":"http:\/\/info.sadowne.pl\/index.php?rest_route=\/wp\/v2\/posts\/24323","targetHints":{"allow":["GET"]}}],"collection":[{"href":"http:\/\/info.sadowne.pl\/index.php?rest_route=\/wp\/v2\/posts"}],"about":[{"href":"http:\/\/info.sadowne.pl\/index.php?rest_route=\/wp\/v2\/types\/post"}],"author":[{"embeddable":true,"href":"http:\/\/info.sadowne.pl\/index.php?rest_route=\/wp\/v2\/users\/1"}],"replies":[{"embeddable":true,"href":"http:\/\/info.sadowne.pl\/index.php?rest_route=%2Fwp%2Fv2%2Fcomments&post=24323"}],"version-history":[{"count":2,"href":"http:\/\/info.sadowne.pl\/index.php?rest_route=\/wp\/v2\/posts\/24323\/revisions"}],"predecessor-version":[{"id":24327,"href":"http:\/\/info.sadowne.pl\/index.php?rest_route=\/wp\/v2\/posts\/24323\/revisions\/24327"}],"wp:attachment":[{"href":"http:\/\/info.sadowne.pl\/index.php?rest_route=%2Fwp%2Fv2%2Fmedia&parent=24323"}],"wp:term":[{"taxonomy":"category","embeddable":true,"href":"http:\/\/info.sadowne.pl\/index.php?rest_route=%2Fwp%2Fv2%2Fcategories&post=24323"},{"taxonomy":"post_tag","embeddable":true,"href":"http:\/\/info.sadowne.pl\/index.php?rest_route=%2Fwp%2Fv2%2Ftags&post=24323"}],"curies":[{"name":"wp","href":"https:\/\/api.w.org\/{rel}","templated":true}]}}