{"id":24330,"date":"2021-03-01T11:44:52","date_gmt":"2021-03-01T10:44:52","guid":{"rendered":"http:\/\/info.sadowne.pl\/?p=24330"},"modified":"2021-03-01T11:44:52","modified_gmt":"2021-03-01T10:44:52","slug":"kronika-policyjna-22-26-lutego-2021","status":"publish","type":"post","link":"http:\/\/info.sadowne.pl\/?p=24330","title":{"rendered":"Kronika policyjna 22 \u2013 26 lutego 2021"},"content":{"rendered":"<p><strong><a href=\"http:\/\/info.sadowne.pl\/wp-content\/uploads\/2015\/04\/komisariat-3.jpg\"><img loading=\"lazy\" decoding=\"async\" class=\"alignleft size-thumbnail wp-image-8553\" src=\"http:\/\/info.sadowne.pl\/wp-content\/uploads\/2015\/04\/komisariat-3-180x130.jpg\" alt=\"\" width=\"180\" height=\"130\" \/><\/a>W ostatnich dniach na terenie powiatu w\u0119growskiego dosz\u0142o do zdarze\u0144 drogowych. Policjanci apeluj\u0105 o ostro\u017cno\u015b\u0107 i rozwag\u0119.<\/strong><!--more--><\/p>\n<p>22 lutego m. Budziska mieszkaniec Warszawy, kieruj\u0105c pojazdem marki Renault nie zachowa\u0142 bezpiecznej odleg\u0142o\u015bci od poprzedzaj\u0105cego go pojazdu marki Opel naje\u017cd\u017caj\u0105c na jego ty\u0142. Nikt nie dozna\u0142 obra\u017ce\u0144.<\/p>\n<p>23 lutego w m. Wola Orzeszowska mieszkaniec pow. w\u0119growskiego, kieruj\u0105c pojazdem marki BMW na \u0142uku drogi nie dostosowa\u0142 pr\u0119dko\u015bci do warunk\u00f3w drogowych w wyniku czego uderzy\u0142 w drzewo. Nikt nie dozna\u0142 obra\u017ce\u0144.<\/p>\n<p>25 lutego w m. \u0141och\u00f3w mieszkaniec pow. w\u0119growskiego, kieruj\u0105c pojazdem marki Suzuki wykonuj\u0105c manewr cofania uszkodzi\u0142 pojazd Ford. Nikt nie dozna\u0142 obra\u017ce\u0144.<\/p>\n<p>26 lutego w m. Miedzna mieszkanka pow. w\u0119growskiego, kieruj\u0105c pojazdem marki Opel spowodowa\u0142a zagro\u017cenie bezpiecze\u0144stwa w ruchu drogowym w ten spos\u00f3b, \u017ce nie zachowa\u0142a ostro\u017cno\u015bci podczas wykonywania manewru cofania i doprowadzi\u0142a do zderzenia z prawid\u0142owo kieruj\u0105cym pojazdem marki Volkswagen. Nikt nie dozna\u0142 obra\u017ce\u0144.<\/p>\n<p>W tym samym dniu w m. \u0141och\u00f3w mieszkaniec pow. w\u0119growskiego, kieruj\u0105c pojazdem marki Opel nieprawid\u0142owo wykonuj\u0105c manewr cofania najecha\u0142 na unieruchomiony pojazd marki VW. Nikt nie dozna\u0142 obra\u017ce\u0144.<\/p>\n<p><strong>Policjanci apeluj\u0105 o ostro\u017cno\u015b\u0107 i zwi\u0119kszon\u0105 uwag\u0119 na drogach <\/strong><\/p>\n<p><strong>m\u0142. asp. Monika Ksi\u0119\u017copolska<\/strong><\/p>\n","protected":false},"excerpt":{"rendered":"<p>W ostatnich dniach na terenie powiatu w\u0119growskiego dosz\u0142o do zdarze\u0144 drogowych. Policjanci apeluj\u0105 o ostro\u017cno\u015b\u0107 i rozwag\u0119.<\/p>\n","protected":false},"author":1,"featured_media":0,"comment_status":"closed","ping_status":"closed","sticky":false,"template":"","format":"standard","meta":{"footnotes":""},"categories":[5,266,4],"tags":[261,3174],"class_list":["post-24330","post","type-post","status-publish","format-standard","hentry","category-newsy","category-policja-policja-straz-pozarna-pogotowie-ratunkowe","category-policja-straz-pozarna-pogotowie-ratunkowe","tag-komenda-powiatowa-policji-w-wegrowie","tag-kronika-policyjna"],"views":1933,"_links":{"self":[{"href":"http:\/\/info.sadowne.pl\/index.php?rest_route=\/wp\/v2\/posts\/24330","targetHints":{"allow":["GET"]}}],"collection":[{"href":"http:\/\/info.sadowne.pl\/index.php?rest_route=\/wp\/v2\/posts"}],"about":[{"href":"http:\/\/info.sadowne.pl\/index.php?rest_route=\/wp\/v2\/types\/post"}],"author":[{"embeddable":true,"href":"http:\/\/info.sadowne.pl\/index.php?rest_route=\/wp\/v2\/users\/1"}],"replies":[{"embeddable":true,"href":"http:\/\/info.sadowne.pl\/index.php?rest_route=%2Fwp%2Fv2%2Fcomments&post=24330"}],"version-history":[{"count":1,"href":"http:\/\/info.sadowne.pl\/index.php?rest_route=\/wp\/v2\/posts\/24330\/revisions"}],"predecessor-version":[{"id":24331,"href":"http:\/\/info.sadowne.pl\/index.php?rest_route=\/wp\/v2\/posts\/24330\/revisions\/24331"}],"wp:attachment":[{"href":"http:\/\/info.sadowne.pl\/index.php?rest_route=%2Fwp%2Fv2%2Fmedia&parent=24330"}],"wp:term":[{"taxonomy":"category","embeddable":true,"href":"http:\/\/info.sadowne.pl\/index.php?rest_route=%2Fwp%2Fv2%2Fcategories&post=24330"},{"taxonomy":"post_tag","embeddable":true,"href":"http:\/\/info.sadowne.pl\/index.php?rest_route=%2Fwp%2Fv2%2Ftags&post=24330"}],"curies":[{"name":"wp","href":"https:\/\/api.w.org\/{rel}","templated":true}]}}