{"id":24369,"date":"2021-03-08T07:57:39","date_gmt":"2021-03-08T06:57:39","guid":{"rendered":"http:\/\/info.sadowne.pl\/?p=24369"},"modified":"2021-03-08T13:58:00","modified_gmt":"2021-03-08T12:58:00","slug":"kronika-policyjna-03-07-03-2021","status":"publish","type":"post","link":"http:\/\/info.sadowne.pl\/?p=24369","title":{"rendered":"Kronika policyjna 03 \u2013 07.03.2021"},"content":{"rendered":"<p><strong><a href=\"http:\/\/info.sadowne.pl\/wp-content\/uploads\/2019\/08\/komisariat16.jpg\"><img loading=\"lazy\" decoding=\"async\" class=\"alignleft size-thumbnail wp-image-20958\" src=\"http:\/\/info.sadowne.pl\/wp-content\/uploads\/2019\/08\/komisariat16-180x130.jpg\" alt=\"\" width=\"180\" height=\"130\" \/><\/a>W ostatnich dniach na terenie powiatu w\u0119growskiego dosz\u0142o do zdarze\u0144 drogowych. Policjanci apeluj\u0105 o ostro\u017cno\u015b\u0107 i rozwag\u0119.<\/strong><!--more--><\/p>\n<p>03 marca w m. Jasior\u00f3wka obywatel Ukrainy, kierowa\u0142 pojazdem ci\u0119\u017carowym Scania wykonuj\u0105c manewr skr\u0119tu w prawo doprowadzi\u0142 do zderzenia z samochodem wojskowym marki Iveco. W wyniku zderzenia nikt nie dozna\u0142 obra\u017ce\u0144.<\/p>\n<p>04 marca w m. \u0141och\u00f3w mieszkaniec pow. w\u0119growskiego, kieruj\u0105c pojazdem marki Skoda potr\u0105ci\u0142 znajduj\u0105c\u0105 si\u0119 na przej\u015bciu dla pieszych 56- letni\u0105 kobiet\u0119. W wyniku doznanych obra\u017ce\u0144 piesza zosta\u0142a przewieziona do szpitala. Okoliczno\u015bci zdarzenia wyja\u015bni prowadzone post\u0119powanie w tej sprawie prze KP w \u0141ochowie.<\/p>\n<p>W tym samym dniu w m. Ostr\u00f3wek dosz\u0142o do czo\u0142owego zderzenia si\u0119 pojazdu marki Ford z pojazdem Toyota. Jak ustalono kieruj\u0105ca Fordem mieszkanka pow. w\u0119growskiego znajdowa\u0142a si\u0119 w stanie nietrze\u017awo\u015bci (niespe\u0142na 1,5 promila alkoholu) oraz nie posiada\u0142a wymaganych uprawnie\u0144 do kierowania pojazdami. W wyniku doznanych obra\u017ce\u0144 wszyscy uczestnicy zdarzenia zostali przewiezieni do szpitala. Post\u0119powanie w tej sprawie prowadzi KP w \u0141ochowie.<\/p>\n<p><strong>05 marca w m. Sadowne<\/strong> kieruj\u0105cy pojazdem marki VW w wyniku za\u015bni\u0119cia na prostym odcinku drogi zjecha\u0142 na pobocze, po czym uderzy\u0142 w drzewo. W wyniku doznanych obra\u017ce\u0144 kieruj\u0105cy zosta\u0142 przewieziony do szpitala.<\/p>\n<p>Tego samego dnia w m. Budziska mieszkanka pow. w\u0119growskiego, kieruj\u0105c pojazdem marki Skoda w\u0142\u0105czaj\u0105c si\u0119 do ruchu nie ust\u0105pi\u0142a pierwsze\u0144stwa przejazdu kieruj\u0105cemu pojazdem marki Opel doprowadzaj\u0105c do zderzenia pojazd\u00f3w. Nikt nie dozna\u0142 obra\u017ce\u0144.<\/p>\n<p>05 marca w m. \u0141och\u00f3w mieszkanka pow. w\u0119growskiego, kieruj\u0105c pojazdem marki Toyota wykonuj\u0105c manewr cofania uderzy\u0142a w prawid\u0142owo zaparkowany pojazd marki Suzuki. Nikt nie dozna\u0142 obra\u017ce\u0144.<\/p>\n<p>07 marca w m. W\u0119gr\u00f3w mieszkanka pow. w\u0119growskiego, kieruj\u0105c pojazdem marki Suzuki podczas wykonywania manewru cofania uderzy\u0142a w jad\u0105cy prawid\u0142owo pojazd marki Ford. Nikt nie dozna\u0142 obra\u017ce\u0144.<\/p>\n<p><strong>Policjanci apeluj\u0105 o ostro\u017cno\u015b\u0107 i zwi\u0119kszon\u0105 uwag\u0119 na drogach. <\/strong><\/p>\n<p><strong>m\u0142. asp. Monika Ksi\u0119\u017copolska<\/strong><\/p>\n","protected":false},"excerpt":{"rendered":"<p>W ostatnich dniach na terenie powiatu w\u0119growskiego dosz\u0142o do zdarze\u0144 drogowych. Policjanci apeluj\u0105 o ostro\u017cno\u015b\u0107 i rozwag\u0119.<\/p>\n","protected":false},"author":1,"featured_media":0,"comment_status":"closed","ping_status":"closed","sticky":false,"template":"","format":"standard","meta":{"footnotes":""},"categories":[5,266,4],"tags":[261,2514],"class_list":["post-24369","post","type-post","status-publish","format-standard","hentry","category-newsy","category-policja-policja-straz-pozarna-pogotowie-ratunkowe","category-policja-straz-pozarna-pogotowie-ratunkowe","tag-komenda-powiatowa-policji-w-wegrowie","tag-zdarzenia-drogowe-w-powiecie-wegrowskim"],"views":1869,"_links":{"self":[{"href":"http:\/\/info.sadowne.pl\/index.php?rest_route=\/wp\/v2\/posts\/24369","targetHints":{"allow":["GET"]}}],"collection":[{"href":"http:\/\/info.sadowne.pl\/index.php?rest_route=\/wp\/v2\/posts"}],"about":[{"href":"http:\/\/info.sadowne.pl\/index.php?rest_route=\/wp\/v2\/types\/post"}],"author":[{"embeddable":true,"href":"http:\/\/info.sadowne.pl\/index.php?rest_route=\/wp\/v2\/users\/1"}],"replies":[{"embeddable":true,"href":"http:\/\/info.sadowne.pl\/index.php?rest_route=%2Fwp%2Fv2%2Fcomments&post=24369"}],"version-history":[{"count":1,"href":"http:\/\/info.sadowne.pl\/index.php?rest_route=\/wp\/v2\/posts\/24369\/revisions"}],"predecessor-version":[{"id":24370,"href":"http:\/\/info.sadowne.pl\/index.php?rest_route=\/wp\/v2\/posts\/24369\/revisions\/24370"}],"wp:attachment":[{"href":"http:\/\/info.sadowne.pl\/index.php?rest_route=%2Fwp%2Fv2%2Fmedia&parent=24369"}],"wp:term":[{"taxonomy":"category","embeddable":true,"href":"http:\/\/info.sadowne.pl\/index.php?rest_route=%2Fwp%2Fv2%2Fcategories&post=24369"},{"taxonomy":"post_tag","embeddable":true,"href":"http:\/\/info.sadowne.pl\/index.php?rest_route=%2Fwp%2Fv2%2Ftags&post=24369"}],"curies":[{"name":"wp","href":"https:\/\/api.w.org\/{rel}","templated":true}]}}