{"id":24377,"date":"2021-03-09T16:44:04","date_gmt":"2021-03-09T15:44:04","guid":{"rendered":"http:\/\/info.sadowne.pl\/?p=24377"},"modified":"2021-03-09T16:44:04","modified_gmt":"2021-03-09T15:44:04","slug":"w-tym-roku-jubileusz-gok","status":"publish","type":"post","link":"http:\/\/info.sadowne.pl\/?p=24377","title":{"rendered":"W tym roku jubileusz GOK\u2026"},"content":{"rendered":"<p><a href=\"http:\/\/info.sadowne.pl\/wp-content\/uploads\/2021\/03\/2021.03.09.1.jpg\" target=\"_blank\" rel=\"noopener\"><img loading=\"lazy\" decoding=\"async\" class=\"alignleft wp-image-24378 size-thumbnail\" src=\"http:\/\/info.sadowne.pl\/wp-content\/uploads\/2021\/03\/2021.03.09.1-180x130.jpg\" alt=\"\" width=\"180\" height=\"130\" \/><\/a><\/p>\n<p><strong>2021 to jubileuszowy rok dla Gminnego O\u015brodka Kultury w Sadownem. Mija 10 lat od Jego utworzenia.<\/strong><!--more--><\/p>\n<p>Z oficjalnych \u017ar\u00f3de\u0142 wynika, i\u017c samorz\u0105dow\u0105 instytucj\u0119 kultury pod nazw\u0105 Gminny O\u015brodek Kultury w Sadownem utworzy\u0142a Rada Gminy Sadowne Uchwa\u0142\u0105 nr IV\/17\/2011 z dnia 21 marca 2011 roku.<\/p>\n<p>Przedmiotem dzia\u0142ania nowo utworzonego GOK-u by\u0142o prowadzenie dzia\u0142alno\u015bci kulturalnej na obszarze ca\u0142ej gminy Sadowne, a szczeg\u00f3\u0142owy zakres dzia\u0142ania zawarto w nadanym t\u0105 sam\u0105 Uchwa\u0142\u0105 Statucie.<\/p>\n<p><strong>Rozpocz\u0119cie dzia\u0142alno\u015bci nowej instytucji<\/strong> zaplanowano na dzie\u0144 1 kwietnia 2011 roku, ale <strong>nast\u0105pi\u0142o z pewnym \u201epo\u015blizgiem\u201d \u2013 od 1 lipca 2011 r.<\/strong> Jakie s\u0105 efekty tej dzia\u0142alno\u015bci? Mieszka\u0144cy gminy Sadowne obserwuj\u0105 je na bie\u017c\u0105co, a szczeg\u00f3\u0142y mo\u017cna znale\u017a\u0107 na oficjalnej stronie Gminnego O\u015brodka Kultury w Sadowne.<\/p>\n<p><strong>Jubileusz 10-lecia to wa\u017cna, okr\u0105g\u0142a rocznica wydarzenia<\/strong>, kt\u00f3re mia\u0142o wp\u0142yw na \u017cycie kulturalne naszej Gminy, a wi\u0119c zapewne Jubilat\/Jubilaci zaskocz\u0105 nas r\u00f3\u017cnymi uroczysto\u015bciami organizowanymi dla jej uczczenia.<\/p>\n<p><strong>A teraz?<\/strong> Dla nas czas na sk\u0142adanie Jubilatom najserdeczniejszych \u017cycze\u0144, co niniejszym czynimy. A dla Jubilat\u00f3w? Czas podsumowa\u0144, tworzenia plan\u00f3w na przysz\u0142o\u015b\u0107, ale i przyjmowania zas\u0142u\u017conych pochwa\u0142.<\/p>\n<p>Aby umili\u0107 oczekiwanie na rocznicowe imprezy, na razie zapraszamy Pa\u0144stwa na stron\u0119 internetow\u0105 GOK-u i chwile wspomnie\u0144 tego, co wsp\u00f3lnie prze\u017cyli\u015bmy przez ostatnie lata &#8211; <span style=\"color: #0000ff;\"><strong><a style=\"color: #0000ff;\" href=\"http:\/\/gok.sadowne.pl\/\" target=\"_blank\" rel=\"noopener\">http:\/\/gok.sadowne.pl\/<\/a><\/strong><\/span>.<\/p>\n<p><strong>Tekst\/foto:<\/strong> S\u0142awek Chyli\u0144ski<\/p>\n","protected":false},"excerpt":{"rendered":"<p>2021 to jubileuszowy rok dla Gminnego O\u015brodka Kultury w Sadownem. Mija 10 lat od Jego utworzenia.<\/p>\n","protected":false},"author":1,"featured_media":0,"comment_status":"closed","ping_status":"closed","sticky":false,"template":"","format":"standard","meta":{"footnotes":""},"categories":[5,91,6],"tags":[3516,169],"class_list":["post-24377","post","type-post","status-publish","format-standard","hentry","category-newsy","category-gminny-osrodek-kultury","category-kultura-rozrywka-edukacja","tag-10-lecie-gminnego-osrodka-kultury-w-sadownem","tag-gminny-osrodek-kultury-w-sadownem"],"views":2489,"_links":{"self":[{"href":"http:\/\/info.sadowne.pl\/index.php?rest_route=\/wp\/v2\/posts\/24377","targetHints":{"allow":["GET"]}}],"collection":[{"href":"http:\/\/info.sadowne.pl\/index.php?rest_route=\/wp\/v2\/posts"}],"about":[{"href":"http:\/\/info.sadowne.pl\/index.php?rest_route=\/wp\/v2\/types\/post"}],"author":[{"embeddable":true,"href":"http:\/\/info.sadowne.pl\/index.php?rest_route=\/wp\/v2\/users\/1"}],"replies":[{"embeddable":true,"href":"http:\/\/info.sadowne.pl\/index.php?rest_route=%2Fwp%2Fv2%2Fcomments&post=24377"}],"version-history":[{"count":1,"href":"http:\/\/info.sadowne.pl\/index.php?rest_route=\/wp\/v2\/posts\/24377\/revisions"}],"predecessor-version":[{"id":24379,"href":"http:\/\/info.sadowne.pl\/index.php?rest_route=\/wp\/v2\/posts\/24377\/revisions\/24379"}],"wp:attachment":[{"href":"http:\/\/info.sadowne.pl\/index.php?rest_route=%2Fwp%2Fv2%2Fmedia&parent=24377"}],"wp:term":[{"taxonomy":"category","embeddable":true,"href":"http:\/\/info.sadowne.pl\/index.php?rest_route=%2Fwp%2Fv2%2Fcategories&post=24377"},{"taxonomy":"post_tag","embeddable":true,"href":"http:\/\/info.sadowne.pl\/index.php?rest_route=%2Fwp%2Fv2%2Ftags&post=24377"}],"curies":[{"name":"wp","href":"https:\/\/api.w.org\/{rel}","templated":true}]}}