{"id":24383,"date":"2021-03-11T12:39:58","date_gmt":"2021-03-11T11:39:58","guid":{"rendered":"http:\/\/info.sadowne.pl\/?p=24383"},"modified":"2021-03-11T12:39:58","modified_gmt":"2021-03-11T11:39:58","slug":"sadowne-historie-nieznane","status":"publish","type":"post","link":"http:\/\/info.sadowne.pl\/?p=24383","title":{"rendered":"Sadowne \u2013 historie nieznane"},"content":{"rendered":"<p><strong><a href=\"http:\/\/info.sadowne.pl\/wp-content\/uploads\/2021\/03\/2021.03.11.1.jpg\" target=\"_blank\" rel=\"noopener\"><img loading=\"lazy\" decoding=\"async\" class=\"alignleft wp-image-24384 size-thumbnail\" src=\"http:\/\/info.sadowne.pl\/wp-content\/uploads\/2021\/03\/2021.03.11.1-180x130.jpg\" alt=\"\" width=\"180\" height=\"130\" \/><\/a>To nazwa nowej strony utworzonej przez mi\u0142o\u015bnik\u00f3w historii gminy Sadowne. Strona ta po\u015bwi\u0119cona jest publikowaniu informacji o dawnych dziejach gminy Sadowne, a tak\u017ce przywr\u00f3cenie pami\u0119ci d\u00f3br Ra\u017cny i Ko\u0142odzi\u0105\u017c. <\/strong><!--more--><\/p>\n<p><strong>Administrator strony informuje:<\/strong><\/p>\n<p><em>Strona \u201eSadowne \u2013 historie nieznane\u201d powsta\u0142a z potrzeby ratowania przesz\u0142o\u015bci okolic Sadownego, dawnych d\u00f3br Ra\u017cny i Ko\u0142odzi\u0105\u017c. <\/em><\/p>\n<p><em>Mam nadziej\u0119, \u017ce wsp\u00f3lnymi si\u0142ami uda nam si\u0119 zachowa\u0107 jak najwi\u0119cej informacji o naszym regionie. Zbyt wiele historii, rzeczy przepad\u0142o w zapomnienie tylko dlatego, \u017ce wiedzia\u0142a o tym jedna osoba. Dlatego prosz\u0119 o podj\u0119cie wyzwania i w\u0142\u0105czenie si\u0119 w to wsp\u00f3lne dzie\u0142o. Przegl\u0105dajmy stare fotografie, dokumenty, mapy, nagrywajmy w rodzinie relacje s\u0142owne. Wszystkie te materia\u0142y przyczyni\u0105 si\u0119 do powstania wielu publikacji czy wystaw.<\/em><\/p>\n<p><em>R\u00f3wnolegle ze stron\u0105 powstanie grupa o tej samej nazwie, gdzie cz\u0142onkowie pod swoim nazwiskiem b\u0119d\u0105 mogli dyskutowa\u0107 nad danym tematem czy te\u017c publikowa\u0107 posty z w\u0142asnymi historiami i dokumentami.<\/em><\/p>\n<p><em>Ocalmy nasz\u0105 lokaln\u0105 histori\u0119 od zapomnienia, wsp\u00f3lna praca nad tym projektem sprawi, \u017ce b\u0119dziemy silniejsi jako spo\u0142ecze\u0144stwo i z podniesion\u0105 g\u0142ow\u0105 b\u0119dziemy mogli patrze\u0107 w przysz\u0142o\u015b\u0107 nasz\u0105 i nast\u0119pnych pokole\u0144.<\/em><\/p>\n<p><em>Pozdrawiam<\/em><\/p>\n<p><em>Emil Filipiak<\/em><\/p>\n<p><strong>Polecamy i zach\u0119camy do korzystania z zasob\u00f3w facebookowej strony \u201eSadowne \u2013 historie nieznane\u201d oraz w\u0142\u0105czenia si\u0119 do wsp\u00f3lnego poszukiwania i gromadzenia historycznych informacji o gminie Sadowne i jej okolicach.<\/strong><\/p>\n<p><strong>Zapraszam na stron\u0119 <\/strong><span style=\"color: #0000ff;\"><strong><a style=\"color: #0000ff;\" href=\"http:\/\/www.facebook.com\/Sadowne-historie-nieznane-100357055466865\" target=\"_blank\" rel=\"noopener\">http:\/\/www.facebook.com\/Sadowne-historie-nieznane-100357055466865<\/a><\/strong><\/span><\/p>\n<p><strong>Tekst: <\/strong>S\u0142awek Chyli\u0144ski<\/p>\n<p><strong>\u0179r\u00f3d\u0142o:<\/strong> <a href=\"http:\/\/www.facebook.com\/Sadowne-historie-nieznane-100357055466865\" target=\"_blank\" rel=\"noopener\">www.facebook.com\/Sadowne-historie-nieznane-100357055466865<\/a><\/p>\n","protected":false},"excerpt":{"rendered":"<p>To nazwa nowej strony utworzonej przez mi\u0142o\u015bnik\u00f3w historii gminy Sadowne. Strona ta po\u015bwi\u0119cona jest publikowaniu informacji o dawnych dziejach gminy Sadowne, a tak\u017ce przywr\u00f3cenie pami\u0119ci d\u00f3br Ra\u017cny i Ko\u0142odzi\u0105\u017c.<\/p>\n","protected":false},"author":1,"featured_media":0,"comment_status":"closed","ping_status":"closed","sticky":false,"template":"","format":"standard","meta":{"footnotes":""},"categories":[5,1973,3518,31],"tags":[3509,101,3519],"class_list":["post-24383","post","type-post","status-publish","format-standard","hentry","category-newsy","category-pisali-o-sadownem","category-sadowne-historie-nieznane","category-historia-gminy","tag-emil-filipiak","tag-historia-gminy-sadowne","tag-sadowne-historie-nieznane"],"views":3357,"_links":{"self":[{"href":"http:\/\/info.sadowne.pl\/index.php?rest_route=\/wp\/v2\/posts\/24383","targetHints":{"allow":["GET"]}}],"collection":[{"href":"http:\/\/info.sadowne.pl\/index.php?rest_route=\/wp\/v2\/posts"}],"about":[{"href":"http:\/\/info.sadowne.pl\/index.php?rest_route=\/wp\/v2\/types\/post"}],"author":[{"embeddable":true,"href":"http:\/\/info.sadowne.pl\/index.php?rest_route=\/wp\/v2\/users\/1"}],"replies":[{"embeddable":true,"href":"http:\/\/info.sadowne.pl\/index.php?rest_route=%2Fwp%2Fv2%2Fcomments&post=24383"}],"version-history":[{"count":1,"href":"http:\/\/info.sadowne.pl\/index.php?rest_route=\/wp\/v2\/posts\/24383\/revisions"}],"predecessor-version":[{"id":24385,"href":"http:\/\/info.sadowne.pl\/index.php?rest_route=\/wp\/v2\/posts\/24383\/revisions\/24385"}],"wp:attachment":[{"href":"http:\/\/info.sadowne.pl\/index.php?rest_route=%2Fwp%2Fv2%2Fmedia&parent=24383"}],"wp:term":[{"taxonomy":"category","embeddable":true,"href":"http:\/\/info.sadowne.pl\/index.php?rest_route=%2Fwp%2Fv2%2Fcategories&post=24383"},{"taxonomy":"post_tag","embeddable":true,"href":"http:\/\/info.sadowne.pl\/index.php?rest_route=%2Fwp%2Fv2%2Ftags&post=24383"}],"curies":[{"name":"wp","href":"https:\/\/api.w.org\/{rel}","templated":true}]}}