{"id":24396,"date":"2021-03-15T15:58:34","date_gmt":"2021-03-15T14:58:34","guid":{"rendered":"http:\/\/info.sadowne.pl\/?p=24396"},"modified":"2021-03-15T15:58:34","modified_gmt":"2021-03-15T14:58:34","slug":"kronika-policyjna-08-14-marca-2021","status":"publish","type":"post","link":"http:\/\/info.sadowne.pl\/?p=24396","title":{"rendered":"Kronika policyjna 08 \u2013 14 marca 2021"},"content":{"rendered":"<p><strong><a href=\"http:\/\/info.sadowne.pl\/wp-content\/uploads\/2019\/08\/komisariat16.jpg\"><img loading=\"lazy\" decoding=\"async\" class=\"alignleft size-thumbnail wp-image-20958\" src=\"http:\/\/info.sadowne.pl\/wp-content\/uploads\/2019\/08\/komisariat16-180x130.jpg\" alt=\"\" width=\"180\" height=\"130\" \/><\/a>W ostatnich dniach na terenie powiatu w\u0119growskiego dosz\u0142o do zdarze\u0144 drogowych. Policjanci apeluj\u0105 o ostro\u017cno\u015b\u0107 i rozwag\u0119.<\/strong><!--more--><\/p>\n<p>08 marca w m. \u0141och\u00f3w mieszkanka pow. w\u0119growskiego, kieruj\u0105c pojazdem marki Toyota podczas w\u0142\u0105czania si\u0119 do ruchu nie ust\u0105pi\u0142a pierwsze\u0144stwa przejazdu kieruj\u0105cemu pojazdem marki Skoda. Nikt nie dozna\u0142 obra\u017ce\u0144.<\/p>\n<p>09 marca w m. Po\u0142azie \u015awi\u0119tochowskie mieszkaniec pow. w\u0119growskiego, kieruj\u0105cy pojazdem Opel na \u0142uku drogi podczas manewru wymijania nie dostosowa\u0142 pr\u0119dko\u015bci do warunk\u00f3w panuj\u0105cych na drodze i wpad\u0142 w po\u015blizg uderzaj\u0105c w prz\u00f3d pojazdu VW. Nikt nie dozna\u0142 obra\u017ce\u0144.<\/p>\n<p>11 marca w m. Liw mieszkanka Warszawy, kieruj\u0105c pojazdem marki Seat na \u015bliskiej nawierzchni straci\u0142a panowanie nad pojazdem w wyniku czego zjecha\u0142a do przydro\u017cnego rowu po lewej stronie drogi, gdzie pojazd wywr\u00f3ci\u0142 si\u0119 na dach. Kieruj\u0105ca zosta\u0142a przewieziona do szpitala. Postepowanie prowadzi KPP w W\u0119growie.<\/p>\n<p>14 marca w m. Borzychy mieszkanka pow. siedleckiego, kieruj\u0105c pojazdem marki Seat podczas wykonywania manewru skr\u0119tu w lewo uderzy\u0142a w jad\u0105cy w tym samym kierunku pojazd marki VW, kt\u00f3ry wykonywa\u0142 manewr wyprzedzania kilku pojazd\u00f3w. Nikt nie dozna\u0142 obra\u017ce\u0144.<\/p>\n<p>W tym samym dniu w m. Ogrodniki dosz\u0142o do zderzenia si\u0119 dw\u00f3ch pojazd\u00f3w. Kieruj\u0105cy Hond\u0105 nieprawid\u0142owo zmienia\u0142 pas ruchu, natomiast kieruj\u0105ca VW nieprawid\u0142owo wykonywa\u0142a manewr wyprzedzania na skrzy\u017cowaniu. Nikt nie dozna\u0142 obra\u017ce\u0144.<\/p>\n<p>15 marca w m. Marian\u00f3wka mieszkaniec pow. w\u0119growskiego, kieruj\u0105c pojazdem marki VW na \u0142uku drogi w prawo straci\u0142 panowanie nad pojazdem i zjecha\u0142 na przeciwleg\u0142y pas ruchu zderzaj\u0105c si\u0119 z czo\u0142owo z pojazdem marki Audi. Wszyscy uczestnicy zdarzenia zostali przewiezieni do szpitala. Post\u0119powanie w tej sprawie prowadzi KPP w W\u0119growie.<\/p>\n<p>Policjanci apeluj\u0105 o ostro\u017cno\u015b\u0107 i zwi\u0119kszon\u0105 uwag\u0119 na drogach<\/p>\n<p><strong>m\u0142. asp. Monika Ksi\u0119\u017copolska<\/strong><\/p>\n","protected":false},"excerpt":{"rendered":"<p>W ostatnich dniach na terenie powiatu w\u0119growskiego dosz\u0142o do zdarze\u0144 drogowych. Policjanci apeluj\u0105 o ostro\u017cno\u015b\u0107 i rozwag\u0119.<\/p>\n","protected":false},"author":1,"featured_media":0,"comment_status":"closed","ping_status":"closed","sticky":false,"template":"","format":"standard","meta":{"footnotes":""},"categories":[5,266,4],"tags":[261,3174],"class_list":["post-24396","post","type-post","status-publish","format-standard","hentry","category-newsy","category-policja-policja-straz-pozarna-pogotowie-ratunkowe","category-policja-straz-pozarna-pogotowie-ratunkowe","tag-komenda-powiatowa-policji-w-wegrowie","tag-kronika-policyjna"],"views":2065,"_links":{"self":[{"href":"http:\/\/info.sadowne.pl\/index.php?rest_route=\/wp\/v2\/posts\/24396","targetHints":{"allow":["GET"]}}],"collection":[{"href":"http:\/\/info.sadowne.pl\/index.php?rest_route=\/wp\/v2\/posts"}],"about":[{"href":"http:\/\/info.sadowne.pl\/index.php?rest_route=\/wp\/v2\/types\/post"}],"author":[{"embeddable":true,"href":"http:\/\/info.sadowne.pl\/index.php?rest_route=\/wp\/v2\/users\/1"}],"replies":[{"embeddable":true,"href":"http:\/\/info.sadowne.pl\/index.php?rest_route=%2Fwp%2Fv2%2Fcomments&post=24396"}],"version-history":[{"count":1,"href":"http:\/\/info.sadowne.pl\/index.php?rest_route=\/wp\/v2\/posts\/24396\/revisions"}],"predecessor-version":[{"id":24397,"href":"http:\/\/info.sadowne.pl\/index.php?rest_route=\/wp\/v2\/posts\/24396\/revisions\/24397"}],"wp:attachment":[{"href":"http:\/\/info.sadowne.pl\/index.php?rest_route=%2Fwp%2Fv2%2Fmedia&parent=24396"}],"wp:term":[{"taxonomy":"category","embeddable":true,"href":"http:\/\/info.sadowne.pl\/index.php?rest_route=%2Fwp%2Fv2%2Fcategories&post=24396"},{"taxonomy":"post_tag","embeddable":true,"href":"http:\/\/info.sadowne.pl\/index.php?rest_route=%2Fwp%2Fv2%2Ftags&post=24396"}],"curies":[{"name":"wp","href":"https:\/\/api.w.org\/{rel}","templated":true}]}}