{"id":24443,"date":"2021-03-22T11:29:00","date_gmt":"2021-03-22T10:29:00","guid":{"rendered":"http:\/\/info.sadowne.pl\/?p=24443"},"modified":"2021-03-22T11:29:00","modified_gmt":"2021-03-22T10:29:00","slug":"zrobmy-szum-wokol-wody","status":"publish","type":"post","link":"http:\/\/info.sadowne.pl\/?p=24443","title":{"rendered":"\u201eZr\u00f3bmy szum wok\u00f3\u0142 wody\u201d"},"content":{"rendered":"<p><strong><a href=\"http:\/\/info.sadowne.pl\/wp-content\/uploads\/2021\/03\/2018.05.12.1.jpg\" target=\"_blank\" rel=\"noopener\"><img loading=\"lazy\" decoding=\"async\" class=\"alignleft wp-image-24444 size-thumbnail\" src=\"http:\/\/info.sadowne.pl\/wp-content\/uploads\/2021\/03\/2018.05.12.1-180x130.jpg\" alt=\"\" width=\"180\" height=\"130\" \/><\/a>Na stronie internetowej www.straznicy.wwf.pl w artykule z 21 lipca 2020 roku pt. \u201eJak walczy\u0107 z susz\u0105\u201d Zofia Pawelska podj\u0119\u0142a problem wyst\u0119puj\u0105cego ostatnio w Polsce zagro\u017cenia susz\u0105.<\/strong><!--more--><\/p>\n<p>Susza i temat globalnego braku wody oraz dost\u0119pu do niej to problem nas wszystkich. Nabiera on dodatkowego znaczenia przy okazji obchodzenia kolejnych mi\u0119dzynarodowych \u201edni\u201d. W tym przypadku chodzi o \u015awiatowy Dzie\u0144 Wody, kt\u00f3ry przypada 22 marca. W akcj\u0119 z PAH odbywaj\u0105c\u0105 si\u0119 pod has\u0142em \u201eZr\u00f3bmy szum wok\u00f3\u0142 wody\u201d w\u0142\u0105czy\u0142 si\u0119 r\u00f3wnie\u017c Zesp\u00f3\u0142 Szk\u00f3\u0142 Ponadpodstawowych w Sadownem.<\/p>\n<p><strong><a href=\"http:\/\/info.sadowne.pl\/wp-content\/uploads\/2021\/03\/2021.03.21.1-1.jpg\" target=\"_blank\" rel=\"noopener\"><img loading=\"lazy\" decoding=\"async\" class=\"alignright wp-image-24445 size-medium\" src=\"http:\/\/info.sadowne.pl\/wp-content\/uploads\/2021\/03\/2021.03.21.1-1-300x213.jpg\" alt=\"\" width=\"300\" height=\"213\" srcset=\"http:\/\/info.sadowne.pl\/wp-content\/uploads\/2021\/03\/2021.03.21.1-1-300x213.jpg 300w, http:\/\/info.sadowne.pl\/wp-content\/uploads\/2021\/03\/2021.03.21.1-1-768x546.jpg 768w, http:\/\/info.sadowne.pl\/wp-content\/uploads\/2021\/03\/2021.03.21.1-1.jpg 791w\" sizes=\"auto, (max-width: 300px) 100vw, 300px\" \/><\/a>Na bie\u017c\u0105co problematyk\u0105 ochrony \u015brodowiska zajmuj\u0105 si\u0119 m.in. mi\u0119dzynarodowe organizacje, a w\u015br\u00f3d nich<\/strong> <strong>WWF<\/strong>\u00a0<strong>(t\u0142um. \u015awiatowy Fundusz na rzecz Przyrody; dawniej\u00a0<em>World Wildlife Fund<\/em>\u00a0i\u00a0<em>World Wide Fund for Nature<\/em>)<\/strong> \u2013\u00a0organizacja pozarz\u0105dowa\u00a0i ekologiczna o charakterze mi\u0119dzynarodowym powsta\u0142a w 1961 roku. Misj\u0105 WWF jest powstrzymanie degradacji \u015brodowiska naturalnego\u00a0Ziemi\u00a0i stworzenie przysz\u0142o\u015bci, w kt\u00f3rej ludzie b\u0119d\u0105 \u017cyli w harmonii z przyrod\u0105. G\u0142\u00f3wna siedziba organizacji znajduje si\u0119 w Szwajcarii, a w Polsce reprezentuje j\u0105 Fundacja WWF Polska i jej tzw. stra\u017cnicy.<\/p>\n<p><a href=\"http:\/\/info.sadowne.pl\/wp-content\/uploads\/2021\/03\/2021.03.21.2.jpg\" target=\"_blank\" rel=\"noopener\"><img loading=\"lazy\" decoding=\"async\" class=\"alignleft wp-image-24446 size-medium\" src=\"http:\/\/info.sadowne.pl\/wp-content\/uploads\/2021\/03\/2021.03.21.2-300x225.jpg\" alt=\"\" width=\"300\" height=\"225\" srcset=\"http:\/\/info.sadowne.pl\/wp-content\/uploads\/2021\/03\/2021.03.21.2-300x225.jpg 300w, http:\/\/info.sadowne.pl\/wp-content\/uploads\/2021\/03\/2021.03.21.2-768x576.jpg 768w, http:\/\/info.sadowne.pl\/wp-content\/uploads\/2021\/03\/2021.03.21.2.jpg 799w\" sizes=\"auto, (max-width: 300px) 100vw, 300px\" \/><\/a>Jedn\u0105 z takich stra\u017cniczek jest Zofia Pawelska i tym razem pos\u0142u\u017cymy si\u0119 w\u0142a\u015bnie rozwa\u017caniami i wnioskami zawartymi w jej artykule pt. \u201eJak walczy\u0107 z susz\u0105\u201d. Autorka pisze w nim:<\/p>\n<p><strong><em>Polska staje przed obliczem najwi\u0119kszego od wielu lat zagro\u017cenia susz\u0105.<\/em><\/strong><em> Czy zd\u0105\u017cymy podj\u0105\u0107 odpowiednie dzia\u0142ania zanim b\u0119dzie za p\u00f3\u017ano? Miejmy nadziej\u0119, \u017ce tak, gdy\u017c obecny spos\u00f3b naszego gospodarowania wodami mo\u017ce doprowadzi\u0107 nas do katastrofy, kt\u00f3rej dotkliwe skutki odczujemy wszyscy. Susza jest problemem systemowym, kt\u00f3ry wymaga rozwi\u0105za\u0144 systemowych, powi\u0105zanych ze sob\u0105 na wielu p\u0142aszczyznach.<\/em><\/p>\n<p><strong><em>Jakie zmiany systemowe s\u0105 konieczne do walki z susz\u0105?<\/em><\/strong><em> Nie poradzimy sobie z kryzysem wodnym, je\u017celi nie zmienimy naszej\u00a0strategii energetycznej<strong>\u00a0<\/strong>i nie zaczniemy odchodzi\u0107 od wykorzystania w\u0119gla brunatnego. Jego wydobycie w kopalniach odkrywkowych wi\u0105\u017ce si\u0119 z wielkoskalowymi odwodnieniami, zanikiem w\u00f3d powierzchniowych i drastycznym obni\u017ceniem poziomu w\u00f3d gruntowych\u2026 <\/em><\/p>\n<p><strong><em><a href=\"http:\/\/info.sadowne.pl\/wp-content\/uploads\/2021\/03\/2021.03.21.3.jpg\" target=\"_blank\" rel=\"noopener\"><img loading=\"lazy\" decoding=\"async\" class=\"alignright wp-image-24447 size-medium\" src=\"http:\/\/info.sadowne.pl\/wp-content\/uploads\/2021\/03\/2021.03.21.3-300x225.jpg\" alt=\"\" width=\"300\" height=\"225\" srcset=\"http:\/\/info.sadowne.pl\/wp-content\/uploads\/2021\/03\/2021.03.21.3-300x225.jpg 300w, http:\/\/info.sadowne.pl\/wp-content\/uploads\/2021\/03\/2021.03.21.3-768x576.jpg 768w, http:\/\/info.sadowne.pl\/wp-content\/uploads\/2021\/03\/2021.03.21.3.jpg 799w\" sizes=\"auto, (max-width: 300px) 100vw, 300px\" \/><\/a>Zachowanie i odtwarzanie naturalnych teren\u00f3w podmok\u0142ych i nadrzecznych<\/em><\/strong><em>\u00a0to najlepsza metoda retencjonowania wody opadowej. Tymczasem polskie rzeki s\u0105 wci\u0105\u017c regulowane, prostowane i betonowane, mokrad\u0142a osuszane, a doliny rzeczne niszczone. Nie poradzimy sobie z problemem suszy, je\u017celi nadal b\u0119dziemy dewastowa\u0107 ekosystemy rzeczne.<\/em><\/p>\n<p><strong><em>Jak najszybciej musimy odej\u015b\u0107 tak\u017ce od szkodliwych<\/em><\/strong><em>\u00a0<strong>prac utrzymaniowych na rzekach<\/strong>. Przyspieszaj\u0105 one odp\u0142yw wody z rzek do morza, zamiast zatrzymywa\u0107 j\u0105 lokalnie. Czym s\u0105 prace utrzymaniowe? To m.in. pog\u0142\u0119bianie koryt, odmulanie, wykaszanie ro\u015blinno\u015bci czy usuwanie tam bobrowych.<strong>\u00a0<\/strong>Za publiczne pieni\u0105dze pozbywamy si\u0119 wody, kt\u00f3rej zaczyna nam brakowa\u0107 i niestety robimy to na ogromn\u0105 skal\u0119.\u00a0 <\/em><\/p>\n<p><strong><em>WWF Polska apeluje o<\/em><\/strong><em>\u00a0<strong>wprowadzenie dop\u0142aty retencyjnej dla rolnik\u00f3w<\/strong>, kt\u00f3rych tereny zosta\u0142y okresowo zalane i nie mog\u0105 by\u0107 u\u017cytkowane. Dzi\u0119ki temu, \u017ce na ich gruncie gromadzi si\u0119 woda, sprzyja to naturalnej retencji i podnosi poziom w\u00f3d gruntowych w okolicy. Ponadto, 20% powierzchni kraju zosta\u0142o poci\u0119te sieci\u0105 row\u00f3w melioracyjnych, kt\u00f3re w praktyce jedynie odprowadzaj\u0105 wod\u0119. Obecnie to ostatni moment, by zacz\u0105\u0107 zatrzymywa\u0107 j\u0105 w tych systemach za pomoc\u0105\u00a0zastawek\u00a0lub ich zasypywania.<\/em><\/p>\n<p><strong><em><a href=\"http:\/\/info.sadowne.pl\/wp-content\/uploads\/2021\/03\/2021.03.21.4.jpg\" target=\"_blank\" rel=\"noopener\"><img loading=\"lazy\" decoding=\"async\" class=\"alignleft wp-image-24448 size-medium\" src=\"http:\/\/info.sadowne.pl\/wp-content\/uploads\/2021\/03\/2021.03.21.4-300x225.jpg\" alt=\"\" width=\"300\" height=\"225\" srcset=\"http:\/\/info.sadowne.pl\/wp-content\/uploads\/2021\/03\/2021.03.21.4-300x225.jpg 300w, http:\/\/info.sadowne.pl\/wp-content\/uploads\/2021\/03\/2021.03.21.4-768x575.jpg 768w, http:\/\/info.sadowne.pl\/wp-content\/uploads\/2021\/03\/2021.03.21.4.jpg 796w\" sizes=\"auto, (max-width: 300px) 100vw, 300px\" \/><\/a>Nie poradzimy sobie z susz\u0105, je\u017celi b\u0119dziemy prowadzi\u0107<\/em><\/strong><em>\u00a0<strong>bardzo drogie i nieefektywne inwestycje<\/strong>, takie jak rozw\u00f3j \u015br\u00f3dl\u0105dowych dr\u00f3g wodnych, budowa zbiornik\u00f3w zaporowych, czy niszczenie \u015brodowisk rzecznych przy okazji budowy ma\u0142ych elektrowni wodnych. Wszystkie te dzia\u0142ania w jednym miejscu podnosz\u0105 poziom wody, ale na pozosta\u0142ych odcinkach rzeki i terenach nadrzecznych tylko pot\u0119guj\u0105 problem suszy i obni\u017caj\u0105 poziom w\u00f3d gruntowych.<\/em><\/p>\n<p><strong><em>Zmiana podej\u015bcia do \u015brodowiska i zarz\u0105dzania nim.<\/em><\/strong><em> Gospodark\u0119 le\u015bn\u0105 na terenach g\u00f3rskich i podg\u00f3rskich powinni\u015bmy ca\u0142kowicie podporz\u0105dkowa\u0107 retencji wody, a nie pozyskaniu drewna, poniewa\u017c poziom w\u00f3d w g\u00f3rach kszta\u0142tuje poziom w\u00f3d na nizinach. Lasy g\u00f3rskie zatrzymuj\u0105 wod\u0119 opadow\u0105 i t\u0119 z roztop\u00f3w. Nast\u0119pnie jest ona powoli rozprowadzana dooko\u0142a i wpada do okolicznych strumieni i potok\u00f3w, kt\u00f3re z kolei zasilaj\u0105 rzeki nizinne. Intensywna wycinka drzew w g\u00f3rach (szczeg\u00f3lnie starodrzewi) powoduje nie tylko drastyczne przyspieszenie sp\u0142ywu i id\u0105ce za tym niebezpieczne powodzie w okresach wy\u017cowych, ale obni\u017ca te\u017c poziom w\u00f3d, powoduj\u0105c susz\u0119 przy ni\u017c\u00f3wkach.<\/em><\/p>\n<p><em><br \/>\n<strong><a href=\"http:\/\/info.sadowne.pl\/wp-content\/uploads\/2021\/03\/2021.03.21.6.jpg\" target=\"_blank\" rel=\"noopener\"><img loading=\"lazy\" decoding=\"async\" class=\"alignright wp-image-24449 size-medium\" src=\"http:\/\/info.sadowne.pl\/wp-content\/uploads\/2021\/03\/2021.03.21.6-300x238.jpg\" alt=\"\" width=\"300\" height=\"238\" srcset=\"http:\/\/info.sadowne.pl\/wp-content\/uploads\/2021\/03\/2021.03.21.6-300x238.jpg 300w, http:\/\/info.sadowne.pl\/wp-content\/uploads\/2021\/03\/2021.03.21.6-768x608.jpg 768w, http:\/\/info.sadowne.pl\/wp-content\/uploads\/2021\/03\/2021.03.21.6.jpg 794w\" sizes=\"auto, (max-width: 300px) 100vw, 300px\" \/><\/a>Konieczne jest tak\u017ce wspieranie i propagowanie ekologicznych rozwi\u0105za\u0144 poprzez m.in.<\/strong>\u00a0\u00a0<strong>dofinansowania do tzw. zielonej infrastruktury\u00a0<\/strong>\u2013 dachowych paneli solarnych, ogrod\u00f3w dachowych, zbiornik\u00f3w na wod\u0119 deszczow\u0105. Wszystkie nowopowstaj\u0105ce budynki powinny mie\u0107 zamkni\u0119ty obieg wody, w kt\u00f3rym zu\u017cyta woda (tzw. szara woda) jest oczyszczana i ponownie wprowadzana w obieg wody w budynku.<\/em><\/p>\n<p><strong><em>Jak miasta i samorz\u0105dy powinny w\u0142\u0105czy\u0107 si\u0119 w walk\u0119 z susz\u0105?<\/em><\/strong><em> Bardzo wa\u017cne jest wprowadzanie dzia\u0142a\u0144 i inwestycji, zatrzymuj\u0105cych wod\u0119 opadow\u0105 na terenie miast. Niestety trend betonowania, wycinania drzew i koszenia ro\u015blinno\u015bci wci\u0105\u017c utrzymuje si\u0119 w gospodarowaniu przestrzeni\u0105, wi\u0119c przede wszystkim powinni\u015bmy jak najszybciej odej\u015b\u0107 od tych metod i zamiast tego tworzy\u0107 jak najwi\u0119cej zadrzewie\u0144 i \u0142\u0105k kwietnych, kt\u00f3re zatrzymuj\u0105 wod\u0119. Drzewa powinno si\u0119 wycina\u0107 tylko wtedy, gdy ich stan stwarza zagro\u017cenie dla zdrowia i \u017cycia ludzi, a\u00a0trawniki kosi\u0107 jedynie 2-3 razy w roku. Buduj\u0105c drogi i chodniki powinno si\u0119 stawia\u0107 na<strong>\u00a0<\/strong>materia\u0142y przepuszczalne dla wody, aby wsi\u0105ka\u0142a ona w gleb\u0119, a nie wyparowywa\u0142a z powierzchni kostki. Konieczna jest tak\u017ce\u00a0renaturyzacja<strong>\u00a0<\/strong>obecnych i\u00a0tworzenie nowych ciek\u00f3w i oczek wodnych\u00a0w miastach, gdy\u017c sprzyjaj\u0105 one naturalnej retencji wody, a tak\u017ce tworz\u0105 ch\u0142odniejszy mikroklimat, bardzo wa\u017cny w upalne dni. Ponadto, niekt\u00f3re z miast, takich jak Warszawa czy Sopot w ramach oszcz\u0119dzania wody myj\u0105 ulice i podlewaj\u0105 miejsk\u0105 ziele\u0144 uzdatnion\u0105 wod\u0105 z nieu\u017cywanych basen\u00f3w miejskich. Taka basenowa woda zazwyczaj jest po prostu spuszczana do kanalizacji, co jest marnotrawstwem (tak\u017ce finansowym), a dzi\u0119ki takim dzia\u0142aniom woda zyskuje \u201edrugie \u017cycie\u201d. Cz\u0119\u015b\u0107 miast w Polsce (np. Warszawa) zapewnia mieszka\u0144com\u00a0dofinansowanie na zbiorniki gromadz\u0105ce deszcz\u00f3wk\u0119. Tym \u015bladem powinny p\u00f3j\u015b\u0107 wszystkie o\u015brodki miejskie w kraju.<\/em><\/p>\n<p><strong><em>Co mog\u0105 robi\u0107 rolnicy, aby walczy\u0107 z susz\u0105?<\/em><\/strong><em> Rolnicy s\u0105 grup\u0105, kt\u00f3r\u0105 skutki suszy dotykaj\u0105 zawsze bezpo\u015brednio. Oni r\u00f3wnie\u017c mog\u0105 wprowadza\u0107 dzia\u0142ania pomagaj\u0105ce w retencjonowaniu wody. Przede wszystkim na swoich terenach powinni\u00a0zatrzymywa\u0107 wod\u0119 w rowach poprzez budowanie i utrzymywanie zastawek, a tam gdzie to mo\u017cliwe \u2013\u00a0zasypywanie row\u00f3w. Ponadto warto\u00a0odtwarza\u0107 miedze i zadrzewienia \u015br\u00f3dpolne, kt\u00f3re ograniczaj\u0105 parowanie i podnosz\u0105 poziom w\u00f3d, a tak\u017ce sadzi\u0107 na granicach p\u00f3l drzewa rodzimych gatunk\u00f3w, sprzyjaj\u0105ce naturalnej retencji.<\/em><\/p>\n<p><em>R\u00f3wnie istotne s\u0105 dobre relacje z naszymi s\u0105siadami i sprzymierze\u0144cami w walce z susz\u0105 \u2013 bobrami. Nie nale\u017cy niszczy\u0107 ich tam i \u017ceremi, gdy\u017c dzia\u0142alno\u015b\u0107 tych zwierz\u0105t jest najlepszym naturalnym sposobem na gromadzenie wody i podnoszenie poziomu w\u00f3d gruntowych, dzi\u0119ki czemu\u00a0lokalne tereny b\u0119d\u0105 mniej dotkni\u0119te skutkami suszy. Bobry rocznie wykonuj\u0105 prace retencyjne, kt\u00f3re mo\u017cna wyceni\u0107 na 100 milion\u00f3w z\u0142otych, a robi\u0105 to za darmo! Jest kilka sposob\u00f3w na to, aby s\u0105siedztwo z bobrem nie by\u0142o uci\u0105\u017cliwe \u2013 w tamach bobrowych mo\u017cna montowa\u0107 urz\u0105dzenia stabilizuj\u0105ce poziom wody, a cenne drzewa, wa\u0142y przeciwpowodziowe, czy przepusty drogowe zabezpiecza\u0107 siatk\u0105.\u00a0<\/em><\/p>\n<p><strong><em>Jak obywatele powinni post\u0119powa\u0107 w obliczu suszy?<\/em><\/strong><em> Du\u017co m\u00f3wi si\u0119 ostatnio o\u00a0oszcz\u0119dzaniu wody<strong>\u00a0<\/strong>\u2013 co prawda nie rozwi\u0105\u017ce to systemowego problemu suszy, ale jest to bardzo wa\u017cne dzia\u0142anie, kt\u00f3re powinno wej\u015b\u0107 w zwyczaj ka\u017cdego mieszka\u0144ca naszej planety. Mo\u017cemy to robi\u0107 na bardzo wiele sposob\u00f3w \u2013 od \u0142apania deszcz\u00f3wki, kt\u00f3r\u0105 mo\u017cemy podlewa\u0107 ro\u015bliny, po zamian\u0119 k\u0105pieli na prysznic. Tam gdzie mo\u017cemy (np. toaleta, zmywanie pod\u0142ogi), warto wprowadzi\u0107 nawyk u\u017cywania tzw. szarej wody, czyli wody zebranej ze zlewu, umywalki, czy wanny. Opr\u00f3cz nawyk\u00f3w domowych, warto zadba\u0107 te\u017c o nasz\u0105 przestrze\u0144 zielon\u0105 \u2013\u00a0sadzi\u0107 ro\u015bliny, kt\u00f3re zatrzymuj\u0105 wod\u0119 w glebie i spowalniaj\u0105 proces parowania wody, a\u00a0trawniki kosi\u0107 najrzadziej jak si\u0119 da (2-3 razy w roku).<br \/>\nCo wa\u017cne \u2013<strong>\u00a0<\/strong>nie mo\u017cna budowa\u0107 nielegalnych uj\u0119\u0107 wody g\u0142\u0119binowej na dzia\u0142kach i ogrodach! Jest to tylko kr\u00f3tkotrwa\u0142e i pozorne rozwi\u0105zanie problemu. Zasoby w\u00f3d podziemnych w naszym kraju podlegaj\u0105 ochronie prawnej, s\u0142u\u017c\u0105 do poboru wody pitnej i nie s\u0105 nieograniczone. Masowe kopanie studni g\u0142\u0119binowych do podlewania dzia\u0142ek i ogrod\u00f3w dzia\u0142a na niekorzy\u015b\u0107 nas wszystkich \u2013\u00a0 prowadzi do drastycznego obni\u017cenia poziomu w\u00f3d podziemnych i mo\u017ce doprowadzi\u0107 do wyczerpania zapas\u00f3w wody pitnej. Ponadto, kopanie studni o g\u0142\u0119boko\u015bci powy\u017cej 30m bez pozwolenia jest przest\u0119pstwem.<\/em><\/p>\n<p><strong><a href=\"http:\/\/info.sadowne.pl\/wp-content\/uploads\/2021\/03\/2021.03.21.5.jpg\" target=\"_blank\" rel=\"noopener\"><img loading=\"lazy\" decoding=\"async\" class=\"alignleft wp-image-24450 size-medium\" src=\"http:\/\/info.sadowne.pl\/wp-content\/uploads\/2021\/03\/2021.03.21.5-300x163.jpg\" alt=\"\" width=\"300\" height=\"163\" srcset=\"http:\/\/info.sadowne.pl\/wp-content\/uploads\/2021\/03\/2021.03.21.5-300x163.jpg 300w, http:\/\/info.sadowne.pl\/wp-content\/uploads\/2021\/03\/2021.03.21.5.jpg 365w\" sizes=\"auto, (max-width: 300px) 100vw, 300px\" \/><\/a>CO TY MO\u017bESZ ZROBI\u0106? <\/strong>W trosce o polskie rzeki i jeziora zadbaj o ekosystem: oszcz\u0119dzaj wod\u0119 i energi\u0119, nie zanieczyszczaj, nie ha\u0142asuj, nie p\u0142osz dzikich zwierz\u0105t, uwa\u017caj na ptasie gniazda i ptasie rodziny, zg\u0142aszaj sprzeciw w przypadku zauwa\u017cenia nieprawid\u0142owo\u015bci w gospodarowaniu terenami zielonymi, ciesz si\u0119 miejscem, kt\u00f3re wspierasz i chronisz, zadbaj o lasy, bo lasy to znacznie wi\u0119cej ni\u017c drewno &#8211; le\u015bne ekosystemy filtruj\u0105 powietrze, poch\u0142aniaj\u0105 dwutlenek w\u0119gla, s\u0105 zbiornikami czystej wody, a ponadto stanowi\u0105 niezast\u0105pion\u0105 przestrze\u0144 do wyciszenia i regeneracji (przeciwstawiajmy si\u0119 ich niepotrzebnemu wycinaniu).<\/p>\n<p><strong>I przy okazji \u2013 tak si\u0119 sk\u0142ada, \u017ce dzie\u0144 wcze\u015bniej, 21 marca obchodzimy r\u00f3wnie\u017c Mi\u0119dzynarodowy Dzie\u0144 Las\u00f3w.<\/strong><\/p>\n<p><strong><a href=\"http:\/\/info.sadowne.pl\/wp-content\/uploads\/2021\/03\/2021.03.21.7.jpg\" target=\"_blank\" rel=\"noopener\"><img loading=\"lazy\" decoding=\"async\" class=\"alignright wp-image-24451 size-medium\" src=\"http:\/\/info.sadowne.pl\/wp-content\/uploads\/2021\/03\/2021.03.21.7-300x200.jpg\" alt=\"\" width=\"300\" height=\"200\" srcset=\"http:\/\/info.sadowne.pl\/wp-content\/uploads\/2021\/03\/2021.03.21.7-300x200.jpg 300w, http:\/\/info.sadowne.pl\/wp-content\/uploads\/2021\/03\/2021.03.21.7-768x512.jpg 768w, http:\/\/info.sadowne.pl\/wp-content\/uploads\/2021\/03\/2021.03.21.7.jpg 795w\" sizes=\"auto, (max-width: 300px) 100vw, 300px\" \/><\/a>Jak m\u00f3wi\u0105 le\u015bnicy<\/strong> (zgodnie z oficjalnym \u017ar\u00f3d\u0142em &#8211; www.lasy.gov.pl): <em>las to zdrowie, d<\/em><em>latego tak wa\u017cne jest przywracanie las\u00f3w oraz zr\u00f3wnowa\u017cone gospodarowanie tymi zasobami.\u00a0<strong>Polscy le\u015bnicy od lat kieruj\u0105 si\u0119 zasadami zr\u00f3wnowa\u017conej gospodarki le\u015bnej, czyli tak prowadz\u0105 prace w lesie, by z nich korzystaj\u0105c i pozyskuj\u0105c drewno nie uszczupli\u0107 jego zasob\u00f3w oraz zachowa\u0107 funkcje ochronne, gospodarcze i socjalne<\/strong><strong>.<\/strong><\/em><strong> Te\u017c tak uwa\u017camy\u2026!?<\/strong><\/p>\n<p>&nbsp;<\/p>\n<p><strong>Tekst:<\/strong> S\u0142awek Chyli\u0144ski<\/p>\n<p><strong>Na podstawie:<\/strong><strong>\u00a0 <\/strong><\/p>\n<p><a href=\"https:\/\/www.wwf.pl\/o-nas\/nasza-wizja\" target=\"_blank\" rel=\"noopener\">https:\/\/www.wwf.pl\/o-nas\/nasza-wizja<\/a><\/p>\n<p><a href=\"https:\/\/straznicy.wwf.pl\/jak-walczyc-z-susza\/\" target=\"_blank\" rel=\"noopener\">https:\/\/straznicy.wwf.pl\/jak-walczyc-z-susza\/<\/a><\/p>\n<p><a href=\"https:\/\/www.lasy.gov.pl\/pl\/informacje\/aktualnosci\/lasy-to-droga-do-zdrowia-i-odnowy-miedzynarodowy-dzien-lasow-2021\" target=\"_blank\" rel=\"noopener\">https:\/\/www.lasy.gov.pl\/pl\/informacje\/aktualnosci\/lasy-to-droga-do-zdrowia-i-odnowy-miedzynarodowy-dzien-lasow-2021<\/a><\/p>\n","protected":false},"excerpt":{"rendered":"<p>Na stronie internetowej www.straznicy.wwf.pl w artykule z 21 lipca 2020 roku pt. \u201eJak walczy\u0107 z susz\u0105\u201d Zofia Pawelska podj\u0119\u0142a problem wyst\u0119puj\u0105cego ostatnio w Polsce zagro\u017cenia susz\u0105.<\/p>\n","protected":false},"author":1,"featured_media":0,"comment_status":"closed","ping_status":"closed","sticky":false,"template":"","format":"standard","meta":{"footnotes":""},"categories":[5,1],"tags":[3535,3534,3533],"class_list":["post-24443","post","type-post","status-publish","format-standard","hentry","category-newsy","category-inne","tag-miedzynarodowy-dzien-lasow","tag-swiatowy-dzien-przyrody","tag-zrobmy-szum-wokol-wody"],"views":2921,"_links":{"self":[{"href":"http:\/\/info.sadowne.pl\/index.php?rest_route=\/wp\/v2\/posts\/24443","targetHints":{"allow":["GET"]}}],"collection":[{"href":"http:\/\/info.sadowne.pl\/index.php?rest_route=\/wp\/v2\/posts"}],"about":[{"href":"http:\/\/info.sadowne.pl\/index.php?rest_route=\/wp\/v2\/types\/post"}],"author":[{"embeddable":true,"href":"http:\/\/info.sadowne.pl\/index.php?rest_route=\/wp\/v2\/users\/1"}],"replies":[{"embeddable":true,"href":"http:\/\/info.sadowne.pl\/index.php?rest_route=%2Fwp%2Fv2%2Fcomments&post=24443"}],"version-history":[{"count":1,"href":"http:\/\/info.sadowne.pl\/index.php?rest_route=\/wp\/v2\/posts\/24443\/revisions"}],"predecessor-version":[{"id":24452,"href":"http:\/\/info.sadowne.pl\/index.php?rest_route=\/wp\/v2\/posts\/24443\/revisions\/24452"}],"wp:attachment":[{"href":"http:\/\/info.sadowne.pl\/index.php?rest_route=%2Fwp%2Fv2%2Fmedia&parent=24443"}],"wp:term":[{"taxonomy":"category","embeddable":true,"href":"http:\/\/info.sadowne.pl\/index.php?rest_route=%2Fwp%2Fv2%2Fcategories&post=24443"},{"taxonomy":"post_tag","embeddable":true,"href":"http:\/\/info.sadowne.pl\/index.php?rest_route=%2Fwp%2Fv2%2Ftags&post=24443"}],"curies":[{"name":"wp","href":"https:\/\/api.w.org\/{rel}","templated":true}]}}