{"id":24480,"date":"2021-03-29T14:47:16","date_gmt":"2021-03-29T12:47:16","guid":{"rendered":"http:\/\/info.sadowne.pl\/?p=24480"},"modified":"2021-03-29T14:47:16","modified_gmt":"2021-03-29T12:47:16","slug":"podsumowanie-projektu-zintegrowany-rozwoj-szkolnictwa-zawodowego","status":"publish","type":"post","link":"http:\/\/info.sadowne.pl\/?p=24480","title":{"rendered":"PODSUMOWANIE PROJEKTU \u201eZINTEGROWANY ROZW\u00d3J SZKOLNICTWA ZAWODOWEGO\u201d"},"content":{"rendered":"<p><strong><a href=\"http:\/\/info.sadowne.pl\/wp-content\/uploads\/2021\/03\/2021.03.29.4.jpg\"><img loading=\"lazy\" decoding=\"async\" class=\"alignleft size-thumbnail wp-image-24484\" src=\"http:\/\/info.sadowne.pl\/wp-content\/uploads\/2021\/03\/2021.03.29.4-180x130.jpg\" alt=\"\" width=\"180\" height=\"130\" \/><\/a>W dniu 26 marca 2021 r. w sadowie\u0144skim Zespole Szk\u00f3\u0142 Ponadpodstawowych odby\u0142o si\u0119 uroczyste podsumowanie projektu \u201eZintegrowany Rozw\u00f3j Szkolnictwa Zawodowego\u201d realizowanego przez Samorz\u0105d Wojew\u00f3dztwa Mazowieckiego przy udziale Agencji Rozwoju Mazowsza S.A. <\/strong><!--more--><\/p>\n<p>W podsumowaniu tym udzia\u0142 wzi\u0119li: Pani El\u017cbieta Lanc &#8211; cz\u0142onek Zarz\u0105du Wojew\u00f3dztwa Mazowieckiego, Pan Artur Andrysiak &#8211; cz\u0142onek Zarz\u0105du Agencji Rozwoju Mazowsza, Pani Ewa Besztak &#8211; Starosta Powiatu W\u0119growskiego, Pan Marek Renik &#8211; Wicestarosta Powiatu W\u0119growskiego, Pan Waldemar Cyran &#8211; W\u00f3jt Gminy Sadowne, Pani Ma\u0142gorzata Koro\u015b &#8211; Dyrektor Szko\u0142y Podstawowej im. b\u0142. ks. Edwarda Grzyma\u0142y w Sadownem i Pan S\u0142awomir Ryszawa &#8211; Dyrektor Zespo\u0142u Szk\u00f3\u0142 Ponadpodstawowych w Sadownem. W projekcie tym, w ramach wdro\u017cenia programu innowacji pedagogicznej w Technikum w Sadownem odby\u0142 si\u0119 kurs pn. \u201eBarista z elementami latte art\u201d. W kursie wzi\u0119li udzia\u0142 nauczyciele praktycznej nauki zawodu oraz 60-ciu uczni\u00f3w z r\u00f3\u017cnych klas o profilu gastronomicznym.<\/p>\n<p>Dzi\u0119ki projektowi w naszej szkole powsta\u0142a pracownia z pe\u0142nym, profesjonalnym wyposa\u017ceniem baristycznym. Efektem innowacji pedagogicznej jest nie tylko podniesienie jako\u015bci prowadzonych dzia\u0142a\u0144 edukacyjnych, ale przede wszystkim mo\u017cliwo\u015b\u0107 zdobycia przez uczni\u00f3w dodatkowych umiej\u0119tno\u015bci, kt\u00f3re czyni\u0105 ich bardziej konkurencyjnymi na rynku pracy.<\/p>\n<p>Nasi go\u015bcie ogl\u0105dali r\u00f3wnie\u017c \u015bwie\u017co wyremontowan\u0105 sal\u0119 gimnastyczn\u0105, kt\u00f3rej koszty remontu zosta\u0142y sfinansowany przez Urz\u0105d Marsza\u0142kowski i Starostwo Powiatowe w W\u0119growie.<\/p>\n\n\t\t<style type=\"text\/css\">\n\t\t\t#gallery-1 {\n\t\t\t\tmargin: auto;\n\t\t\t}\n\t\t\t#gallery-1 .gallery-item {\n\t\t\t\tfloat: left;\n\t\t\t\tmargin-top: 10px;\n\t\t\t\ttext-align: center;\n\t\t\t\twidth: 33%;\n\t\t\t}\n\t\t\t#gallery-1 img {\n\t\t\t\tborder: 2px solid #cfcfcf;\n\t\t\t}\n\t\t\t#gallery-1 .gallery-caption {\n\t\t\t\tmargin-left: 0;\n\t\t\t}\n\t\t\t\/* see gallery_shortcode() in wp-includes\/media.php *\/\n\t\t<\/style>\n\t\t<div id='gallery-1' class='gallery galleryid-24480 gallery-columns-3 gallery-size-thumbnail'><dl class='gallery-item'>\n\t\t\t<dt class='gallery-icon landscape'>\n\t\t\t\t<a href='http:\/\/info.sadowne.pl\/?attachment_id=24481'><img loading=\"lazy\" decoding=\"async\" width=\"180\" height=\"130\" src=\"http:\/\/info.sadowne.pl\/wp-content\/uploads\/2021\/03\/2021.03.29.1-180x130.jpg\" class=\"attachment-thumbnail size-thumbnail\" alt=\"\" \/><\/a>\n\t\t\t<\/dt><\/dl><dl class='gallery-item'>\n\t\t\t<dt class='gallery-icon landscape'>\n\t\t\t\t<a href='http:\/\/info.sadowne.pl\/?attachment_id=24482'><img loading=\"lazy\" decoding=\"async\" width=\"180\" height=\"130\" src=\"http:\/\/info.sadowne.pl\/wp-content\/uploads\/2021\/03\/2021.03.29.2-180x130.jpg\" class=\"attachment-thumbnail size-thumbnail\" alt=\"\" \/><\/a>\n\t\t\t<\/dt><\/dl><dl class='gallery-item'>\n\t\t\t<dt class='gallery-icon landscape'>\n\t\t\t\t<a href='http:\/\/info.sadowne.pl\/?attachment_id=24483'><img loading=\"lazy\" decoding=\"async\" width=\"180\" height=\"130\" src=\"http:\/\/info.sadowne.pl\/wp-content\/uploads\/2021\/03\/2021.03.29.3-180x130.jpg\" class=\"attachment-thumbnail size-thumbnail\" alt=\"\" \/><\/a>\n\t\t\t<\/dt><\/dl><br style=\"clear: both\" \/><dl class='gallery-item'>\n\t\t\t<dt class='gallery-icon landscape'>\n\t\t\t\t<a href='http:\/\/info.sadowne.pl\/?attachment_id=24484'><img loading=\"lazy\" decoding=\"async\" width=\"180\" height=\"130\" src=\"http:\/\/info.sadowne.pl\/wp-content\/uploads\/2021\/03\/2021.03.29.4-180x130.jpg\" class=\"attachment-thumbnail size-thumbnail\" alt=\"\" \/><\/a>\n\t\t\t<\/dt><\/dl><dl class='gallery-item'>\n\t\t\t<dt class='gallery-icon landscape'>\n\t\t\t\t<a href='http:\/\/info.sadowne.pl\/?attachment_id=24485'><img loading=\"lazy\" decoding=\"async\" width=\"180\" height=\"130\" src=\"http:\/\/info.sadowne.pl\/wp-content\/uploads\/2021\/03\/2021.03.29.5-180x130.jpg\" class=\"attachment-thumbnail size-thumbnail\" alt=\"\" \/><\/a>\n\t\t\t<\/dt><\/dl><dl class='gallery-item'>\n\t\t\t<dt class='gallery-icon landscape'>\n\t\t\t\t<a href='http:\/\/info.sadowne.pl\/?attachment_id=24486'><img loading=\"lazy\" decoding=\"async\" width=\"180\" height=\"130\" src=\"http:\/\/info.sadowne.pl\/wp-content\/uploads\/2021\/03\/2021.03.29.6-180x130.jpg\" class=\"attachment-thumbnail size-thumbnail\" alt=\"\" \/><\/a>\n\t\t\t<\/dt><\/dl><br style=\"clear: both\" \/><dl class='gallery-item'>\n\t\t\t<dt class='gallery-icon landscape'>\n\t\t\t\t<a href='http:\/\/info.sadowne.pl\/?attachment_id=24487'><img loading=\"lazy\" decoding=\"async\" width=\"180\" height=\"130\" src=\"http:\/\/info.sadowne.pl\/wp-content\/uploads\/2021\/03\/2021.03.29.7-180x130.jpg\" class=\"attachment-thumbnail size-thumbnail\" alt=\"\" \/><\/a>\n\t\t\t<\/dt><\/dl><dl class='gallery-item'>\n\t\t\t<dt class='gallery-icon landscape'>\n\t\t\t\t<a href='http:\/\/info.sadowne.pl\/?attachment_id=24488'><img loading=\"lazy\" decoding=\"async\" width=\"180\" height=\"130\" src=\"http:\/\/info.sadowne.pl\/wp-content\/uploads\/2021\/03\/2021.03.29.8-180x130.jpg\" class=\"attachment-thumbnail size-thumbnail\" alt=\"\" \/><\/a>\n\t\t\t<\/dt><\/dl><dl class='gallery-item'>\n\t\t\t<dt class='gallery-icon landscape'>\n\t\t\t\t<a href='http:\/\/info.sadowne.pl\/?attachment_id=24489'><img loading=\"lazy\" decoding=\"async\" width=\"180\" height=\"130\" src=\"http:\/\/info.sadowne.pl\/wp-content\/uploads\/2021\/03\/2021.03.29.9-180x130.jpg\" class=\"attachment-thumbnail size-thumbnail\" alt=\"\" \/><\/a>\n\t\t\t<\/dt><\/dl><br style=\"clear: both\" \/><dl class='gallery-item'>\n\t\t\t<dt class='gallery-icon landscape'>\n\t\t\t\t<a href='http:\/\/info.sadowne.pl\/?attachment_id=24490'><img loading=\"lazy\" decoding=\"async\" width=\"180\" height=\"130\" src=\"http:\/\/info.sadowne.pl\/wp-content\/uploads\/2021\/03\/2021.03.29.10-180x130.jpg\" class=\"attachment-thumbnail size-thumbnail\" alt=\"\" \/><\/a>\n\t\t\t<\/dt><\/dl>\n\t\t\t<br style='clear: both' \/>\n\t\t<\/div>\n\n<p><strong>Tekst\/foto:<\/strong> ZSP w Sadownem<\/p>\n","protected":false},"excerpt":{"rendered":"<p>W dniu 26 marca 2021 r. w sadowie\u0144skim Zespole Szk\u00f3\u0142 Ponadpodstawowych odby\u0142o si\u0119 uroczyste podsumowanie projektu \u201eZintegrowany Rozw\u00f3j Szkolnictwa Zawodowego\u201d realizowanego przez Samorz\u0105d Wojew\u00f3dztwa Mazowieckiego przy udziale Agencji Rozwoju Mazowsza S.A.<\/p>\n","protected":false},"author":1,"featured_media":0,"comment_status":"closed","ping_status":"closed","sticky":false,"template":"","format":"standard","meta":{"footnotes":""},"categories":[5,1752,85],"tags":[3540,254,3197],"class_list":["post-24480","post","type-post","status-publish","format-standard","hentry","category-newsy","category-edukacja","category-zsp","tag-podsumowanie-projektu-zintegrowany-rozwoj-szkolnictwa-zawodowego","tag-technikum-zywienia-i-uslug-gastronomicznych-w-sadownem","tag-zespol-szkol-ponadpodstawowych-w-sadownem"],"views":2674,"_links":{"self":[{"href":"http:\/\/info.sadowne.pl\/index.php?rest_route=\/wp\/v2\/posts\/24480","targetHints":{"allow":["GET"]}}],"collection":[{"href":"http:\/\/info.sadowne.pl\/index.php?rest_route=\/wp\/v2\/posts"}],"about":[{"href":"http:\/\/info.sadowne.pl\/index.php?rest_route=\/wp\/v2\/types\/post"}],"author":[{"embeddable":true,"href":"http:\/\/info.sadowne.pl\/index.php?rest_route=\/wp\/v2\/users\/1"}],"replies":[{"embeddable":true,"href":"http:\/\/info.sadowne.pl\/index.php?rest_route=%2Fwp%2Fv2%2Fcomments&post=24480"}],"version-history":[{"count":1,"href":"http:\/\/info.sadowne.pl\/index.php?rest_route=\/wp\/v2\/posts\/24480\/revisions"}],"predecessor-version":[{"id":24491,"href":"http:\/\/info.sadowne.pl\/index.php?rest_route=\/wp\/v2\/posts\/24480\/revisions\/24491"}],"wp:attachment":[{"href":"http:\/\/info.sadowne.pl\/index.php?rest_route=%2Fwp%2Fv2%2Fmedia&parent=24480"}],"wp:term":[{"taxonomy":"category","embeddable":true,"href":"http:\/\/info.sadowne.pl\/index.php?rest_route=%2Fwp%2Fv2%2Fcategories&post=24480"},{"taxonomy":"post_tag","embeddable":true,"href":"http:\/\/info.sadowne.pl\/index.php?rest_route=%2Fwp%2Fv2%2Ftags&post=24480"}],"curies":[{"name":"wp","href":"https:\/\/api.w.org\/{rel}","templated":true}]}}