{"id":2455,"date":"2013-06-30T21:48:15","date_gmt":"2013-06-30T19:48:15","guid":{"rendered":"http:\/\/www.infosadowne.boo.pl\/?p=2455"},"modified":"2020-04-24T20:15:34","modified_gmt":"2020-04-24T18:15:34","slug":"nasi-tez-tam-byli","status":"publish","type":"post","link":"http:\/\/info.sadowne.pl\/?p=2455","title":{"rendered":"Nasi te\u017c tam byli"},"content":{"rendered":"<p style=\"text-align: justify;\"><strong><img loading=\"lazy\" decoding=\"async\" class=\"alignleft size-thumbnail wp-image-2456\" src=\"http:\/\/www.info.sadowne.pl\/wp-content\/uploads\/2013\/06\/2013.06.30-180x130.jpg\" alt=\"2013.06.30\" width=\"180\" height=\"130\" \/>30 czerwca w W\u0119growie odby\u0142y si\u0119 Powiatowe Zawody Sportowo &#8211; Po\u017carnicze Jednostek OSP. Sadowne reprezentowane by\u0142o przez OSP Szynkarzyzna w kategorii m\u0119skiej i OSP Sok\u00f3\u0142ka w kategorii \u017ce\u0144skiej.<\/strong><\/p>\n<p style=\"text-align: justify;\"><strong><br \/>\n<!--more--><\/strong><\/p>\n<p>Informujemy, i\u017c dru\u017cyna OSP Sok\u00f3\u0142ka zaj\u0119\u0142a w swojej kategorii wysokie &#8211; III miejsce. Brawo!<\/p>\n<p><a href=\"https:\/\/photos.app.goo.gl\/vPRBeN9CT9gC1hSP7\" target=\"_blank\" rel=\"noopener noreferrer\"><strong>Zdj\u0119cia w galerii Google&gt;&gt;&gt;<\/strong><\/a><\/p>\n<p><strong>Tekst\/foto:<\/strong> S\u0142awek Chyli\u0144ski<\/p>\n<p>&nbsp;<\/p>\n","protected":false},"excerpt":{"rendered":"<p>30 czerwca w W\u0119growie odby\u0142y si\u0119 Powiatowe Zawody Sportowo &#8211; Po\u017carnicze Jednostek OSP. Sadowne reprezentowane by\u0142o przez OSP Szynkarzyzna w kategorii m\u0119skiej i OSP Sok\u00f3\u0142ka w kategorii \u017ce\u0144skiej.<\/p>\n","protected":false},"author":1,"featured_media":0,"comment_status":"open","ping_status":"open","sticky":false,"template":"","format":"standard","meta":{"footnotes":""},"categories":[5,2392,2393,4,267],"tags":[290,289,288],"class_list":["post-2455","post","type-post","status-publish","format-standard","hentry","category-newsy","category-osp-sokolka","category-osp-szynkarzyzna","category-policja-straz-pozarna-pogotowie-ratunkowe","category-straz-pozarna-policja-straz-pozarna-pogotowie-ratunkowe","tag-osp-sokolka","tag-osp-szynkarzyzna","tag-powiatowe-zawody-sportowo-pozarnicze"],"views":3799,"_links":{"self":[{"href":"http:\/\/info.sadowne.pl\/index.php?rest_route=\/wp\/v2\/posts\/2455","targetHints":{"allow":["GET"]}}],"collection":[{"href":"http:\/\/info.sadowne.pl\/index.php?rest_route=\/wp\/v2\/posts"}],"about":[{"href":"http:\/\/info.sadowne.pl\/index.php?rest_route=\/wp\/v2\/types\/post"}],"author":[{"embeddable":true,"href":"http:\/\/info.sadowne.pl\/index.php?rest_route=\/wp\/v2\/users\/1"}],"replies":[{"embeddable":true,"href":"http:\/\/info.sadowne.pl\/index.php?rest_route=%2Fwp%2Fv2%2Fcomments&post=2455"}],"version-history":[{"count":5,"href":"http:\/\/info.sadowne.pl\/index.php?rest_route=\/wp\/v2\/posts\/2455\/revisions"}],"predecessor-version":[{"id":23363,"href":"http:\/\/info.sadowne.pl\/index.php?rest_route=\/wp\/v2\/posts\/2455\/revisions\/23363"}],"wp:attachment":[{"href":"http:\/\/info.sadowne.pl\/index.php?rest_route=%2Fwp%2Fv2%2Fmedia&parent=2455"}],"wp:term":[{"taxonomy":"category","embeddable":true,"href":"http:\/\/info.sadowne.pl\/index.php?rest_route=%2Fwp%2Fv2%2Fcategories&post=2455"},{"taxonomy":"post_tag","embeddable":true,"href":"http:\/\/info.sadowne.pl\/index.php?rest_route=%2Fwp%2Fv2%2Ftags&post=2455"}],"curies":[{"name":"wp","href":"https:\/\/api.w.org\/{rel}","templated":true}]}}