{"id":24563,"date":"2021-04-19T16:17:39","date_gmt":"2021-04-19T14:17:39","guid":{"rendered":"http:\/\/info.sadowne.pl\/?p=24563"},"modified":"2021-04-19T16:17:39","modified_gmt":"2021-04-19T14:17:39","slug":"kronika-policyjna-12-18-kwietnia-2021","status":"publish","type":"post","link":"http:\/\/info.sadowne.pl\/?p=24563","title":{"rendered":"Kronika policyjna 12 \u2013 18 kwietnia 2021"},"content":{"rendered":"<p><strong><a href=\"http:\/\/info.sadowne.pl\/wp-content\/uploads\/2015\/04\/komisariat-3.jpg\"><img loading=\"lazy\" decoding=\"async\" class=\"alignleft size-thumbnail wp-image-8553\" src=\"http:\/\/info.sadowne.pl\/wp-content\/uploads\/2015\/04\/komisariat-3-180x130.jpg\" alt=\"\" width=\"180\" height=\"130\" \/><\/a>W ostatnich dniach na terenie powiatu w\u0119growskiego dosz\u0142o do zdarze\u0144 drogowych. Policjanci apeluj\u0105 o ostro\u017cno\u015b\u0107 i rozwag\u0119.<\/strong><!--more--><\/p>\n<p>12 kwietnia w m. \u0141ojew mieszkaniec pow. przasnyskiego, kieruj\u0105c pojazdem ci\u0119\u017carowym marki Man z naczep\u0105, uderzy\u0142 w przebiegaj\u0105cego przez jezdni\u0119 \u0142osia. Nikt nie dozna\u0142 obra\u017ce\u0144.<\/p>\n<p>13 kwietnia w m. W\u0119gr\u00f3w mieszkaniec pow. w\u0119growskiego, kieruj\u0105c pojazdem marki Skoda nie dostosowa\u0142 pr\u0119dko\u015bci do warunk\u00f3w panuj\u0105cych na drodze w wyniku czego najecha\u0142 na ty\u0142 poprzedzaj\u0105cej go Toyoty. Nikt nie dozna\u0142 obra\u017ce\u0144.<\/p>\n<p>14 kwietnia w m. Top\u00f3r mieszkaniec Warszawy, kieruj\u0105c pojazdem marki BMW nie dostosowa\u0142 pr\u0119dko\u015bci do warunk\u00f3w panuj\u0105cych na drodze oraz nie zachowa\u0142 bezpiecznej odleg\u0142o\u015bci w wyniku czego uderzy\u0142 w poprzedzaj\u0105cy go pojazd marki Mercedes, kt\u00f3ry nast\u0119pnie uderzy\u0142 w pojazd Land Rover. Nikt nie dozna\u0142 obra\u017ce\u0144.<\/p>\n<p>15 kwietnia w m. Gwizda\u0142y obywatel Bia\u0142orusi, kieruj\u0105c pojazdem ci\u0119\u017carowym marki Volvo nie zachowa\u0142 nale\u017cytej ostro\u017cno\u015bci podczas manewru cofania w wyniku czego uderzy\u0142 ty\u0142em naczepy w pojazd marki Peugeot. Nikt nie dozna\u0142 obra\u017ce\u0144.<\/p>\n<p><strong>W tym samym dniu w m. Z\u0142otki<\/strong>, mieszkaniec pow. otwockiego, kieruj\u0105c pojazdem marki Volvo z naczep\u0105, na kt\u00f3rej przewozi\u0142 kruszywo, w trakcie wymijania z innym pojazdem ci\u0119\u017carowym zjecha\u0142 praw\u0105 stron\u0105 pojazdu na pobocze drogi i zatrzyma\u0142 pojazd. W trakcie postoju nieutwardzone pobocze osun\u0119\u0142o si\u0119 w wyniku czego pojazd przewr\u00f3ci\u0142 si\u0119 na praw\u0105 stron do rowu. Nikt nie dozna\u0142 obra\u017ce\u0144.<\/p>\n<p><strong>18 kwietnia w m. Szynkarzyzna<\/strong> mieszkaniec pow. w\u0119growskiego, kieruj\u0105c pojazdem marki Ford uderzy\u0142 w przydro\u017cny s\u0142up energetyczny uszkadzaj\u0105c go. Kieruj\u0105cy oddali\u0142 si\u0119 z miejsca zdarzenia. Ze wst\u0119pnych ustale\u0144 wynika, i\u017c przyczyn\u0105 zdarzenia by\u0142o niedostosowanie pr\u0119dko\u015bci do warunk\u00f3w panuj\u0105cych na drodze oraz fakt, i\u017c w chwili zatrzymania m\u0119\u017cczyzna znajdowa\u0142 si\u0119 w stanie nietrze\u017awo\u015bci. Okoliczno\u015bci zdarzenia wyja\u015bni post\u0119powanie prowadzone przez KP w \u0141ochowie.<\/p>\n<p>Policjanci apeluj\u0105 o ostro\u017cno\u015b\u0107 i zwi\u0119kszon\u0105 uwag\u0119 na drogach<\/p>\n<p><strong>m\u0142. asp. Monika Ksi\u0119\u017copolska<\/strong><\/p>\n","protected":false},"excerpt":{"rendered":"<p>W ostatnich dniach na terenie powiatu w\u0119growskiego dosz\u0142o do zdarze\u0144 drogowych. Policjanci apeluj\u0105 o ostro\u017cno\u015b\u0107 i rozwag\u0119.<\/p>\n","protected":false},"author":1,"featured_media":0,"comment_status":"closed","ping_status":"closed","sticky":false,"template":"","format":"standard","meta":{"footnotes":""},"categories":[5,266,4],"tags":[261,3174],"class_list":["post-24563","post","type-post","status-publish","format-standard","hentry","category-newsy","category-policja-policja-straz-pozarna-pogotowie-ratunkowe","category-policja-straz-pozarna-pogotowie-ratunkowe","tag-komenda-powiatowa-policji-w-wegrowie","tag-kronika-policyjna"],"views":2197,"_links":{"self":[{"href":"http:\/\/info.sadowne.pl\/index.php?rest_route=\/wp\/v2\/posts\/24563","targetHints":{"allow":["GET"]}}],"collection":[{"href":"http:\/\/info.sadowne.pl\/index.php?rest_route=\/wp\/v2\/posts"}],"about":[{"href":"http:\/\/info.sadowne.pl\/index.php?rest_route=\/wp\/v2\/types\/post"}],"author":[{"embeddable":true,"href":"http:\/\/info.sadowne.pl\/index.php?rest_route=\/wp\/v2\/users\/1"}],"replies":[{"embeddable":true,"href":"http:\/\/info.sadowne.pl\/index.php?rest_route=%2Fwp%2Fv2%2Fcomments&post=24563"}],"version-history":[{"count":1,"href":"http:\/\/info.sadowne.pl\/index.php?rest_route=\/wp\/v2\/posts\/24563\/revisions"}],"predecessor-version":[{"id":24564,"href":"http:\/\/info.sadowne.pl\/index.php?rest_route=\/wp\/v2\/posts\/24563\/revisions\/24564"}],"wp:attachment":[{"href":"http:\/\/info.sadowne.pl\/index.php?rest_route=%2Fwp%2Fv2%2Fmedia&parent=24563"}],"wp:term":[{"taxonomy":"category","embeddable":true,"href":"http:\/\/info.sadowne.pl\/index.php?rest_route=%2Fwp%2Fv2%2Fcategories&post=24563"},{"taxonomy":"post_tag","embeddable":true,"href":"http:\/\/info.sadowne.pl\/index.php?rest_route=%2Fwp%2Fv2%2Ftags&post=24563"}],"curies":[{"name":"wp","href":"https:\/\/api.w.org\/{rel}","templated":true}]}}