{"id":24577,"date":"2021-04-25T11:27:13","date_gmt":"2021-04-25T09:27:13","guid":{"rendered":"http:\/\/info.sadowne.pl\/?p=24577"},"modified":"2021-09-01T20:50:22","modified_gmt":"2021-09-01T18:50:22","slug":"organizatorzy-obiecali","status":"publish","type":"post","link":"http:\/\/info.sadowne.pl\/?p=24577","title":{"rendered":"Organizatorzy obiecali!"},"content":{"rendered":"<p><strong><a href=\"http:\/\/info.sadowne.pl\/wp-content\/uploads\/2021\/04\/2021.04.25.1.jpg\"><img loading=\"lazy\" decoding=\"async\" class=\"alignleft wp-image-24578 size-thumbnail\" src=\"http:\/\/info.sadowne.pl\/wp-content\/uploads\/2021\/04\/2021.04.25.1-180x130.jpg\" alt=\"\" width=\"180\" height=\"130\" srcset=\"http:\/\/info.sadowne.pl\/wp-content\/uploads\/2021\/04\/2021.04.25.1-180x130.jpg 180w, http:\/\/info.sadowne.pl\/wp-content\/uploads\/2021\/04\/2021.04.25.1-300x218.jpg 300w, http:\/\/info.sadowne.pl\/wp-content\/uploads\/2021\/04\/2021.04.25.1.jpg 767w\" sizes=\"auto, (max-width: 180px) 100vw, 180px\" \/><\/a>Jak informuje Gminny O\u015brodek Kultury w Sadownem, pomimo pandemii planowane jest zorganizowanie na terenie gminy Sadowne dw\u00f3ch cyklicznych imprez sportowych.<\/strong><!--more--><\/p>\n<p><span style=\"color: #ff0000;\"><strong>Uwaga mi\u0142o\u015bnicy biegania i marsz\u00f3w Nordic Walking! Prosz\u0119 zarezerwowa\u0107 sobie terminy na udzia\u0142 w sadowie\u0144skich imprezach sportowych!<\/strong><\/span><\/p>\n<p>Organizatorzy imprez obiecali, \u017ce:<\/p>\n<p>&#8211; w niedziel\u0119 <strong>4 lipca 2021 r.<\/strong> w Sadownem odb\u0119dzie si\u0119 VIII Bieg i IV Marsz Nordic Walking ku czci b\u0142. ks. Edwarda Grzyma\u0142y,<\/p>\n<p>&#8211; w niedziel\u0119 <strong>22 sierpnia 2021 r.<\/strong> w Ra\u017cnach odb\u0119dzie si\u0119 si\u00f3dma edycja Biegu i Marszu pn. \u201eNadbu\u017ca\u0144ska 6\u201d.<\/p>\n<p>Wkr\u00f3tce wi\u0119cej informacji. Do zobaczenia na linii startu w urokliwych zak\u0105tkach gminy Sadowne.<\/p>\n<p>Przypomnijmy, jak to by\u0142o w ubieg\u0142ym roku:<\/p>\n<p><strong>&#8211; Bieg Grzyma\u0142y &#8211; <span style=\"color: #0000ff;\"><a style=\"color: #0000ff;\" href=\"http:\/\/info.sadowne.pl\/?p=23563\" target=\"_blank\" rel=\"noopener\">http:\/\/info.sadowne.pl\/?p=23563<\/a><\/span><\/strong><\/p>\n<p><strong>&#8211; Nadbu\u017ca\u0144ska 6 &#8211; <span style=\"color: #0000ff;\"><a style=\"color: #0000ff;\" href=\"http:\/\/info.sadowne.pl\/?p=23704\" target=\"_blank\" rel=\"noopener\">http:\/\/info.sadowne.pl\/?p=23704<\/a><\/span><\/strong><\/p>\n<p><strong>Tekst:<\/strong> S\u0142awek Chyli\u0144ski<\/p>\n","protected":false},"excerpt":{"rendered":"<p>Jak informuje Gminny O\u015brodek Kultury w Sadownem, pomimo pandemii planowane jest zorganizowanie na terenie gminy Sadowne dw\u00f3ch cyklicznych imprez sportowych.<\/p>\n","protected":false},"author":1,"featured_media":0,"comment_status":"closed","ping_status":"closed","sticky":false,"template":"","format":"standard","meta":{"footnotes":""},"categories":[5,2135,3627,7],"tags":[3557,169,3558],"class_list":["post-24577","post","type-post","status-publish","format-standard","hentry","category-newsy","category-bieganie","category-nordic-walking","category-sport","tag-nadbuzanska-6","tag-gminny-osrodek-kultury-w-sadownem","tag-viii-bieg-i-iv-marsz-nordic-walking-ku-czci-bl-ks-edwarda-grzymaly"],"views":2824,"_links":{"self":[{"href":"http:\/\/info.sadowne.pl\/index.php?rest_route=\/wp\/v2\/posts\/24577","targetHints":{"allow":["GET"]}}],"collection":[{"href":"http:\/\/info.sadowne.pl\/index.php?rest_route=\/wp\/v2\/posts"}],"about":[{"href":"http:\/\/info.sadowne.pl\/index.php?rest_route=\/wp\/v2\/types\/post"}],"author":[{"embeddable":true,"href":"http:\/\/info.sadowne.pl\/index.php?rest_route=\/wp\/v2\/users\/1"}],"replies":[{"embeddable":true,"href":"http:\/\/info.sadowne.pl\/index.php?rest_route=%2Fwp%2Fv2%2Fcomments&post=24577"}],"version-history":[{"count":2,"href":"http:\/\/info.sadowne.pl\/index.php?rest_route=\/wp\/v2\/posts\/24577\/revisions"}],"predecessor-version":[{"id":24580,"href":"http:\/\/info.sadowne.pl\/index.php?rest_route=\/wp\/v2\/posts\/24577\/revisions\/24580"}],"wp:attachment":[{"href":"http:\/\/info.sadowne.pl\/index.php?rest_route=%2Fwp%2Fv2%2Fmedia&parent=24577"}],"wp:term":[{"taxonomy":"category","embeddable":true,"href":"http:\/\/info.sadowne.pl\/index.php?rest_route=%2Fwp%2Fv2%2Fcategories&post=24577"},{"taxonomy":"post_tag","embeddable":true,"href":"http:\/\/info.sadowne.pl\/index.php?rest_route=%2Fwp%2Fv2%2Ftags&post=24577"}],"curies":[{"name":"wp","href":"https:\/\/api.w.org\/{rel}","templated":true}]}}