{"id":24635,"date":"2021-05-10T16:44:21","date_gmt":"2021-05-10T14:44:21","guid":{"rendered":"http:\/\/info.sadowne.pl\/?p=24635"},"modified":"2021-05-10T16:44:21","modified_gmt":"2021-05-10T14:44:21","slug":"kronika-policyjna-03-09-maja-2021","status":"publish","type":"post","link":"http:\/\/info.sadowne.pl\/?p=24635","title":{"rendered":"Kronika policyjna 03 \u2013 09 maja 2021"},"content":{"rendered":"<p><strong><a href=\"http:\/\/info.sadowne.pl\/wp-content\/uploads\/2019\/08\/komisariat16.jpg\"><img loading=\"lazy\" decoding=\"async\" class=\"alignleft size-thumbnail wp-image-20958\" src=\"http:\/\/info.sadowne.pl\/wp-content\/uploads\/2019\/08\/komisariat16-180x130.jpg\" alt=\"\" width=\"180\" height=\"130\" \/><\/a>W ostatnich dniach na terenie powiatu w\u0119growskiego dosz\u0142o do zdarze\u0144 drogowych. Policjanci apeluj\u0105 o ostro\u017cno\u015b\u0107 i rozwag\u0119.<\/strong><!--more--><\/p>\n<p>03 maja w m. \u0141och\u00f3w mieszkaniec pow. \u017cyrardowskiego, kieruj\u0105c pojazdem marki VW nie upewni\u0142 si\u0119 co do mo\u017cliwo\u015bci rozpocz\u0119cia manewru wyprzedzania i uderzy\u0142 w pojazd marki Mercedes. Nikt nie dozna\u0142 obra\u017ce\u0144.<\/p>\n<p>04 maja w m. W\u0119gr\u00f3w mieszkaniec pow. w\u0119growskiego, kieruj\u0105c pojazdem marki BMW nie zachowa\u0142 nale\u017cytej ostro\u017cno\u015bci podczas wykonywania manewru wymijania w wyniku czego dosz\u0142o do zderzenia czo\u0142owego z pojazdem marki Ford. Nikt nie dozna\u0142 obra\u017ce\u0144.<\/p>\n<p>Tego samego dnia w m. \u0141och\u00f3w mieszkaniec pow. ostrowskiego, kieruj\u0105c pojazdem marki VW nie dostosowa\u0142 pr\u0119dko\u015bci do warunk\u00f3w panuj\u0105cych na drodze w wyniku czego zjecha\u0142 do przydro\u017cnego rowu. Nikt nie dozna\u0142 obra\u017ce\u0144.<\/p>\n<p>05 maja w m. \u0141och\u00f3w mieszkaniec pow. w\u0119growskiego, kieruj\u0105c pojazdem marki Ford wykonuj\u0105c manewr omijania zaparkowanego pojazdu marki Toyota zaczepi\u0142 o przedni zderzak powoduj\u0105c jego uszkodzenie. Nikt nie dozna\u0142 obra\u017ce\u0144.<\/p>\n<p>06 maja w m. Starawie\u015b mieszkaniec pow. dzia\u0142dowskiego, kieruj\u0105c pojazdem ci\u0119\u017carowym marki Scania, podczas wykonywania manewru skr\u0119tu, nie zachowa\u0142 nale\u017cytej ostro\u017cno\u015bci i doprowadzi\u0142 do zderzenia z pojazdem marki Mercedes. Nikt nie dozna\u0142 obra\u017ce\u0144.<\/p>\n<p>W tym samym dniu w m. Warcho\u0142y, mieszkanka pow. w\u0119growskiego, kieruj\u0105c pojazdem marki Renault zderzy\u0142a si\u0119 z jeleniem, kt\u00f3ry wbieg\u0142 przed jad\u0105cy pojazd. Kieruj\u0105ca nie dozna\u0142a obra\u017ce\u0144.<\/p>\n<p>07 maja w m. Starawie\u015b mieszkaniec pow. w\u0119growskiego, kieruj\u0105c pojazdem marki VW wykonuj\u0105c manewr skr\u0119tu w lewo nie zachowa\u0142 szczeg\u00f3lnej ostro\u017cno\u015bci, czym doprowadzi\u0142 do kolizji z pojazdem Opel. Nikt nie dozna\u0142 obra\u017ce\u0144.<\/p>\n<p>08 maja w m. Liw mieszkaniec pow. w\u0119growskiego, kieruj\u0105c pojazdem marki Seat nie zachowa\u0142 szczeg\u00f3lnej ostro\u017cno\u015bci i najecha\u0142 na ty\u0142 poprzedzaj\u0105cego go pojazdu marki Jaguar. Nikt nie dozna\u0142 obra\u017ce\u0144.<\/p>\n<p>W tym samym dniu w m. \u0141och\u00f3w mieszkanka Warszawy kieruj\u0105c pojazdem marki Toyota nie zachowa\u0142a nale\u017cytej ostro\u017cno\u015bci podczas wykonywania manewru omijania i uderzy\u0142a w unieruchomiony pojazd marki Fiat powoduj\u0105c jego uszkodzenia. Nikt nie dozna\u0142 obra\u017ce\u0144.<\/p>\n<p>09 maja w m. W\u0119gr\u00f3w mieszkaniec pow. soko\u0142owskiego, kieruj\u0105c motocyklem marki Yamaha zderzy\u0142 si\u0119 z sarn\u0105, kt\u00f3ra wbieg\u0142a wprost pod pojazd. W wyniku doznanych obra\u017ce\u0144, 56-letni kieruj\u0105cy zmar\u0142.<\/p>\n<p>Policjanci apeluj\u0105 do motocyklist\u00f3w o ostro\u017cno\u015b\u0107 i zwi\u0119kszon\u0105 uwag\u0119 na drogach<\/p>\n<p><strong>m\u0142. asp. Monika Ksi\u0119\u017copolska<\/strong><\/p>\n","protected":false},"excerpt":{"rendered":"<p>W ostatnich dniach na terenie powiatu w\u0119growskiego dosz\u0142o do zdarze\u0144 drogowych. Policjanci apeluj\u0105 o ostro\u017cno\u015b\u0107 i rozwag\u0119.<\/p>\n","protected":false},"author":1,"featured_media":0,"comment_status":"closed","ping_status":"closed","sticky":false,"template":"","format":"standard","meta":{"footnotes":""},"categories":[5,266,4],"tags":[261,3174],"class_list":["post-24635","post","type-post","status-publish","format-standard","hentry","category-newsy","category-policja-policja-straz-pozarna-pogotowie-ratunkowe","category-policja-straz-pozarna-pogotowie-ratunkowe","tag-komenda-powiatowa-policji-w-wegrowie","tag-kronika-policyjna"],"views":1988,"_links":{"self":[{"href":"http:\/\/info.sadowne.pl\/index.php?rest_route=\/wp\/v2\/posts\/24635","targetHints":{"allow":["GET"]}}],"collection":[{"href":"http:\/\/info.sadowne.pl\/index.php?rest_route=\/wp\/v2\/posts"}],"about":[{"href":"http:\/\/info.sadowne.pl\/index.php?rest_route=\/wp\/v2\/types\/post"}],"author":[{"embeddable":true,"href":"http:\/\/info.sadowne.pl\/index.php?rest_route=\/wp\/v2\/users\/1"}],"replies":[{"embeddable":true,"href":"http:\/\/info.sadowne.pl\/index.php?rest_route=%2Fwp%2Fv2%2Fcomments&post=24635"}],"version-history":[{"count":1,"href":"http:\/\/info.sadowne.pl\/index.php?rest_route=\/wp\/v2\/posts\/24635\/revisions"}],"predecessor-version":[{"id":24636,"href":"http:\/\/info.sadowne.pl\/index.php?rest_route=\/wp\/v2\/posts\/24635\/revisions\/24636"}],"wp:attachment":[{"href":"http:\/\/info.sadowne.pl\/index.php?rest_route=%2Fwp%2Fv2%2Fmedia&parent=24635"}],"wp:term":[{"taxonomy":"category","embeddable":true,"href":"http:\/\/info.sadowne.pl\/index.php?rest_route=%2Fwp%2Fv2%2Fcategories&post=24635"},{"taxonomy":"post_tag","embeddable":true,"href":"http:\/\/info.sadowne.pl\/index.php?rest_route=%2Fwp%2Fv2%2Ftags&post=24635"}],"curies":[{"name":"wp","href":"https:\/\/api.w.org\/{rel}","templated":true}]}}