{"id":24657,"date":"2021-05-15T14:21:34","date_gmt":"2021-05-15T12:21:34","guid":{"rendered":"http:\/\/info.sadowne.pl\/?p=24657"},"modified":"2021-05-15T21:04:06","modified_gmt":"2021-05-15T19:04:06","slug":"xxi-plener-malarski-w-sadownem","status":"publish","type":"post","link":"http:\/\/info.sadowne.pl\/?p=24657","title":{"rendered":"XXI Plener Malarski w Sadownem"},"content":{"rendered":"<p><a href=\"http:\/\/info.sadowne.pl\/wp-content\/uploads\/2021\/05\/2021.05.15.3.jpg\" target=\"_blank\" rel=\"noopener\"><img loading=\"lazy\" decoding=\"async\" class=\"alignleft wp-image-24658 size-thumbnail\" src=\"http:\/\/info.sadowne.pl\/wp-content\/uploads\/2021\/05\/2021.05.15.3-180x130.jpg\" alt=\"\" width=\"180\" height=\"130\" \/><\/a><strong>Na t<\/strong><strong>erenie gminy Sadowne w\u0142a\u015bnie trwa <\/strong><strong>XX<\/strong><strong>I<\/strong><strong> Pl<\/strong><strong>ener Malarski. W mi\u0119dzyczasie odby\u0142 si\u0119 wernisa\u017c, podczas kt\u00f3rego mogli\u015bmy podziwia\u0107 efekty tegorocznego Pleneru<\/strong><strong>.<\/strong><!--more--><\/p>\n<p><strong>Od 9 maja na terenie gminy Sadowne trwa XXI Plener Malarski Artyst\u00f3w Plastyk\u00f3w.<\/strong> W dotychczasowych przewa\u017cnie bra\u0142a udzia\u0142 ta sama grupa artyst\u00f3w, ale w tym roku widzimy wiele nowych twarzy. W sadowie\u0144skim Plenerze bior\u0105 udzia\u0142 pp.: Danuta Rasi\u0144ska, Gabriela Czarnecka, Teresa Urbanowska, Mariola Iwona Falkowska, Katarzyna Krajewska, El\u017cbieta Ma\u0142gorzata P\u0119dracka, Zbigniew Dziwosz, Mariusz Zawi\u015blak, Danuta El\u017cbieta Ko\u015bciukiewicz, Kazimierz Kubacz, Monika Harmas, Dorota Syta i Gabriela Siewiera (szerzej o artystach mo\u017cna przeczyta\u0107 poni\u017cej \u2013 na stronach folderu przygotowanego z tej okazji przez Gminny O\u015brodek Kultury w Sadownem).<\/p>\n<p><a href=\"http:\/\/info.sadowne.pl\/wp-content\/uploads\/2021\/05\/2021.05.15.2.jpg\"><img loading=\"lazy\" decoding=\"async\" class=\"aligncenter size-full wp-image-24659\" src=\"http:\/\/info.sadowne.pl\/wp-content\/uploads\/2021\/05\/2021.05.15.2.jpg\" alt=\"\" width=\"604\" height=\"629\" srcset=\"http:\/\/info.sadowne.pl\/wp-content\/uploads\/2021\/05\/2021.05.15.2.jpg 604w, http:\/\/info.sadowne.pl\/wp-content\/uploads\/2021\/05\/2021.05.15.2-288x300.jpg 288w\" sizes=\"auto, (max-width: 604px) 100vw, 604px\" \/><\/a><\/p>\n<p><a href=\"http:\/\/info.sadowne.pl\/wp-content\/uploads\/2021\/05\/2021.05.15.1.jpg\"><img loading=\"lazy\" decoding=\"async\" class=\"aligncenter size-full wp-image-24660\" src=\"http:\/\/info.sadowne.pl\/wp-content\/uploads\/2021\/05\/2021.05.15.1.jpg\" alt=\"\" width=\"605\" height=\"632\" srcset=\"http:\/\/info.sadowne.pl\/wp-content\/uploads\/2021\/05\/2021.05.15.1.jpg 605w, http:\/\/info.sadowne.pl\/wp-content\/uploads\/2021\/05\/2021.05.15.1-287x300.jpg 287w\" sizes=\"auto, (max-width: 605px) 100vw, 605px\" \/><\/a><\/p>\n<p>Arty\u015bci, jak w poprzednich latach, zamieszkiwali w Gospodarstwie Agroturystycznym \u201ePrzy lesie\u201d Pa\u0144stwa Iwony i Piotra Olkowskich w Oci\u0119tem, a tak\u017ce go\u015bciny udzieli\u0142 im P. Alfred Robak z Oci\u0119tego \u2013 g\u0142\u00f3wnie tam te\u017c tworzyli swoje prace.<\/p>\n<p><strong>Miniony tydzie\u0144 by\u0142 dla artyst\u00f3w bardzo pracowity<\/strong>, gdy\u017c, opr\u00f3cz swojej pracy tw\u00f3rczej, przeprowadzili te\u017c m.in. z sadowie\u0144skim GOK-iem warsztaty malowania na porcelanie \u2013 P. Danuta Rasi\u0144ska i warsztaty malowania na tkaninie \u2013 P. Gabriela Siewiera (obie Panie by\u0142y wspierane przez kole\u017canki). W sadowie\u0144skim przedszkolu odby\u0142o si\u0119 malowanie natur\u0105 (malowanie r\u00f3\u017cnych przedmiot\u00f3w, listk\u00f3w, ga\u0142\u0105zek czy r\u0105k i st\u00f3p, a nast\u0119pnie odbijanie ich na tkaninie lub papierze \u2013 zaj\u0119cia prowadzi\u0142a P. Gabriela Siewiera wspierana przez kilka kole\u017canek. W szkole P. Gabriela Czarnecka, przy udziale P. Danuty Rasi\u0144skiej i P. Danuty Ko\u015bciukiewicz, przeprowadzi\u0142a zaj\u0119cia warsztatowe z wycinanki (uk\u0142adania kompozycji z element\u00f3w wycinanych). Informacje o warsztatach mo\u017cemy znale\u017a\u0107 na stronie facebookowej Gminnego O\u015brodka Kultury w Sadownem.<\/p>\n<p><strong>Efekty tegorocznego Pleneru mogli\u015bmy podziwia\u0107 podczas wernisa\u017cu poplenerowego<\/strong>, kt\u00f3ry odby\u0142 si\u0119 w pomieszczeniach muzealno \u2013 edukacyjnych budynku Gminnego O\u015brodka Kultury w Sadownem, a uczestniczyli w nim uczestnicy Pleneru, przedstawiciele Organizator\u00f3w i osoby go wspomagaj\u0105ce. Kuratorem wystawy prac artyst\u00f3w jest P. Gabriela Czarnecka, wspierana przez P. Mariol\u0119 Falkowsk\u0105 i P. Ma\u0142gorzat\u0119 P\u0119drack\u0105.<\/p>\n<p>Wernisa\u017c oficjalnie otworzy\u0142a P. Ewa Pi\u00f3rkowska \u2013 Dyrektor Gminnego O\u015brodka Kultury w Sadownem, a w imieniu Samorz\u0105du do artyst\u00f3w zwr\u00f3ci\u0142 si\u0119 P. Waldemar Cyran \u2013 W\u00f3jt Gminy Sadowne. Par\u0119 s\u0142\u00f3w o uczestnikach Pleneru, jego przebiegu i powsta\u0142ych pracach przekaza\u0142a zebranym P. Teresa Urbanowska \u2013 Komisarz Pleneru.<\/p>\n<p><strong>P. Waldemar Cyran przedstawi\u0142 swoj\u0105 propozycj\u0119, aby od przysz\u0142ego roku w oficjalnej nazwie Pleneru pojawi\u0142 si\u0119 Patron \u2013 prof. Edward Herman<\/strong>, kt\u00f3ry by\u0142 inicjatorem sadowie\u0144kiego Pleneru oraz Organizatorem kolejnych jego edycji. Prof. Edward Herman odszed\u0142 od nas w styczniu 2019 roku. Jego \u017cyciorys w skr\u00f3cie przedstawi\u0142 obecny na wernisa\u017cu P. Krzysztof K\u0105dziela, przyjaciel Patrona, emerytowany nauczyciel, a obecnie kustosz Muzeum Le\u015bnictwa i \u0141owiectwa w Sadownem. Po jednog\u0142o\u015bnej akceptacji przed\u0142o\u017conej propozycji, uczestnicy Pleneru minut\u0105 ciszy uczcili pami\u0119\u0107 \u015b.p. Edwarda Hermana.<\/p>\n<p><strong>I na koniec pozosta\u0142o<\/strong> \u2013 r\u00f3wnie wa\u017cne i przyjemne dla ducha &#8211; obejrzenie prac umieszczonych na wystawie XXI Pleneru Malarskiego w Sadownem. \u00a0Uwaga! Wystawa b\u0119dzie czynna jeszcze w niedziel\u0119 (16.05.2021 r.) od godz. 12.00 do 16.00 i w poniedzia\u0142ek (17.05.2021 r. \u2013 ostatni dzie\u0144 Pleneru) od godz. 8.00 do 13.00. ZAPRASZAMY!<\/p>\n<p><strong>Przypomnijmy tylko, \u017ce Organizatorami tegorocznego Pleneru jest Urz\u0105d Gminy w Sadownem i Gminny O\u015brodek Kultury w Sadownem, a wsp\u00f3\u0142organizatorem &#8211; Mazowieckie Forum Biznesu, Nauki i Kultury.<\/strong><\/p>\n<p><strong>Zdj\u0119cia na stronie <span style=\"color: #0000ff;\"><a style=\"color: #0000ff;\" href=\"https:\/\/photos.app.goo.gl\/t9cLx7ajhMQKG7Hn9\" target=\"_blank\" rel=\"noopener\">https:\/\/photos.app.goo.gl\/t9cLx7ajhMQKG7Hn9<\/a><\/span><\/strong><\/p>\n<p><strong>Tekst\/foto: <\/strong>S\u0142awek Chyli\u0144ski<\/p>\n","protected":false},"excerpt":{"rendered":"<p>Na terenie gminy Sadowne w\u0142a\u015bnie trwa XXI Plener Malarski. W mi\u0119dzyczasie odby\u0142 si\u0119 wernisa\u017c, podczas kt\u00f3rego mogli\u015bmy podziwia\u0107 efekty tegorocznego Pleneru.<\/p>\n","protected":false},"author":1,"featured_media":0,"comment_status":"closed","ping_status":"closed","sticky":false,"template":"","format":"standard","meta":{"footnotes":""},"categories":[5,91,6],"tags":[169,3576,3566],"class_list":["post-24657","post","type-post","status-publish","format-standard","hentry","category-newsy","category-gminny-osrodek-kultury","category-kultura-rozrywka-edukacja","tag-gminny-osrodek-kultury-w-sadownem","tag-wernisaz-xxi-pleneru-malarskiego-w-sadownem","tag-xxi-plener-malarski-artystow-plastykow-w-sadownem"],"views":3673,"_links":{"self":[{"href":"http:\/\/info.sadowne.pl\/index.php?rest_route=\/wp\/v2\/posts\/24657","targetHints":{"allow":["GET"]}}],"collection":[{"href":"http:\/\/info.sadowne.pl\/index.php?rest_route=\/wp\/v2\/posts"}],"about":[{"href":"http:\/\/info.sadowne.pl\/index.php?rest_route=\/wp\/v2\/types\/post"}],"author":[{"embeddable":true,"href":"http:\/\/info.sadowne.pl\/index.php?rest_route=\/wp\/v2\/users\/1"}],"replies":[{"embeddable":true,"href":"http:\/\/info.sadowne.pl\/index.php?rest_route=%2Fwp%2Fv2%2Fcomments&post=24657"}],"version-history":[{"count":6,"href":"http:\/\/info.sadowne.pl\/index.php?rest_route=\/wp\/v2\/posts\/24657\/revisions"}],"predecessor-version":[{"id":24666,"href":"http:\/\/info.sadowne.pl\/index.php?rest_route=\/wp\/v2\/posts\/24657\/revisions\/24666"}],"wp:attachment":[{"href":"http:\/\/info.sadowne.pl\/index.php?rest_route=%2Fwp%2Fv2%2Fmedia&parent=24657"}],"wp:term":[{"taxonomy":"category","embeddable":true,"href":"http:\/\/info.sadowne.pl\/index.php?rest_route=%2Fwp%2Fv2%2Fcategories&post=24657"},{"taxonomy":"post_tag","embeddable":true,"href":"http:\/\/info.sadowne.pl\/index.php?rest_route=%2Fwp%2Fv2%2Ftags&post=24657"}],"curies":[{"name":"wp","href":"https:\/\/api.w.org\/{rel}","templated":true}]}}