{"id":24682,"date":"2021-05-24T13:46:56","date_gmt":"2021-05-24T11:46:56","guid":{"rendered":"http:\/\/info.sadowne.pl\/?p=24682"},"modified":"2021-05-24T13:46:56","modified_gmt":"2021-05-24T11:46:56","slug":"kronika-policyjna-21-23-maja-2021","status":"publish","type":"post","link":"http:\/\/info.sadowne.pl\/?p=24682","title":{"rendered":"Kronika policyjna 21 \u2013 23 maja 2021"},"content":{"rendered":"<p><strong><a href=\"http:\/\/info.sadowne.pl\/wp-content\/uploads\/2019\/08\/komisariat16.jpg\"><img loading=\"lazy\" decoding=\"async\" class=\"alignleft size-thumbnail wp-image-20958\" src=\"http:\/\/info.sadowne.pl\/wp-content\/uploads\/2019\/08\/komisariat16-180x130.jpg\" alt=\"\" width=\"180\" height=\"130\" \/><\/a>W ostatnich dniach na terenie powiatu w\u0119growskiego dosz\u0142o wielu do zdarze\u0144 drogowych. Policjanci apeluj\u0105 o ostro\u017cno\u015b\u0107 i rozwag\u0119.<\/strong><!--more--><\/p>\n<p>21 maja w m. Liw mieszkaniec Warszawy, kieruj\u0105c pojazdem marki Skoda zjecha\u0142 na przeciwleg\u0142y pas ruchu, gdzie zderzy\u0142 si\u0119 z jad\u0105cym z przeciwnego kierunku pojazdem marki Mercedes. Nikt nie dozna\u0142 obra\u017ce\u0144.<\/p>\n<p>22 maja w m. \u0141och\u00f3w mieszkaniec pow. w\u0119growskiego, kieruj\u0105c pojazdem marki Daewoo nie zastosowa\u0142 szczeg\u00f3lnej ostro\u017cno\u015bci podczas wyje\u017cd\u017cania z miejsca parkingowego w wyniku czego uderzy\u0142 ty\u0142em swojego pojazdu w drzwi pojazdu marki Kia. Nikt nie dozna\u0142 obra\u017ce\u0144.<\/p>\n<p>W tym samym dniu w m. \u0141och\u00f3w mieszkaniec pow. w\u0119growskiego, kieruj\u0105c pojazdem marki Honda nie ust\u0105pi\u0142 pierwsze\u0144stwa przejazdu kieruj\u0105cemu pojazdem marki VW doprowadzaj\u0105c do zderzenia. Nikt nie dozna\u0142 obra\u017ce\u0144.<\/p>\n<p>22 maja w m. W\u0119gr\u00f3w mieszkanka pow. w\u0119growskiego, kieruj\u0105c pojazdem marki Mitsubishi podczas wykonywania manewru cofania uderzy\u0142a w pojazd marki Honda. Nikt nie dozna\u0142 obra\u017ce\u0144.<\/p>\n<p>23 maja w m. Wyszk\u00f3w mieszkaniec pow. w\u0119growskiego, kieruj\u0105c pojazdem marki BMW w wyniku zm\u0119czenia zasn\u0105\u0142 w wyniku czego zjecha\u0142 na pobocze, uderzy\u0142 w znak drogowy i przewr\u00f3ci\u0142 si\u0119 na dach. Nikt nie dozna\u0142 obra\u017ce\u0144.<\/p>\n<p>Policjanci apeluj\u0105 o ostro\u017cno\u015b\u0107 i zwi\u0119kszon\u0105 uwag\u0119 na drogach.<\/p>\n<p>m\u0142. asp. Monika Ksi\u0119\u017copolska<\/p>\n","protected":false},"excerpt":{"rendered":"<p>W ostatnich dniach na terenie powiatu w\u0119growskiego dosz\u0142o wielu do zdarze\u0144 drogowych. Policjanci apeluj\u0105 o ostro\u017cno\u015b\u0107 i rozwag\u0119.<\/p>\n","protected":false},"author":1,"featured_media":0,"comment_status":"closed","ping_status":"closed","sticky":false,"template":"","format":"standard","meta":{"footnotes":""},"categories":[5,266,4],"tags":[261,3174],"class_list":["post-24682","post","type-post","status-publish","format-standard","hentry","category-newsy","category-policja-policja-straz-pozarna-pogotowie-ratunkowe","category-policja-straz-pozarna-pogotowie-ratunkowe","tag-komenda-powiatowa-policji-w-wegrowie","tag-kronika-policyjna"],"views":2560,"_links":{"self":[{"href":"http:\/\/info.sadowne.pl\/index.php?rest_route=\/wp\/v2\/posts\/24682","targetHints":{"allow":["GET"]}}],"collection":[{"href":"http:\/\/info.sadowne.pl\/index.php?rest_route=\/wp\/v2\/posts"}],"about":[{"href":"http:\/\/info.sadowne.pl\/index.php?rest_route=\/wp\/v2\/types\/post"}],"author":[{"embeddable":true,"href":"http:\/\/info.sadowne.pl\/index.php?rest_route=\/wp\/v2\/users\/1"}],"replies":[{"embeddable":true,"href":"http:\/\/info.sadowne.pl\/index.php?rest_route=%2Fwp%2Fv2%2Fcomments&post=24682"}],"version-history":[{"count":1,"href":"http:\/\/info.sadowne.pl\/index.php?rest_route=\/wp\/v2\/posts\/24682\/revisions"}],"predecessor-version":[{"id":24683,"href":"http:\/\/info.sadowne.pl\/index.php?rest_route=\/wp\/v2\/posts\/24682\/revisions\/24683"}],"wp:attachment":[{"href":"http:\/\/info.sadowne.pl\/index.php?rest_route=%2Fwp%2Fv2%2Fmedia&parent=24682"}],"wp:term":[{"taxonomy":"category","embeddable":true,"href":"http:\/\/info.sadowne.pl\/index.php?rest_route=%2Fwp%2Fv2%2Fcategories&post=24682"},{"taxonomy":"post_tag","embeddable":true,"href":"http:\/\/info.sadowne.pl\/index.php?rest_route=%2Fwp%2Fv2%2Ftags&post=24682"}],"curies":[{"name":"wp","href":"https:\/\/api.w.org\/{rel}","templated":true}]}}