{"id":24729,"date":"2021-06-13T18:58:48","date_gmt":"2021-06-13T16:58:48","guid":{"rendered":"http:\/\/info.sadowne.pl\/?p=24729"},"modified":"2021-06-13T19:40:51","modified_gmt":"2021-06-13T17:40:51","slug":"vii-miedzynarodowy-festiwal-poloneza","status":"publish","type":"post","link":"http:\/\/info.sadowne.pl\/?p=24729","title":{"rendered":"VII Mi\u0119dzynarodowy Festiwal POLONEZA"},"content":{"rendered":"<p><a href=\"http:\/\/info.sadowne.pl\/wp-content\/uploads\/2021\/06\/2021.06.13.1.jpg\" target=\"_blank\" rel=\"noopener\"><img loading=\"lazy\" decoding=\"async\" class=\"alignleft wp-image-24730 size-thumbnail\" src=\"http:\/\/info.sadowne.pl\/wp-content\/uploads\/2021\/06\/2021.06.13.1-180x130.jpg\" alt=\"\" width=\"180\" height=\"130\" \/><\/a><\/p>\n<p><strong>W dniach 4 \u2013 13 czerwca 2021 roku na terenie gminy Sadowne odby\u0142 si\u0119 VII Mi\u0119dzynarodowy Festiwal POLONEZA.<\/strong><!--more--><\/p>\n<p>Przyjemno\u015b\u0107 kontaktu z polonezem i znanymi artystami zapewnili nam Organizatorzy tegorocznego Festiwalu: CZE-NE-KA Fundacja Przyja\u017ani Ludzi i Zwierz\u0105t, Zesp\u00f3\u0142 Ta\u0144ca Historycznego CHOREA ANTIQUA oraz Gmina Sadowne. Patronat honorowy nad Festiwalem obj\u0105\u0142 W\u00f3jt Gminy Sadowne Waldemar Cyran, a patronat medialny m.in. Portal Info Sadowne.<\/p>\n<p><strong>Kilka s\u0142\u00f3w o Organizatorach:<\/strong><\/p>\n<p><strong>Fundacja Przyja\u017ani Ludzi i Zwierz\u0105t &#8222;CZE-NE-KA&#8221;<\/strong> zosta\u0142a zarejestrowana w czerwcu 1998 roku. G\u0142\u00f3wnym jej celem jest upowszechnianie dogoterapii jako metody rehabilitacji w wybranych schorzeniach dzieci i m\u0142odzie\u017cy, a tak\u017ce m.in. organizowanie oboz\u00f3w, rajd\u00f3w i wy\u015bcig\u00f3w psich zaprz\u0119g\u00f3w, propagowanie w\u0142a\u015bciwego stosunku do zwierz\u0105t, animowanie dzia\u0142alno\u015bci w zakresie kultury i sztuki, prowadzenie bada\u0144 nad wp\u0142ywem zwierz\u0105t na \u017cycie ludzi i dzia\u0142ania na rzecz rehabilitacji, a tak\u017ce aktywizacji zawodowej os\u00f3b niepe\u0142nosprawnych oraz przeciwdzia\u0142anie patologiom spo\u0142ecznym (wi\u0119cej o Fundacji na stronie <span style=\"color: #0000ff;\"><strong><a style=\"color: #0000ff;\" href=\"http:\/\/old.czeneka.org\/index.php?dzial=index\" target=\"_blank\" rel=\"noopener\">http:\/\/old.czeneka.org\/index.php?dzial=index<\/a><\/strong><\/span>).<\/p>\n<p><strong>Zesp\u00f3\u0142 CHOREA ANTIGUA<\/strong> powsta\u0142 w 1988 r. przy Klubie Tanecznym FAN -TAN.\u00a0Jego kierownikiem jest Pani Maria Czerwi\u0144ska\u2026 Zesp\u00f3\u0142 prezentuje i popularyzuje oryginalne choreografie ta\u0144c\u00f3w dworskich Renesansu i wczesnego Baroku (wi\u0119cej o Zespole na stronie <span style=\"color: #0000ff;\"><strong><a style=\"color: #0000ff;\" href=\"http:\/\/old.czeneka.org\/index.php?dzial=chorea\" target=\"_blank\" rel=\"noopener\">http:\/\/old.czeneka.org\/index.php?dzial=chorea<\/a><\/strong><\/span>). I tu pierwsza ciekawostka: jednym z tancerzy Zespo\u0142u jest mieszkaniec naszej gminy Alfred Robak, kt\u00f3ry tym razem przyj\u0105\u0142 r\u00f3wnie\u017c pod sw\u00f3j dach uczestnik\u00f3w Festiwalu.<\/p>\n<p><strong>Troch\u0119 festiwalowej historii:<\/strong><\/p>\n<p>Na facebookowej stronie Festiwalu czytamy:<\/p>\n<p><em>POLONEZ &#8211; jeden z najstarszych polskich ta\u0144c\u00f3w narodowych wraz z opart\u0105 na nim form\u0105 muzyczn\u0105 znany jest na ca\u0142ym \u015bwiecie i do dzi\u015b rozkoszuj\u0105 si\u0119 nim miliony.<\/em><em> O dziwo, pomimo tak du\u017cej popularno\u015bci, nie spos\u00f3b znale\u017a\u0107 przedsi\u0119wzi\u0119cie, kt\u00f3re by\u0142oby w ca\u0142o\u015bci po\u015bwi\u0119cone tej cudownej sztuce. W odpowiedzi na ten problem Fundacja CZE-NE-KA i dzia\u0142aj\u0105cy w jej ramach Zesp\u00f3\u0142 Ta\u0144ca Historycznego CHOREA ANTIQUA postanowi\u0142y zorganizowa\u0107 I Mi\u0119dzynarodowy Festiwal POLONEZA! Odby\u0142 si\u0119 on w 2015 roku pod honorowym patronatem Marsza\u0142ka Wojew\u00f3dztwa Mazowieckiego Pana Adama Struzika.<\/em><\/p>\n<p><strong>Jak ten czas szybko mija<\/strong> \u2013 w tym roku odby\u0142a si\u0119 ju\u017c si\u00f3dma edycja Festiwalu, kt\u00f3ry rozpocz\u0105\u0142 si\u0119 4 czerwca Podlask\u0105 Introdukcj\u0105 Relikwii \u015bw. Floriana do Parafii w Kuczynie, a popo\u0142udniem w Broku, gdzie Zesp\u00f3\u0142 CHOREA ANTIQUA powita\u0142 wszystkich polonezem oraz odby\u0142a si\u0119 bracka biesiada. Kolejne dni Festiwalu to warsztaty poloneza dla tancerzy bior\u0105cych w nim udzia\u0142 i spotkanie z mediami. Organizatorzy zaplanowali te\u017c koncert g\u0142\u00f3wny z udzia\u0142em wszystkich uczestnik\u00f3w Festiwalu, kt\u00f3ry mieli\u015bmy przyjemno\u015b\u0107 obejrze\u0107 popo\u0142udniem 21 czerwca 2021 roku w Gminnej Hali Sportowej w Sadownem. Poprowadzili go: Zofia Czernicka (znana prezenterka TV) oraz Pawe\u0142 \u015awi\u0119torecki i Miros\u0142aw Perzy\u0144ski.<\/p>\n<p>Spotkanie rozpocz\u0119\u0142o si\u0119 oczywi\u015bcie polonezem z \u201ePana Tadeusza\u201d, kt\u00f3rego odta\u0144czyli uczestnicy Festiwalu oraz przedstawiciele Organizator\u00f3w. I tu druga ciekawostka: Gmin\u0119 Sadowne, opr\u00f3cz naszych zespo\u0142\u00f3w, reprezentowali tu r\u00f3wnie\u017c cz\u0142onkowie Stowarzyszenia na Rzecz Rozwoju Gminy Sadowne, kt\u00f3rzy wyst\u0105pili w niedawno zakupionych przez Stowarzyszenie strojach z epoki.<\/p>\n<p>By\u0142o to mo\u017cliwe w ramach realizacji zadania pn. \u201eSpotkania z kultur\u0105 ludow\u0105 w Sadownem\u201d. Projekt zosta\u0142 dofinansowany w ramach poddzia\u0142ania 19.2 \u201eWsparcie na dzia\u0142anie organizacji w ramach strategii rozwoju lokalnego kierowanego przez spo\u0142eczno\u015b\u0107\u201d, obj\u0119tego Programem Rozwoju Obszar\u00f3w Wiejskich na lata 2014 \u2013 2020. Celem operacji by\u0142o zachowanie dziedzictwa kulturowego poprzez zakup 15 stroj\u00f3w ludowych i 36 komplet\u00f3w stroj\u00f3w okoliczno\u015bciowych dla m\u0142odzie\u017cowego zespo\u0142u ludowego oraz zakup wyposa\u017cenia do pracowni r\u0119kodzie\u0142a w Sadownem. A taraz &#8211; zabawmy si\u0119 w wyszukiwanie po\u015br\u00f3d ta\u0144cz\u0105cych naszych mieszka\u0144c\u00f3w, kt\u00f3rzy przywdziali te stroje.<\/p>\n<p><strong>Podczas koncertu galowego wyst\u0105pili:<\/strong><\/p>\n<p>&#8211; Zesp\u00f3\u0142 Ta\u0144ca Historycznego CHOREA ANTIQUA<\/p>\n<p>&#8211; Harcerski Zesp\u00f3\u0142 Pie\u015bni i Ta\u0144ca \u201eDzieci P\u0142ocka\u201d im. Druha Wac\u0142awa Milke \u2013 najstarszy zesp\u00f3\u0142 dzieci\u0119cy w Polsce, powsta\u0142 w 1946 roku. Dorobek zespo\u0142u to kilka tysi\u0119cy koncert\u00f3w w kraju, Europie i Ameryce P\u00f3\u0142nocnej oraz rola reprezentacyjna w imprezach i festiwalach og\u00f3lnopolskich i zlotach, wiele medali, nagr\u00f3d i wyr\u00f3\u017cnie\u0144<\/p>\n<p>&#8211; Zesp\u00f3\u0142 Ta\u0144ca Ludowego ORKAN &#8211; znany nie tylko mieszka\u0144com Sadownego, dzia\u0142aj\u0105cy przy Zespole Szk\u00f3\u0142 Ponadpodstawowych w Sadownem i obecnie prowadzony przez Miros\u0142aw\u0119 Renik i Mart\u0119 Osman<\/p>\n<p>&#8211; Anna Maria Adamiak \u2013 \u015bpiewaczka operowa, operetkowa i musicalowa, z dorobkiem ponad 1000 koncert\u00f3w oraz repertuarem zawieraj\u0105cym utwory od baroku do wsp\u00f3\u0142czesno\u015bci<\/p>\n<p>&#8211; Iwona Manista-Kutry\u015b \u2013 wokalistka, kompozytorka, aktorka i pedagog. Kobieta kreatywna i nagradzana za dzia\u0142alno\u015b\u0107 w kulturze, \u015bpiewa jazz, piosenki autorskie, aktorskie, poetyckie, musicalowe oraz kabaretowe<\/p>\n<p>&#8211; Kazimierz Kulczy\u0144ski \u2013 bas ch\u00f3ru przyoperowego Teatru Wielkiego im. Stanis\u0142awa Moniuszki w Poznaniu<\/p>\n<p>&#8211; Jerzy Solik \u2013 zaprzyja\u017aniony z fundacj\u0105, wolontariusz dzia\u0142a\u0144 na rzecz dzieci niepe\u0142nosprawnych, \u015bpiewa i gra na gitarze, prowadzi zaj\u0119cia z muzykoterapii<\/p>\n<p>&#8211; Leonid Volodko \u2013 Bia\u0142orusin, obecnie mieszkaj\u0105cy w Polsce, pie\u015bniarz, poeta, autor melodii i tekst\u00f3w, t\u0142umacz j\u0119zyka francuskiego i angielskiego. Prezentuje bogaty repertuar: klasyczne ballady i romanse, w\u0142asne kompozycje w j\u0119zyku rosyjskim, francuskim, angielskim, bia\u0142oruskim i polskim oraz przeboje \u015bwiatowe.<\/p>\n<p>&#8211; Krzysztof Rydzelewski \u2013 laureat licznych konkurs\u00f3w i festiwali muzycznych w Polsce oraz Europie, wolontariusz i dzia\u0142acz na rzecz os\u00f3b niepe\u0142nosprawnych<\/p>\n<p>&#8211; Antonina Kokszar \u2013 solistka, akompaniatorka, tancerka, magister dyrygentury ch\u00f3ralnej konserwatorium we Lwowie oraz wydzia\u0142u wokalno \u2013 aktorskiego Akademii Muzycznej w \u0141odzi, ale te\u017c mi\u0142o\u015bniczka szermierki, \u0142ucznictwa i pieszych wycieczek g\u00f3rskich<\/p>\n<p>&#8211; Zesp\u00f3\u0142 \u015apiewaczy SADOWIANKI \u2013 znany wszystkim sadowie\u0144ski zesp\u00f3\u0142 ludowy, dzia\u0142aj\u0105cy od 1973 roku i prezentuj\u0105cy piosenki oraz obrz\u0119dy ludowe naszego regionu<\/p>\n<p><strong>Po koncercie odby\u0142a si\u0119 oczywi\u015bcie biesiada dworska<\/strong> \u2013 nie do bia\u0142ego rana, bo w niedzielne po\u0142udnie 13 czerwca uczestnik\u00f3w Festiwalu wita\u0142 ju\u017c w sadowie\u0144skim ko\u015bciele na specjalnej mszy \u015bw. proboszcz ks. Antoni Kunicki, kt\u00f3remu sprawiono niespodziank\u0119 wsp\u00f3lnie przekazanymi \u017cyczeniami imieninowymi oraz wykonaniem \u015bwietnej oprawy muzycznej mszy.<\/p>\n<p>Po mszy \u015bw. przejazd do Gminnej Hali Sportowej w Sadownem i na po\u017cegnanie uroczysty, narodowy taniec \u2013 polonez, podsumowanie i wr\u0119czenie dyplom\u00f3w, podzi\u0119kowa\u0144 oraz wsp\u00f3lne, rodzinne fotografie i \u201ema\u0142e\u201d uroczysto\u015bci. Na zako\u0144czenie inscenizacja fragmentu wesela z &#8222;Halki&#8221; Stanis\u0142awa Moniuszki, po czym oficjalne zamkni\u0119cie VII Mi\u0119dzynarodowego Festiwalu Poloneza, kt\u00f3ry\u2026 tym razem odby\u0142 si\u0119 w Sadownem.<\/p>\n<p><strong>W celu pog\u0142\u0119bienia wiedzy na temat Fundacji, Zespo\u0142u Chorea Antiqua, poloneza i wcze\u015bniejszych oraz tegorocznego Festiwalu zapraszamy na strony: Fundacji CZE-NE-KA oraz Mi\u0119dzynarodowego Festiwalu Poloneza.<\/strong><\/p>\n<p><span style=\"color: #0000ff;\"><a style=\"color: #0000ff;\" href=\"https:\/\/photos.app.goo.gl\/bt9GibAwDuMNNQvx7\" target=\"_blank\" rel=\"noopener\"><strong>&#8211; zdj\u0119cia \u2013 sobota 12 czerwca 2021 r.&gt;&gt;&gt;<\/strong><\/a><\/span><\/p>\n<p><span style=\"color: #0000ff;\"><a style=\"color: #0000ff;\" href=\"https:\/\/photos.app.goo.gl\/YavbfnKb2s7Xdb1B8\" target=\"_blank\" rel=\"noopener\"><strong>&#8211; zdj\u0119cia \u2013 niedziela 13 czerwca 2021 r.&gt;&gt;&gt;<\/strong><\/a><\/span><\/p>\n<p><strong>Tekst\/foto:<\/strong> S\u0142awek Chyli\u0144ski<\/p>\n<p><strong>\u0179r\u00f3d\u0142a: <\/strong><\/p>\n<p><a href=\"https:\/\/facebook.com\/Mi%C4%99dzynarodowy-FESTIWAL-POLONEZA-w-Polsce-407871336035717\/\" target=\"_blank\" rel=\"noopener\">https:\/\/facebook.com\/Mi%C4%99dzynarodowy-FESTIWAL-POLONEZA-w-Polsce-407871336035717\/<\/a><\/p>\n<p><a href=\"http:\/\/www.old.czeneka.org\" target=\"_blank\" rel=\"noopener\">www.old.czeneka.org<\/a><\/p>\n","protected":false},"excerpt":{"rendered":"<p>W dniach 4 \u2013 13 czerwca 2021 roku na terenie gminy Sadowne odby\u0142 si\u0119 VII Mi\u0119dzynarodowy Festiwal POLONEZA.<\/p>\n","protected":false},"author":1,"featured_media":0,"comment_status":"closed","ping_status":"closed","sticky":false,"template":"","format":"standard","meta":{"footnotes":""},"categories":[5,91,6],"tags":[3582,1827,169,3583],"class_list":["post-24729","post","type-post","status-publish","format-standard","hentry","category-newsy","category-gminny-osrodek-kultury","category-kultura-rozrywka-edukacja","tag-fundacja-cze-ne-ka","tag-gmina-sadowne","tag-gminny-osrodek-kultury-w-sadownem","tag-vii-miedzynarodowy-festiwal-poloneza"],"views":7841,"_links":{"self":[{"href":"http:\/\/info.sadowne.pl\/index.php?rest_route=\/wp\/v2\/posts\/24729","targetHints":{"allow":["GET"]}}],"collection":[{"href":"http:\/\/info.sadowne.pl\/index.php?rest_route=\/wp\/v2\/posts"}],"about":[{"href":"http:\/\/info.sadowne.pl\/index.php?rest_route=\/wp\/v2\/types\/post"}],"author":[{"embeddable":true,"href":"http:\/\/info.sadowne.pl\/index.php?rest_route=\/wp\/v2\/users\/1"}],"replies":[{"embeddable":true,"href":"http:\/\/info.sadowne.pl\/index.php?rest_route=%2Fwp%2Fv2%2Fcomments&post=24729"}],"version-history":[{"count":2,"href":"http:\/\/info.sadowne.pl\/index.php?rest_route=\/wp\/v2\/posts\/24729\/revisions"}],"predecessor-version":[{"id":24732,"href":"http:\/\/info.sadowne.pl\/index.php?rest_route=\/wp\/v2\/posts\/24729\/revisions\/24732"}],"wp:attachment":[{"href":"http:\/\/info.sadowne.pl\/index.php?rest_route=%2Fwp%2Fv2%2Fmedia&parent=24729"}],"wp:term":[{"taxonomy":"category","embeddable":true,"href":"http:\/\/info.sadowne.pl\/index.php?rest_route=%2Fwp%2Fv2%2Fcategories&post=24729"},{"taxonomy":"post_tag","embeddable":true,"href":"http:\/\/info.sadowne.pl\/index.php?rest_route=%2Fwp%2Fv2%2Ftags&post=24729"}],"curies":[{"name":"wp","href":"https:\/\/api.w.org\/{rel}","templated":true}]}}