{"id":24752,"date":"2021-06-18T19:30:34","date_gmt":"2021-06-18T17:30:34","guid":{"rendered":"http:\/\/info.sadowne.pl\/?p=24752"},"modified":"2021-06-18T19:30:34","modified_gmt":"2021-06-18T17:30:34","slug":"zaproszenie","status":"publish","type":"post","link":"http:\/\/info.sadowne.pl\/?p=24752","title":{"rendered":"ZAPROSZENIE!"},"content":{"rendered":"<p><strong><a href=\"http:\/\/info.sadowne.pl\/wp-content\/uploads\/2021\/06\/2021.06.18.2.jpg\" target=\"_blank\" rel=\"noopener\"><img loading=\"lazy\" decoding=\"async\" class=\"alignleft wp-image-24753 size-thumbnail\" src=\"http:\/\/info.sadowne.pl\/wp-content\/uploads\/2021\/06\/2021.06.18.2-180x130.jpg\" alt=\"\" width=\"180\" height=\"130\" \/><\/a>Rada Rodzic\u00f3w Zespo\u0142u O\u015bwiatowego w Toporze zaprasza na EKO FESTYN, kt\u00f3ry odb\u0119dzie si\u0119 10 lipca na placu przy OSP w Toporze.<\/strong><!--more--><\/p>\n<p><a href=\"http:\/\/info.sadowne.pl\/wp-content\/uploads\/2021\/06\/2021.06.18.3.jpg\"><img loading=\"lazy\" decoding=\"async\" class=\"aligncenter size-full wp-image-24754\" src=\"http:\/\/info.sadowne.pl\/wp-content\/uploads\/2021\/06\/2021.06.18.3.jpg\" alt=\"\" width=\"598\" height=\"845\" srcset=\"http:\/\/info.sadowne.pl\/wp-content\/uploads\/2021\/06\/2021.06.18.3.jpg 598w, http:\/\/info.sadowne.pl\/wp-content\/uploads\/2021\/06\/2021.06.18.3-212x300.jpg 212w\" sizes=\"auto, (max-width: 598px) 100vw, 598px\" \/><\/a><\/p>\n","protected":false},"excerpt":{"rendered":"<p>Rada Rodzic\u00f3w Zespo\u0142u O\u015bwiatowego w Toporze zaprasza na EKO FESTYN, kt\u00f3ry odb\u0119dzie si\u0119 10 lipca na placu przy OSP w Toporze.<\/p>\n","protected":false},"author":1,"featured_media":0,"comment_status":"closed","ping_status":"closed","sticky":false,"template":"","format":"standard","meta":{"footnotes":""},"categories":[5,1,2495],"tags":[3590,3249],"class_list":["post-24752","post","type-post","status-publish","format-standard","hentry","category-newsy","category-inne","category-nasi-sasiedzi","tag-eko-festyn-w-toporze","tag-rada-rodzicow-zespolu-oswiatowego-w-toporze"],"views":2597,"_links":{"self":[{"href":"http:\/\/info.sadowne.pl\/index.php?rest_route=\/wp\/v2\/posts\/24752","targetHints":{"allow":["GET"]}}],"collection":[{"href":"http:\/\/info.sadowne.pl\/index.php?rest_route=\/wp\/v2\/posts"}],"about":[{"href":"http:\/\/info.sadowne.pl\/index.php?rest_route=\/wp\/v2\/types\/post"}],"author":[{"embeddable":true,"href":"http:\/\/info.sadowne.pl\/index.php?rest_route=\/wp\/v2\/users\/1"}],"replies":[{"embeddable":true,"href":"http:\/\/info.sadowne.pl\/index.php?rest_route=%2Fwp%2Fv2%2Fcomments&post=24752"}],"version-history":[{"count":1,"href":"http:\/\/info.sadowne.pl\/index.php?rest_route=\/wp\/v2\/posts\/24752\/revisions"}],"predecessor-version":[{"id":24755,"href":"http:\/\/info.sadowne.pl\/index.php?rest_route=\/wp\/v2\/posts\/24752\/revisions\/24755"}],"wp:attachment":[{"href":"http:\/\/info.sadowne.pl\/index.php?rest_route=%2Fwp%2Fv2%2Fmedia&parent=24752"}],"wp:term":[{"taxonomy":"category","embeddable":true,"href":"http:\/\/info.sadowne.pl\/index.php?rest_route=%2Fwp%2Fv2%2Fcategories&post=24752"},{"taxonomy":"post_tag","embeddable":true,"href":"http:\/\/info.sadowne.pl\/index.php?rest_route=%2Fwp%2Fv2%2Ftags&post=24752"}],"curies":[{"name":"wp","href":"https:\/\/api.w.org\/{rel}","templated":true}]}}