{"id":24778,"date":"2021-06-24T11:58:56","date_gmt":"2021-06-24T09:58:56","guid":{"rendered":"http:\/\/info.sadowne.pl\/?p=24778"},"modified":"2021-06-24T11:58:56","modified_gmt":"2021-06-24T09:58:56","slug":"rok-1921","status":"publish","type":"post","link":"http:\/\/info.sadowne.pl\/?p=24778","title":{"rendered":"ROK 1921"},"content":{"rendered":"<p><strong><a href=\"http:\/\/info.sadowne.pl\/wp-content\/uploads\/2021\/06\/Brok46.jpg\" target=\"_blank\" rel=\"noopener\"><img loading=\"lazy\" decoding=\"async\" class=\"alignleft wp-image-24779 size-thumbnail\" src=\"http:\/\/info.sadowne.pl\/wp-content\/uploads\/2021\/06\/Brok46-180x130.jpg\" alt=\"\" width=\"180\" height=\"130\" \/><\/a>List z Ameryki spisany r\u0119k\u0105 pochodz\u0105cego z parafii Sadowne Stefana Wycecha.<\/strong><!--more--><\/p>\n<p>Prezentujemy kolejny list, w kt\u00f3rym mieszkaniec naszego regionu opowiada o wydarzeniach, kt\u00f3rych by\u0142 \u015bwiadkiem. Autor listu Stefan Wycech to reprezentant niezwykle zas\u0142u\u017conego dla okolicy rodu, kt\u00f3rego \u015blady odnajdujemy w sadowie\u0144skich ksi\u0119gach parafialnych pochodz\u0105cych jeszcze sprzed szwedzkiego potopu.<\/p>\n<p>Stefan Wycech by\u0142 jednym z setek tysi\u0119cy Polak\u00f3w, kt\u00f3rzy na prze\u0142omie XIX i XX wyprawili si\u0119 za ocean, celem rozpocz\u0119cia nowego, lepszego \u017cycia. Wi\u0119kszo\u015b\u0107 z nich przesz\u0142a przez budynki ameryka\u0144skich s\u0142u\u017cb imigracyjnych na nowojorskiej wyspie Ellis Island. Liczne by\u0142y na Mazowszu miejscowo\u015bci, z kt\u00f3rych nawet jedna czwarta mieszka\u0144c\u00f3w wyw\u0119drowa\u0142a za wielk\u0105 wod\u0119. W naszej okolicy, na obu brzegach Buga trudno o rodzin\u0119, kt\u00f3rej cz\u0142onkowie nie postawiliby stopy na ameryka\u0144skiej ziemi. Cz\u0119\u015b\u0107 z nich wraca\u0142a po pewnym czasie do Polski, a cz\u0119\u015b\u0107 sprowadza\u0142a swoich krewnych, by wsp\u00f3lnie zapu\u015bci\u0107 korzenie w nowej ojczy\u017anie.<\/p>\n<p><strong>Wi\u0119cej na stronie <span style=\"color: #0000ff;\"><a style=\"color: #0000ff;\" href=\"http:\/\/madzelan.cba.pl\/rok-1921-list-z-ameryki-spisany-reka-pochodzacego-z-parafii-sadowne-stefana-wycecha\/\" target=\"_blank\" rel=\"noopener\">http:\/\/madzelan.cba.pl\/rok-1921-list-z-ameryki-spisany-reka-pochodzacego-z-parafii-sadowne-stefana-wycecha\/<\/a><\/span><\/strong><\/p>\n","protected":false},"excerpt":{"rendered":"<p>List z Ameryki spisany r\u0119k\u0105 pochodz\u0105cego z parafii Sadowne Stefana Wycecha.<\/p>\n","protected":false},"author":1,"featured_media":0,"comment_status":"closed","ping_status":"closed","sticky":false,"template":"","format":"standard","meta":{"footnotes":""},"categories":[5,3436,31],"tags":[101,3004,2956],"class_list":["post-24778","post","type-post","status-publish","format-standard","hentry","category-newsy","category-opowiesci-historie-legendy-brokowskie-i-nie-tylko","category-historia-gminy","tag-historia-gminy-sadowne","tag-jerzy-madzelan","tag-opowiesci-historie-legendy-brokowskie-i-nie-tylko"],"views":1846,"_links":{"self":[{"href":"http:\/\/info.sadowne.pl\/index.php?rest_route=\/wp\/v2\/posts\/24778","targetHints":{"allow":["GET"]}}],"collection":[{"href":"http:\/\/info.sadowne.pl\/index.php?rest_route=\/wp\/v2\/posts"}],"about":[{"href":"http:\/\/info.sadowne.pl\/index.php?rest_route=\/wp\/v2\/types\/post"}],"author":[{"embeddable":true,"href":"http:\/\/info.sadowne.pl\/index.php?rest_route=\/wp\/v2\/users\/1"}],"replies":[{"embeddable":true,"href":"http:\/\/info.sadowne.pl\/index.php?rest_route=%2Fwp%2Fv2%2Fcomments&post=24778"}],"version-history":[{"count":1,"href":"http:\/\/info.sadowne.pl\/index.php?rest_route=\/wp\/v2\/posts\/24778\/revisions"}],"predecessor-version":[{"id":24780,"href":"http:\/\/info.sadowne.pl\/index.php?rest_route=\/wp\/v2\/posts\/24778\/revisions\/24780"}],"wp:attachment":[{"href":"http:\/\/info.sadowne.pl\/index.php?rest_route=%2Fwp%2Fv2%2Fmedia&parent=24778"}],"wp:term":[{"taxonomy":"category","embeddable":true,"href":"http:\/\/info.sadowne.pl\/index.php?rest_route=%2Fwp%2Fv2%2Fcategories&post=24778"},{"taxonomy":"post_tag","embeddable":true,"href":"http:\/\/info.sadowne.pl\/index.php?rest_route=%2Fwp%2Fv2%2Ftags&post=24778"}],"curies":[{"name":"wp","href":"https:\/\/api.w.org\/{rel}","templated":true}]}}