{"id":24788,"date":"2021-06-28T17:01:01","date_gmt":"2021-06-28T15:01:01","guid":{"rendered":"http:\/\/info.sadowne.pl\/?p=24788"},"modified":"2021-06-28T17:01:01","modified_gmt":"2021-06-28T15:01:01","slug":"kronika-policyjna-21-27-czerwca-2021","status":"publish","type":"post","link":"http:\/\/info.sadowne.pl\/?p=24788","title":{"rendered":"Kronika policyjna 21 &#8211; 27 czerwca 2021"},"content":{"rendered":"<p><strong><a href=\"http:\/\/info.sadowne.pl\/wp-content\/uploads\/2015\/04\/komisariat-3.jpg\"><img loading=\"lazy\" decoding=\"async\" class=\"alignleft size-thumbnail wp-image-8553\" src=\"http:\/\/info.sadowne.pl\/wp-content\/uploads\/2015\/04\/komisariat-3-180x130.jpg\" alt=\"\" width=\"180\" height=\"130\" \/><\/a>W ostatnich dniach na terenie powiatu w\u0119growskiego dosz\u0142o wielu do zdarze\u0144 drogowych. Policjanci apeluj\u0105 o ostro\u017cno\u015b\u0107 i rozwag\u0119. <\/strong><!--more--><\/p>\n<p>21 czerwca w m. W\u0119gr\u00f3w mieszkaniec pow. kaliskiego, kieruj\u0105c pojazdem ci\u0119\u017carowym marki Daf wykonuj\u0105c manewr cofania najecha\u0142 na prz\u00f3d b\u0119d\u0105cego za nim pojazdu marki Kia. Nikt nie dozna\u0142 obra\u017ce\u0144.<\/p>\n<p>22 czerwca w m. W\u0119gr\u00f3w dosz\u0142o do zdarzenia drogowego, gdzie ze wst\u0119pnych ustale\u0144 policjant\u00f3w wynika, i\u017c mieszkaniec pow. wo\u0142omi\u0144skiego, kieruj\u0105c pojazdem marki Iveco podczas wykonywania manewru skr\u0119tu w lewo nie ust\u0105pi\u0142 pierwsze\u0144stwa przejazdu kieruj\u0105cemu pojazdowi marki VW w wyniku czego dosz\u0142o do zderzenia si\u0119 pojazd\u00f3w i uderzenia w pojazd marki Opel. Kieruj\u0105cy VW w wyniku doznanych obra\u017ce\u0144 zosta\u0142 przewieziony do szpitala. Post\u0119powanie w tej sprawie prowadzi KPP w W\u0119growie.<\/p>\n<p>W tym samym dniu w m. W\u0119gr\u00f3w mieszkanka pow. soko\u0142owskiego, kieruj\u0105c pojazdem Fiat nie zachowa\u0142a bezpiecznej odleg\u0142o\u015bci pomi\u0119dzy pojazdami w wyniku czego najecha\u0142a na ty\u0142 pojazdu marki Seat. Nikt nie dozna\u0142 obra\u017ce\u0144.<\/p>\n<p>23 czerwca w m. Sadowne mieszkaniec Warszawy, kieruj\u0105c pojazdem marki Fiat podczas w\u0142\u0105czania si\u0119 do ruchu nie ust\u0105pi\u0142 pierwsze\u0144stwa kieruj\u0105cej VW doprowadzaj\u0105c do zderzenia. Nikt nie dozna\u0142 obra\u017ce\u0144.<\/p>\n<p>Tego samego dnia w m. \u0141och\u00f3w mieszkanka pow. w\u0119growskiego, kieruj\u0105c pojazdem marki Toyota nie ust\u0105pi\u0142a pierwsze\u0144stwa przejazdu kieruj\u0105cemu Skod\u0105 doprowadzaj\u0105c do zderzenia. Nikt nie dozna\u0142 obra\u017ce\u0144.<\/p>\n<p>24 czerwca w m. \u0141och\u00f3w mieszkaniec pow. lipskiego, kieruj\u0105c pojazdem marki ci\u0119\u017carowym marki Daf najecha\u0142 na pojazd marki Ford doprowadzaj\u0105c do zderzenia. Nikt nie dozna\u0142 obra\u017ce\u0144.<\/p>\n<p>W tym samym dniu w m. Wrotn\u00f3w mieszkaniec Warszawy, kieruj\u0105c pojazdem marki Iveco na \u0142uku drogi podczas manewru wymijania doprowadzi\u0142 do zderzenia z pojazdem marki Mercedes. Nikt nie dozna\u0142 obra\u017ce\u0144.<\/p>\n<p>Policjanci apeluj\u0105 do rowerzyst\u00f3w o ostro\u017cno\u015b\u0107 i zwi\u0119kszon\u0105 uwag\u0119 na drogach.<\/p>\n<p><strong>m\u0142. asp. Monika Ksi\u0119\u017copolska<\/strong><\/p>\n<p>&nbsp;<\/p>\n","protected":false},"excerpt":{"rendered":"<p>W ostatnich dniach na terenie powiatu w\u0119growskiego dosz\u0142o wielu do zdarze\u0144 drogowych. Policjanci apeluj\u0105 o ostro\u017cno\u015b\u0107 i rozwag\u0119.<\/p>\n","protected":false},"author":1,"featured_media":0,"comment_status":"closed","ping_status":"closed","sticky":false,"template":"","format":"standard","meta":{"footnotes":""},"categories":[5,266,4],"tags":[261,3174],"class_list":["post-24788","post","type-post","status-publish","format-standard","hentry","category-newsy","category-policja-policja-straz-pozarna-pogotowie-ratunkowe","category-policja-straz-pozarna-pogotowie-ratunkowe","tag-komenda-powiatowa-policji-w-wegrowie","tag-kronika-policyjna"],"views":1985,"_links":{"self":[{"href":"http:\/\/info.sadowne.pl\/index.php?rest_route=\/wp\/v2\/posts\/24788","targetHints":{"allow":["GET"]}}],"collection":[{"href":"http:\/\/info.sadowne.pl\/index.php?rest_route=\/wp\/v2\/posts"}],"about":[{"href":"http:\/\/info.sadowne.pl\/index.php?rest_route=\/wp\/v2\/types\/post"}],"author":[{"embeddable":true,"href":"http:\/\/info.sadowne.pl\/index.php?rest_route=\/wp\/v2\/users\/1"}],"replies":[{"embeddable":true,"href":"http:\/\/info.sadowne.pl\/index.php?rest_route=%2Fwp%2Fv2%2Fcomments&post=24788"}],"version-history":[{"count":1,"href":"http:\/\/info.sadowne.pl\/index.php?rest_route=\/wp\/v2\/posts\/24788\/revisions"}],"predecessor-version":[{"id":24789,"href":"http:\/\/info.sadowne.pl\/index.php?rest_route=\/wp\/v2\/posts\/24788\/revisions\/24789"}],"wp:attachment":[{"href":"http:\/\/info.sadowne.pl\/index.php?rest_route=%2Fwp%2Fv2%2Fmedia&parent=24788"}],"wp:term":[{"taxonomy":"category","embeddable":true,"href":"http:\/\/info.sadowne.pl\/index.php?rest_route=%2Fwp%2Fv2%2Fcategories&post=24788"},{"taxonomy":"post_tag","embeddable":true,"href":"http:\/\/info.sadowne.pl\/index.php?rest_route=%2Fwp%2Fv2%2Ftags&post=24788"}],"curies":[{"name":"wp","href":"https:\/\/api.w.org\/{rel}","templated":true}]}}