{"id":24817,"date":"2021-07-02T20:10:23","date_gmt":"2021-07-02T18:10:23","guid":{"rendered":"http:\/\/info.sadowne.pl\/?p=24817"},"modified":"2021-07-02T20:12:40","modified_gmt":"2021-07-02T18:12:40","slug":"kronika-policyjna-29-czerwca-1-lipca-2021","status":"publish","type":"post","link":"http:\/\/info.sadowne.pl\/?p=24817","title":{"rendered":"Kronika policyjna 29 czerwca \u2013 1 lipca 2021"},"content":{"rendered":"<p><strong><a href=\"http:\/\/info.sadowne.pl\/wp-content\/uploads\/2013\/01\/komisariat8.jpg\"><img loading=\"lazy\" decoding=\"async\" class=\"alignleft wp-image-961\" src=\"http:\/\/info.sadowne.pl\/wp-content\/uploads\/2013\/01\/komisariat8-150x150.jpg\" alt=\"\" width=\"150\" height=\"113\" srcset=\"http:\/\/info.sadowne.pl\/wp-content\/uploads\/2013\/01\/komisariat8-300x225.jpg 300w, http:\/\/info.sadowne.pl\/wp-content\/uploads\/2013\/01\/komisariat8.jpg 800w\" sizes=\"auto, (max-width: 150px) 100vw, 150px\" \/><\/a>W ostatnich dniach na terenie powiatu w\u0119growskiego dosz\u0142o wielu do zdarze\u0144 drogowych Policjanci apeluj\u0105 o ostro\u017cno\u015b\u0107 i rozwag\u0119. <\/strong><!--more--><\/p>\n<p>29 czerwca w m. Zieleniec mieszkaniec pow. w\u0119growskiego, kieruj\u0105c pojazdem marki VW nie ust\u0105pi\u0142 pierwsze\u0144stwa przejazdu kieruj\u0105cemu pojazdem marki Ford doprowadzaj\u0105c do zderzenia. Nikt nie dozna\u0142 obra\u017ce\u0144.<\/p>\n<p>W tym samym dniu w m. \u0141och\u00f3w dosz\u0142o do zderzenia si\u0119 dw\u00f3ch pojazd\u00f3w. Ze wst\u0119pnych ustale\u0144 policjant\u00f3w wynika, i\u017c mieszkaniec pow. w\u0119growskiego, kieruj\u0105c pojazdem marki Opel Meriwa nie ust\u0105pi\u0142 pierwsze\u0144stwa przejazdu na skrzy\u017cowaniu prawid\u0142o jad\u0105cemu kieruj\u0105cemu pojazdem marki Opel Astra. Post\u0119powanie prowadzi KP w \u0141ochowie.<\/p>\n<p>30 czerwca w m. \u0141och\u00f3w dosz\u0142o do zderzenia si\u0119 dw\u00f3ch pojazd\u00f3w. Ze wst\u0119pnych ustale\u0144 policjant\u00f3w wynika, i\u017c mieszkaniec pow. wyszkowski, kieruj\u0105c pojazdem marki VW nie ust\u0105pi\u0142 pierwsze\u0144stwa znajduj\u0105cemu si\u0119 na przej\u015bciu dla pieszych prowadz\u0105cemu rower m\u0119\u017cczy\u017anie w wyniku czego dosz\u0142o do potr\u0105cenia pieszego, kt\u00f3ry w wyniku doznanych obra\u017ce\u0144 zosta\u0142 przewieziony do szpitala. Post\u0119powanie w tej sprawie prowadzi KP w \u0141ochowie.<\/p>\n<p>01 lipca w m. Liw dosz\u0142o do kolejnego zdarzenia drogowego, podczas kt\u00f3rego, jak wynika ze wst\u0119pnych ustale\u0144 mieszkaniec pow. w\u0119growskiego, kieruj\u0105c pojazdem marki Mitsubishi wyje\u017cd\u017caj\u0105c z drogi podporz\u0105dkowanej nie ust\u0105pi\u0142 pierwsze\u0144stwa przejazdu kieruj\u0105cemu Fiatem, kt\u00f3ry w wyniku doznanych obra\u017ce\u0144, zosta\u0142 przewieziony do szpitala. Post\u0119powanie prowadzi KPP W\u0119gr\u00f3w.<\/p>\n<p>W tym samym dniu w m. \u0141och\u00f3w mieszkaniec pow. w\u0119growskiego, kieruj\u0105c pojazdem marki Citroen podczas w\u0142\u0105czania si\u0119 do ruchu nie ust\u0105pi\u0142 pierwsze\u0144stwa przejazdu kieruj\u0105cemu pojazdem marki Opel doprowadzaj\u0105c do zderzenia. Nikt nie dozna\u0142 obra\u017ce\u0144.<\/p>\n<p>Policjanci apeluj\u0105 o ostro\u017cno\u015b\u0107 i zwi\u0119kszon\u0105 uwag\u0119 na drogach.<\/p>\n<p>m\u0142. asp. Monika Ksi\u0119\u017copolska<\/p>\n","protected":false},"excerpt":{"rendered":"<p>W ostatnich dniach na terenie powiatu w\u0119growskiego dosz\u0142o wielu do zdarze\u0144 drogowych Policjanci apeluj\u0105 o ostro\u017cno\u015b\u0107 i rozwag\u0119.<\/p>\n","protected":false},"author":1,"featured_media":0,"comment_status":"closed","ping_status":"closed","sticky":false,"template":"","format":"standard","meta":{"footnotes":""},"categories":[5,266,4],"tags":[261,3174],"class_list":["post-24817","post","type-post","status-publish","format-standard","hentry","category-newsy","category-policja-policja-straz-pozarna-pogotowie-ratunkowe","category-policja-straz-pozarna-pogotowie-ratunkowe","tag-komenda-powiatowa-policji-w-wegrowie","tag-kronika-policyjna"],"views":2304,"_links":{"self":[{"href":"http:\/\/info.sadowne.pl\/index.php?rest_route=\/wp\/v2\/posts\/24817","targetHints":{"allow":["GET"]}}],"collection":[{"href":"http:\/\/info.sadowne.pl\/index.php?rest_route=\/wp\/v2\/posts"}],"about":[{"href":"http:\/\/info.sadowne.pl\/index.php?rest_route=\/wp\/v2\/types\/post"}],"author":[{"embeddable":true,"href":"http:\/\/info.sadowne.pl\/index.php?rest_route=\/wp\/v2\/users\/1"}],"replies":[{"embeddable":true,"href":"http:\/\/info.sadowne.pl\/index.php?rest_route=%2Fwp%2Fv2%2Fcomments&post=24817"}],"version-history":[{"count":3,"href":"http:\/\/info.sadowne.pl\/index.php?rest_route=\/wp\/v2\/posts\/24817\/revisions"}],"predecessor-version":[{"id":24820,"href":"http:\/\/info.sadowne.pl\/index.php?rest_route=\/wp\/v2\/posts\/24817\/revisions\/24820"}],"wp:attachment":[{"href":"http:\/\/info.sadowne.pl\/index.php?rest_route=%2Fwp%2Fv2%2Fmedia&parent=24817"}],"wp:term":[{"taxonomy":"category","embeddable":true,"href":"http:\/\/info.sadowne.pl\/index.php?rest_route=%2Fwp%2Fv2%2Fcategories&post=24817"},{"taxonomy":"post_tag","embeddable":true,"href":"http:\/\/info.sadowne.pl\/index.php?rest_route=%2Fwp%2Fv2%2Ftags&post=24817"}],"curies":[{"name":"wp","href":"https:\/\/api.w.org\/{rel}","templated":true}]}}