{"id":24845,"date":"2021-07-10T20:36:18","date_gmt":"2021-07-10T18:36:18","guid":{"rendered":"http:\/\/info.sadowne.pl\/?p=24845"},"modified":"2021-07-10T20:36:18","modified_gmt":"2021-07-10T18:36:18","slug":"eko-festyn-w-toporze","status":"publish","type":"post","link":"http:\/\/info.sadowne.pl\/?p=24845","title":{"rendered":"Eko Festyn w Toporze"},"content":{"rendered":"<p><a href=\"http:\/\/info.sadowne.pl\/wp-content\/uploads\/2021\/07\/2021.07.10.1.jpg\" target=\"_blank\" rel=\"noopener\"><img loading=\"lazy\" decoding=\"async\" class=\"alignleft wp-image-24846 size-thumbnail\" src=\"http:\/\/info.sadowne.pl\/wp-content\/uploads\/2021\/07\/2021.07.10.1-180x130.jpg\" alt=\"\" width=\"180\" height=\"130\" \/><\/a><\/p>\n<p><strong>Moi drodzy! Korzystajmy z zaprosze\u0144 od naszych s\u0105siad\u00f3w. 10 lipca w Toporze czeka\u0142o na uczestnik\u00f3w wiele atrakcji.<\/strong><!--more--><\/p>\n<p>W sobotnie popo\u0142udnie 10 lipca na placu przy OSP w Toporze odby\u0142 si\u0119 EKO FESTYN. Jego organizatorem by\u0142a Rada Rodzic\u00f3w Zespo\u0142u O\u015bwiatowego w Toporze.<\/p>\n<p>Opr\u00f3cz stoisk z grillem, zapiekankami, goframi\u2026 nie da\u0142o si\u0119 pomin\u0105\u0107 kawiarenki z pysznymi, domowymi wypiekami oraz ciep\u0142ymi i zimnymi napojami. Dzieciaki ch\u0119tnie uczestniczy\u0142y w ekologicznych warsztatach i konkursach, a d\u0142ugie ich kolejki ustawia\u0142y si\u0119 do tzw. dmucha\u0144c\u00f3w i innych form aktywno\u015bci.<\/p>\n<p>Du\u017co widz\u00f3w zgromadzi\u0142o na placu przedstawienie pt. \u201eZielony Kapturek\u201d. Obsada ekologicznej sztuki, inscenizacji s\u0142owno \u2013 muzycznej, to: najm\u0142odsi mieszka\u0144cy Toporu, oczywi\u015bcie uczniowie miejscowego Zespo\u0142u O\u015bwiatowego. A my\u015bl przewodnia przedstawienia? Tytu\u0142owy Zielony Kapturek wsp\u00f3lnie z le\u015bnymi pomocnikami pr\u00f3buje naprawi\u0107 \u015bwiat i nam\u00f3wi\u0107 ludzi do zastosowania ekologii we wszystkich dziedzinach naszego \u017cycia. Scenariusz i dzieci przygotowa\u0142a p. Kamila K\u0105dziela z Zespo\u0142u O\u015bwiatowego w Toporze. Dzieciaki i prowadz\u0105ca spisali si\u0119 na przys\u0142owiowy \u201emedal\u201d. Brawo!<\/p>\n<p>Zabawa wy\u015bmienita, a \u017ce sobota, to mo\u017ce nawet do samego rana. Popieramy integracj\u0119 lokalnej spo\u0142eczno\u015bci i staramy si\u0119 korzysta\u0107 z zaprosze\u0144 s\u0105siedzkich. A przy okazji\u2026 najm\u0142odsi m\u00f3wili z przej\u0119ciem o ekologii, a mo\u017ce i my wszyscy b\u0119dziemy od tej chwili podchodzi\u0107 do tematu powa\u017cnie i z my\u015bl\u0105 o tych najm\u0142odszych i kolejnych pokoleniach. Dbajmy o Ziemi\u0119 i o siebie zarazem!<\/p>\n<p><span style=\"color: #0000ff;\"><a style=\"color: #0000ff;\" href=\"https:\/\/photos.app.goo.gl\/EZUYAd84Hd2XGgYy6\" target=\"_blank\" rel=\"noopener\"><strong>Zdj\u0119cia w galerii Google&gt;&gt;&gt;<\/strong><\/a><\/span><\/p>\n<p><strong>Tekst\/foto:<\/strong> S\u0142awek Chyli\u0144ski<\/p>\n","protected":false},"excerpt":{"rendered":"<p>Moi drodzy! Korzystajmy z zaprosze\u0144 od naszych s\u0105siad\u00f3w. 10 lipca w Toporze czeka\u0142o na uczestnik\u00f3w wiele atrakcji.<\/p>\n","protected":false},"author":1,"featured_media":0,"comment_status":"closed","ping_status":"closed","sticky":false,"template":"","format":"standard","meta":{"footnotes":""},"categories":[5,1,2495],"tags":[3590,3601],"class_list":["post-24845","post","type-post","status-publish","format-standard","hentry","category-newsy","category-inne","category-nasi-sasiedzi","tag-eko-festyn-w-toporze","tag-zespol-oswiatowy-w-toporze"],"views":2634,"_links":{"self":[{"href":"http:\/\/info.sadowne.pl\/index.php?rest_route=\/wp\/v2\/posts\/24845","targetHints":{"allow":["GET"]}}],"collection":[{"href":"http:\/\/info.sadowne.pl\/index.php?rest_route=\/wp\/v2\/posts"}],"about":[{"href":"http:\/\/info.sadowne.pl\/index.php?rest_route=\/wp\/v2\/types\/post"}],"author":[{"embeddable":true,"href":"http:\/\/info.sadowne.pl\/index.php?rest_route=\/wp\/v2\/users\/1"}],"replies":[{"embeddable":true,"href":"http:\/\/info.sadowne.pl\/index.php?rest_route=%2Fwp%2Fv2%2Fcomments&post=24845"}],"version-history":[{"count":1,"href":"http:\/\/info.sadowne.pl\/index.php?rest_route=\/wp\/v2\/posts\/24845\/revisions"}],"predecessor-version":[{"id":24847,"href":"http:\/\/info.sadowne.pl\/index.php?rest_route=\/wp\/v2\/posts\/24845\/revisions\/24847"}],"wp:attachment":[{"href":"http:\/\/info.sadowne.pl\/index.php?rest_route=%2Fwp%2Fv2%2Fmedia&parent=24845"}],"wp:term":[{"taxonomy":"category","embeddable":true,"href":"http:\/\/info.sadowne.pl\/index.php?rest_route=%2Fwp%2Fv2%2Fcategories&post=24845"},{"taxonomy":"post_tag","embeddable":true,"href":"http:\/\/info.sadowne.pl\/index.php?rest_route=%2Fwp%2Fv2%2Ftags&post=24845"}],"curies":[{"name":"wp","href":"https:\/\/api.w.org\/{rel}","templated":true}]}}