{"id":24878,"date":"2021-07-25T10:53:50","date_gmt":"2021-07-25T08:53:50","guid":{"rendered":"http:\/\/info.sadowne.pl\/?p=24878"},"modified":"2021-07-25T18:43:23","modified_gmt":"2021-07-25T16:43:23","slug":"festyn-wakacyjny-2021","status":"publish","type":"post","link":"http:\/\/info.sadowne.pl\/?p=24878","title":{"rendered":"Festyn Wakacyjny 2021"},"content":{"rendered":"<p><a href=\"http:\/\/info.sadowne.pl\/wp-content\/uploads\/2021\/07\/2021.07.25.1.jpg\"><img loading=\"lazy\" decoding=\"async\" class=\"alignleft wp-image-24879 size-thumbnail\" src=\"http:\/\/info.sadowne.pl\/wp-content\/uploads\/2021\/07\/2021.07.25.1-180x130.jpg\" alt=\"\" width=\"180\" height=\"130\" \/><\/a><\/p>\n<p><strong>Sobotnim popo\u0142udniem 24 lipca mieszka\u0144cy Sadownego i go\u015bcie wzi\u0119li udzia\u0142 w cyklicznej imprezie \u2013 Festynie Wakacyjnym.<\/strong><!--more--><\/p>\n<p>Organizatorami Festynu byli: W\u00f3jt Gminy Sadowne, Gminny O\u015brodek Kultury w Sadownem i Gminna Komisja Rozwi\u0105zywania Problem\u00f3w Alkoholowych w Sadownem.<\/p>\n<p>Ju\u017c od godz. 16.00 dzieciaki mia\u0142y okazj\u0119 bezp\u0142atnie skorzysta\u0107 z zainstalowanych na Placu Ko\u015bcielnym zabawowych akcesori\u00f3w: zje\u017cd\u017calni, dmuchanego placu zabaw, \u0142\u00f3deczek czy bungee, a tak\u017ce uzyska\u0107 artystyczny makija\u017c w stoisku promocyjnym Gminnego O\u015brodka Kultury w Sadownem.<\/p>\n<p>Po godz. 17.30 dzie\u0107mi zaj\u0119li si\u0119 ju\u017c aktorzy z Teatru Forma z Bia\u0142egostoku. Zaprezentowali sceniczny, profilaktyczny spektakl teatralny &#8222;O tym jak Pieski z Patrolu\u00a0 pozna\u0142y Cyber Wied\u017am\u0119&#8221;. Przestrzega on dzieci przed negatywnymi skutkami uzale\u017cnienia od medi\u00f3w cyfrowych, pokazuj\u0105c jak cudownie mo\u017cna zorganizowa\u0107 czas na \u015bwie\u017cym powietrzu. <strong>\u00a0<\/strong><\/p>\n<p>By\u0142y te\u017c animacje, pokaz mega baniek, gry i zabawy taneczno-ruchowe<strong>. <\/strong>Animatorzy wraz z dzie\u0107mi potrafili wyczarowa\u0107 ogromne ba\u0144ki mydlane przy pomocy specjalnego profesjonalnego p\u0142ynu. W czasie skr\u0119cania balon\u00f3w\u00a0aktorzy dzi\u0119ki swoim zdolno\u015bciom manualnym pokazywali dzieciom jak wykona\u0107 ciekawe figurki z balon\u00f3w. Dodatkowo dzieci otrzymywa\u0142y na pami\u0105tk\u0119 swoje dzie\u0142o.<\/p>\n<p>Dla nieco starszych, a w\u0142a\u015bciwie dla wszystkich uczestnik\u00f3w Festynu przygotowano stoiska promocyjne i gastronomiczne. G\u0142\u00f3wny nacisk zosta\u0142 jednak po\u0142o\u017cony na doznania duchowe &#8211; scen\u0105 zaw\u0142adn\u0119li arty\u015bci, na pocz\u0105tku \u201em\u0142ode talenty\u201d:<\/p>\n<p>&#8211; Kinga Grzeli\u0144ska &#8211; uczennica \u0142ochowskiego liceum. Interesuje si\u0119 mi\u0119dzy innymi rysowaniem, teatrem i muzyk\u0105.\u00a0 \u015apiewa i gra na pianinie. Swoj\u0105 przysz\u0142o\u015b\u0107 chcia\u0142aby wi\u0105za\u0107 z medycyn\u0105. Do jej ulubionych wykonawc\u00f3w nale\u017c\u0105 Sanah i Olivia Rodrigo, ulubionym zespo\u0142em jest \u201eKwiat Jab\u0142oni\u201d. \u00a0Podczas wyst\u0119pu za\u015bpiewa\u0142a utwory tych wykonawc\u00f3w: Kwiat Jab\u0142oni \u2013 Wodymidaj, Olivia Rodrigo &#8211; Drivers License i Sanah &#8211; Etc.<\/p>\n<p>&#8211; Paulina \u0141adosz<strong> &#8211; <\/strong>uczennica 5 klasy Pa\u0144stwowej Szko\u0142y Muzycznej I Stopnia w Siedlcach, w klasie fortepianu. Ucz\u0119szcza do studia wokalnego &#8221;Fever&#8221; r\u00f3wnie\u017c w Siedlcach.\u00a0\u00a0Jest laureatk\u0105 i zwyci\u0119\u017cczyni\u0105 wielu konkurs\u00f3w og\u00f3lnopolskich. Najwi\u0119kszym sukcesem Pauliny jest udzia\u0142 w przes\u0142uchaniach w ciemno &#8221;THE VOICE KIDS 4&#8221; oraz wyst\u0119p w &#8221;SZANSA NA SUKCES JUNIOR EUROVISION 2019R.&#8221;\u00a0\u00a0W maju 2020 r. nagra\u0142a sw\u00f3j debiutancki singiel pt. &#8221;Jak MARZENIA&#8221;. Jej marzeniem jest nagranie w\u0142asnej p\u0142yty.\u00a0\u00a0Sama pisze teksty i uk\u0142ada do nich muzyk\u0119.<\/p>\n<p>U nas za\u015bpiewa\u0142a piosenki: Tylko tego chc\u0119 \u2013 z p\u0142yty Fundacja M\u0142odzi Arty\u015bci, Arcade \u2013 Duncan Lurance, Cicho \u2013 Ewa Farna, Co nam w duszy gra \u2013 z p\u0142yty Fundacja M\u0142odzi Arty\u015bci, Jak Marzenia \u2013 utw\u00f3r w\u0142asny, Superhero \u2013 Viki Gabor oraz Kamie\u0144 i Mg\u0142a \u2013 Andrzej Poniedzielski.<\/p>\n<p>Tu\u017c po m\u0142odych artystach Zesp\u00f3\u0142 &#8222;KaDar&#8221;, kt\u00f3ry tworz\u0105: Dariusz Gajda i Krzysztof Rydzelewski.<\/p>\n<p>Dariusz Gajda &#8211; urodzi\u0142 si\u0119 w Prudniku uko\u0144czy\u0142 Studio Piosenki przy Prudnickim O\u015brodku Kultury jest kompozytorem i autorem tekst\u00f3w. Do tej pory ukaza\u0142y si\u0119\u00a0\u00a0jego 4 p\u0142yty: \u201eChwila\u201d (2005), \u201eNajpi\u0119kniejsze kol\u0119dy\u201d (2007), \u201eTakie jest \u017cycie\u201d z zespo\u0142em Setus (2012), \u201e\u017bycie jest mi\u0142o\u015bci\u0105\u201d (2018). Jest cz\u0142onkiem ZASP i ZAIKS. Przez kilka lat wsp\u00f3\u0142pracowa\u0142 ze znanym polskim muzykiem, specjalist\u0105 muzyki dawnej, wieloletnim szefem zespo\u0142u &#8222;Ars Nova&#8221;, cz\u0142onkiem komisji corocznych nagr\u00f3d muzycznych Akademii Fonograficznej &#8222;Fryderyki&#8221;- Jackiem Urbaniakiem.<strong>\u00a0<\/strong><\/p>\n<p>Krzysztof Rydzelewski &#8211; ucz\u0119szcza\u0142 do Zespo\u0142u Pa\u0144stwowych Szk\u00f3\u0142 Muzycznych im. Fryderyka Chopina w Warszawie. Przez kilka lat wsp\u00f3\u0142pracowa\u0142 z Olg\u0105 Romaszko Niewiadomsk\u0105, W\u0142odzimierzem Nahornym, Bo\u017cen\u0105 Sitek, Eugeniuszem Majszakiem. Wyst\u0105pi\u0142 jako go\u015b\u0107 m. in. Ireny Santor, Jerzego Po\u0142omskiego, Bohdana \u0141azuki, Bernarda \u0141adysza. Laureat licznych konkurs\u00f3w i festiwali w Europie.<\/p>\n<p>I godz. 20.00 &#8211; oficjalne otwarcie Festynu przez W\u00f3jta Gminy Sadowne p. Waldemara Cyrana, Dyrektor Gminnego O\u015brodka Kultury w Sadownem p. Ew\u0119 Pi\u00f3rkowsk\u0105. Przy okazji zrealizowano te\u017c wynik licytacji tegorocznej WO\u015aP na pe\u0142nienie przez jeden dzie\u0144 funkcji honorowej W\u00f3jta Gminy Sadowne. Symboliczny klucz do Urz\u0119du z r\u0105k p. Cyrana otrzyma\u0142 p. Adrian Koro\u015b.<\/p>\n<p>Po cz\u0119\u015bci oficjalnej ponownie Zesp\u00f3\u0142 KaDar, a po nim DeDe Negra\u00a0czyli Daria Dombrowska &#8211; pochodzi z Jab\u0142onowa Pomorskiego i\u2026 nie wyobra\u017ca sobie cho\u0107by jednego dnia bez muzyki. Uwielbia muzyk\u0119 popowo \u2013 klubow\u0105 i w\u0142a\u015bnie w takich brzmieniach mo\u017cna j\u0105 us\u0142ysze\u0107 na koncertach, w radiu, TV i na kana\u0142ach w mediach spo\u0142eczno\u015bciowych. Zaczyna\u0142a od \u015bpiewania przer\u00f3bek \u015bwiatowych hit\u00f3w i umieszczania ich w Internecie. Dzi\u0119ki temu nagrywa\u0142a z dj&#8217;ami Burakiem Yeterem i C_BooLem. Teraz wsp\u00f3\u0142pracuje z kompozytorem i producentem Paw\u0142em Jasionowskim.<\/p>\n<p>O 22.00 gwiazda wieczoru &#8211; Zesp\u00f3\u0142\u00a0Masters, za\u0142o\u017cony przez\u00a0Paw\u0142a Jasionowskiego, na scenie polskiej muzyki rozrywkowej obecny jest od 2008 roku. Najwi\u0119ksz\u0105 rozpoznawalno\u015b\u0107 zdoby\u0142 dzi\u0119ki utworowi\u00a0\u201e\u017bono Moja\u201d<strong>.<\/strong>\u00a0Przeb\u00f3j ten ma ju\u017c ponad 100 mln wy\u015bwietle\u0144 w Internecie i bije kolejne rekordy popularno\u015bci \u2013 zaj\u0105\u0142 III miejsce w konkursie Hit Wszech Czas\u00f3w na Festiwalu Muzyki Tanecznej w Ostr\u00f3dzie. Od pocz\u0105tk\u00f3w powstania Zesp\u00f3\u0142 Masters wyda\u0142 ju\u017c\u00a07\u00a0p\u0142yt\u00a0ze swoimi najwi\u0119kszymi przebojami. Album \u201eViva Polonia!\u201d zyska\u0142 status\u00a0platynowej p\u0142yty!\u00a0Poczw\u00f3rn\u0105 platyn\u0119 zdoby\u0142 singiel \u201eNocy ma\u0142o\u201d, a platyn\u0105 pokry\u0142 si\u0119 singiel:\u00a0\u201eJa i ona\u201d. \u201eCiebie mi trzeba\u201d oraz\u00a0\u201eJeden u\u015bmiech jej\u201d\u00a0maj\u0105 status p\u0142yty z\u0142otej! Najwi\u0119ksze hity podbijaj\u0105 serca s\u0142uchaczy i grane s\u0105 na ka\u017cdym koncercie zespo\u0142u.<\/p>\n<p>Na koniec \u2013 zabaw\u0119 z muzyk\u0105 dyskotekow\u0105 poprowadzi\u0142 do p\u00f3\u0142nocy DJ PAWELEC, prezenter radiowy VOX FM, DJ i uwaga &#8211; konferansjer Festynu Wakacyjnego 2021 w Sadownem, lektor, w\u0142a\u015bciciel firmy Pawelec Factory&amp;DjPawelec.<\/p>\n<p>Obs\u0142uga techniczn\u0105 imprezy zapewni\u0142a firma SOUNDSTREAM Pawe\u0142 Zy\u015bk.<\/p>\n<p>W tym miejscu nale\u017cy wspomnie\u0107 firmy wspieraj\u0105ce wydarzenia kulturalne, rozrywkowe oraz sportowe na terenie gminy Sadowne \u2013 r\u00f3wnie\u017c i tegoroczny Festyn Wakacyjny:<\/p>\n<p><strong>EF Trading Emil Filipiak z Sojk\u00f3wka <\/strong><\/p>\n<p><strong>\u201eMr\u00f3wka \u201d Sadowne Tomasz Gajewski<\/strong><\/p>\n<p><strong>Promar &#8211; Zak\u0142ad Produkcji Maszyn Rolniczych <\/strong><\/p>\n<p><strong>Sklep \u201eRobert\u201d z Sadownego<\/strong><\/p>\n<p><strong>Barbara Filipiak \u2013 Kwiaciarnia <\/strong><\/p>\n<p><strong>Agawa sklep ogrodniczy \u0141ukasz Filipiak <\/strong><\/p>\n<p><strong>Kawiarnia \u201eMarica\u201d Ryszard Zawadzki<\/strong><\/p>\n<p><strong>Sklep Topaz Sadowne<\/strong><\/p>\n<p><strong>Sklep Groszek Sadowne<\/strong><\/p>\n<p><strong>Kosmetyka i stylizacja paznokci Martyna Wronek Sadowne<\/strong><\/p>\n<p><strong>Salon Fryzjerski Ewa Nied\u017awied\u017a \u2013 Wronek Sadowne<\/strong><\/p>\n<p><strong>Salon fryzjerski<\/strong><strong> ARTISTIC TREND &#8211; Ma\u0142gorzata Ardzi\u0144ska<\/strong><\/p>\n<p><strong>Salon fryzjerski \u201e O w\u0142os\u201d Joanna Grotkowska<\/strong><\/p>\n<p><strong>Kukwa Wojciech &#8211; Mechanika pojazdowa<\/strong><\/p>\n<p><strong>Piekarnia \u2013 Grzegorz Opieka z Sadownego<\/strong><\/p>\n<p><strong>Agencja ubezpieczeniowa PZU Piotr Olkowski &#8211; Oci\u0119te<\/strong><\/p>\n<p><strong>Us\u0142ugi krawieckie \u2013 Wies\u0142awa Dzieci\u0105tko<\/strong><\/p>\n<p><strong>Monika Filipiak salon fryzjerski i kosmetyczny Sadowne<\/strong><\/p>\n<p><strong>Mobilny Salon Kosmetyczny \u2013 Anna Gaca<\/strong><\/p>\n<p><strong>Sklep Autocz\u0119\u015bci Piotr Kowalczyk <\/strong><\/p>\n<p><strong>Studio fotograficzne Mateusz Gaca<\/strong><\/p>\n<p><strong>Za\u015bcianek Nowy styl \u2013 Henryk Klimek<\/strong><\/p>\n<p><strong>Drew-pol\u00a0 Marek Pu\u015bcion <\/strong><\/p>\n<p><strong>Sadpol Sadowne \u00a0Bogdan Skwarczy\u0144ski <\/strong><\/p>\n<p><strong>Auto-Moto\u00a0 \u0141ukasz Puchta<\/strong><\/p>\n<p><strong>On-trak stacja Paliw Klimek Kazimierz<\/strong><\/p>\n<p><strong>Drewax\u00a0 Grabiny<\/strong><\/p>\n<p><strong>Jacek Rostek Zieleniec <\/strong><\/p>\n<p><strong>Ardpol Alfred Robak<\/strong><\/p>\n<p><strong>Pi\u0142y i elektronarz\u0119dzia Marcin Kowalczyk <\/strong><\/p>\n<p><strong>Auto Naprawa \u0141ukasz Szczechura<\/strong><\/p>\n<p><strong>Zak\u0142ad Fryzjerski Anna Stelmach<\/strong><\/p>\n<p><strong>Zak\u0142ad Fryzjerski Dorota Wujek <\/strong><\/p>\n<p><span style=\"color: #3366ff;\"><strong>Media<\/strong><\/span><\/p>\n<p><strong>Info Sadowne S\u0142awomir Chyli\u0144ski<\/strong><\/p>\n<p>W imieniu Organizator\u00f3w Festynu przekazujemy podzi\u0119kowania s\u0142u\u017cbom mundurowym dbaj\u0105cym o bezpiecze\u0144stwo podczas imprezy oraz <strong>Ochotniczej Stra\u017cy Po\u017carnej w Sadownem, szczeg\u00f3lnie M\u0142odzie\u017cowej Dru\u017cynie Po\u017carniczej<\/strong>, kt\u00f3rej pomoc w organizacji tej i innych imprez na terenie gminy jest nieoceniona.<\/p>\n<p>A wszystkim dzi\u0119kujemy za udzia\u0142 w Festynie Wakacyjnym i&#8230; do zobaczenia za rok. Wcze\u015bniej jednak, r\u00f3wnie\u017c imieniu Organizator\u00f3w, zapraszamy na cykliczne imprezy, kt\u00f3re odb\u0119d\u0105 si\u0119 na terenie gminy Sadowne jeszcze podczas tegorocznych wakacji. S\u0105 to:<\/p>\n<p>&#8211; 8 sierpnia &#8211; RETRO MOTO SHOW W SADOWNEM<\/p>\n<p>&#8211; 15 sierpnia &#8211; DO\u017bYNKI GMINNO \u2013 PARAFIALNE W SADOWNEM<\/p>\n<p>&#8211; 22 sierpnia &#8211; NADBU\u017bA\u0143SKA 6 W RA\u017bNACH<\/p>\n<p>Informacje na temat ww. imprez mo\u017cna znale\u017a\u0107 na stronie internetowej Gminnego O\u015brodka Kultury w Sadownem i Portalu INFO Sadowne.<\/p>\n<p><span style=\"color: #0000ff;\"><strong><a style=\"color: #0000ff;\" href=\"https:\/\/photos.app.goo.gl\/aufEvLaMtE3JwAV66\" target=\"_blank\" rel=\"noopener\">Zdj\u0119cia w galerii Google&gt;&gt;&gt;<\/a><\/strong><\/span><\/p>\n<p><strong>Tekst\/foto:<\/strong> S\u0142awek Chyli\u0144ski<\/p>\n","protected":false},"excerpt":{"rendered":"<p>Sobotnim popo\u0142udniem 24 lipca mieszka\u0144cy Sadownego i go\u015bcie wzi\u0119li udzia\u0142 w cyklicznej imprezie \u2013 Festynie Wakacyjnym.<\/p>\n","protected":false},"author":1,"featured_media":0,"comment_status":"closed","ping_status":"closed","sticky":false,"template":"","format":"standard","meta":{"footnotes":""},"categories":[5,91,6],"tags":[3606,1827,125,169],"class_list":["post-24878","post","type-post","status-publish","format-standard","hentry","category-newsy","category-gminny-osrodek-kultury","category-kultura-rozrywka-edukacja","tag-festyn-wakacyjny-2021-w-sadownem","tag-gmina-sadowne","tag-gminna-komisja-rozwiazywania-problemow-alkoholowych-w-sadownem","tag-gminny-osrodek-kultury-w-sadownem"],"views":3458,"_links":{"self":[{"href":"http:\/\/info.sadowne.pl\/index.php?rest_route=\/wp\/v2\/posts\/24878","targetHints":{"allow":["GET"]}}],"collection":[{"href":"http:\/\/info.sadowne.pl\/index.php?rest_route=\/wp\/v2\/posts"}],"about":[{"href":"http:\/\/info.sadowne.pl\/index.php?rest_route=\/wp\/v2\/types\/post"}],"author":[{"embeddable":true,"href":"http:\/\/info.sadowne.pl\/index.php?rest_route=\/wp\/v2\/users\/1"}],"replies":[{"embeddable":true,"href":"http:\/\/info.sadowne.pl\/index.php?rest_route=%2Fwp%2Fv2%2Fcomments&post=24878"}],"version-history":[{"count":6,"href":"http:\/\/info.sadowne.pl\/index.php?rest_route=\/wp\/v2\/posts\/24878\/revisions"}],"predecessor-version":[{"id":24883,"href":"http:\/\/info.sadowne.pl\/index.php?rest_route=\/wp\/v2\/posts\/24878\/revisions\/24883"}],"wp:attachment":[{"href":"http:\/\/info.sadowne.pl\/index.php?rest_route=%2Fwp%2Fv2%2Fmedia&parent=24878"}],"wp:term":[{"taxonomy":"category","embeddable":true,"href":"http:\/\/info.sadowne.pl\/index.php?rest_route=%2Fwp%2Fv2%2Fcategories&post=24878"},{"taxonomy":"post_tag","embeddable":true,"href":"http:\/\/info.sadowne.pl\/index.php?rest_route=%2Fwp%2Fv2%2Ftags&post=24878"}],"curies":[{"name":"wp","href":"https:\/\/api.w.org\/{rel}","templated":true}]}}