{"id":24916,"date":"2021-08-09T12:23:42","date_gmt":"2021-08-09T10:23:42","guid":{"rendered":"http:\/\/info.sadowne.pl\/?p=24916"},"modified":"2021-08-09T12:23:42","modified_gmt":"2021-08-09T10:23:42","slug":"kronika-policyjna-05-08-sierpnia-2021-r","status":"publish","type":"post","link":"http:\/\/info.sadowne.pl\/?p=24916","title":{"rendered":"Kronika policyjna 05 \u2013 08 sierpnia 2021 r."},"content":{"rendered":"<p><strong><a href=\"http:\/\/info.sadowne.pl\/wp-content\/uploads\/2015\/04\/komisariat-3.jpg\"><img loading=\"lazy\" decoding=\"async\" class=\"alignleft size-thumbnail wp-image-8553\" src=\"http:\/\/info.sadowne.pl\/wp-content\/uploads\/2015\/04\/komisariat-3-180x130.jpg\" alt=\"\" width=\"180\" height=\"130\" \/><\/a>W ostatnich dniach na terenie powiatu w\u0119growskiego dosz\u0142o wielu do zdarze\u0144 drogowych. Policjanci apeluj\u0105 o ostro\u017cno\u015b\u0107 i rozwag\u0119 do pieszych i rowerzyst\u00f3w.<\/strong><!--more--><\/p>\n<p>05 sierpnia w m. W\u0119gr\u00f3w mieszkaniec pow. w\u0119growskiego, kieruj\u0105c pojazdem marki Kia wykonuj\u0105c manewr cofania uderzy\u0142 w zaparkowany pojazd marki Opel. Nikt nie dozna\u0142 obra\u017ce\u0144.<\/p>\n<p>07 sierpnia w m. W\u0119gr\u00f3w mieszkaniec pow. w\u0119growskiego, kieruj\u0105c pojazdem marki Ford najecha\u0142 na ty\u0142 zje\u017cd\u017caj\u0105cego w zatok\u0119 parkingow\u0105 pojazdu marki Volvo, a nast\u0119pnie w stoj\u0105cy pojazd marki Renault powoduj\u0105c uszkodzenia pojazd\u00f3w. Nikt nie dozna\u0142 obra\u017ce\u0144.<\/p>\n<p>W tym samym dniu w m. Ludwin\u00f3w mieszkaniec pow. wo\u0142omi\u0144skiego, kieruj\u0105c pojazdem marki BMW chc\u0105c unikn\u0105\u0107 zderzenia z zaj\u0105cem zjecha\u0142 w prawo do przydro\u017cnego rowu nast\u0119pnie uderzy\u0142 w przepust drogowy. Kieruj\u0105cy oraz pasa\u017cerowie doznali obra\u017ce\u0144 cia\u0142a i zostali przewiezieni do szpitala. Post\u0119powanie w tej sprawie prowadzi KPP w W\u0119growie.<\/p>\n<p>08 sierpnia w m. P\u0142atkownica mieszkaniec pow. ostrowskiego, kieruj\u0105c pojazdem marki Mercedes nie ust\u0105pi\u0142 pierwsze\u0144stwa przejazdu kieruj\u0105cej pojazdem marki VW, kt\u00f3ra rozpocz\u0119\u0142a manewr wyprzedzania na skrzy\u017cowaniu, w wyniku czego dosz\u0142o do zderzenia si\u0119 pojazd\u00f3w. Ponadto, kieruj\u0105cy Mercedesem decyzj\u0105 starosty posiada\u0142 zatrzymane prawo jazdy na okres trzech miesi\u0119cy. Post\u0119powanie w tej sprawie prowadzi KP w \u0141ochowie.<\/p>\n<p>Tego samego dnia w m. \u0141och\u00f3w dosz\u0142o do zdarzenia drogowego z nieletnim rowerzyst\u0105. Ze wst\u0119pnych ustale\u0144 wynika, i\u017c ch\u0142opiec mieszkaniec pow. w\u0119growskiego jad\u0105c rowerem nie ust\u0105pi\u0142 pierwsze\u0144stwa prawid\u0142owo jad\u0105cemu kieruj\u0105cemu pojazdem marki Dodge w wyniku czego rowerzysta zosta\u0142 potr\u0105cony. Nikt nie dozna\u0142 obra\u017ce\u0144. Post\u0119powanie prowadzi KP w \u0141ochowie.<\/p>\n<p>Policjanci apeluj\u0105 o ostro\u017cno\u015b\u0107 i zwi\u0119kszon\u0105 uwag\u0119 na drogach.<\/p>\n<p><strong>m\u0142. asp. Monika Ksi\u0119\u017copolska<\/strong><\/p>\n","protected":false},"excerpt":{"rendered":"<p>W ostatnich dniach na terenie powiatu w\u0119growskiego dosz\u0142o wielu do zdarze\u0144 drogowych. Policjanci apeluj\u0105 o ostro\u017cno\u015b\u0107 i rozwag\u0119 do pieszych i rowerzyst\u00f3w.<\/p>\n","protected":false},"author":1,"featured_media":0,"comment_status":"closed","ping_status":"closed","sticky":false,"template":"","format":"standard","meta":{"footnotes":""},"categories":[5,266,4],"tags":[261,3174],"class_list":["post-24916","post","type-post","status-publish","format-standard","hentry","category-newsy","category-policja-policja-straz-pozarna-pogotowie-ratunkowe","category-policja-straz-pozarna-pogotowie-ratunkowe","tag-komenda-powiatowa-policji-w-wegrowie","tag-kronika-policyjna"],"views":2747,"_links":{"self":[{"href":"http:\/\/info.sadowne.pl\/index.php?rest_route=\/wp\/v2\/posts\/24916","targetHints":{"allow":["GET"]}}],"collection":[{"href":"http:\/\/info.sadowne.pl\/index.php?rest_route=\/wp\/v2\/posts"}],"about":[{"href":"http:\/\/info.sadowne.pl\/index.php?rest_route=\/wp\/v2\/types\/post"}],"author":[{"embeddable":true,"href":"http:\/\/info.sadowne.pl\/index.php?rest_route=\/wp\/v2\/users\/1"}],"replies":[{"embeddable":true,"href":"http:\/\/info.sadowne.pl\/index.php?rest_route=%2Fwp%2Fv2%2Fcomments&post=24916"}],"version-history":[{"count":1,"href":"http:\/\/info.sadowne.pl\/index.php?rest_route=\/wp\/v2\/posts\/24916\/revisions"}],"predecessor-version":[{"id":24917,"href":"http:\/\/info.sadowne.pl\/index.php?rest_route=\/wp\/v2\/posts\/24916\/revisions\/24917"}],"wp:attachment":[{"href":"http:\/\/info.sadowne.pl\/index.php?rest_route=%2Fwp%2Fv2%2Fmedia&parent=24916"}],"wp:term":[{"taxonomy":"category","embeddable":true,"href":"http:\/\/info.sadowne.pl\/index.php?rest_route=%2Fwp%2Fv2%2Fcategories&post=24916"},{"taxonomy":"post_tag","embeddable":true,"href":"http:\/\/info.sadowne.pl\/index.php?rest_route=%2Fwp%2Fv2%2Ftags&post=24916"}],"curies":[{"name":"wp","href":"https:\/\/api.w.org\/{rel}","templated":true}]}}