{"id":24975,"date":"2021-08-24T19:36:28","date_gmt":"2021-08-24T17:36:28","guid":{"rendered":"http:\/\/info.sadowne.pl\/?p=24975"},"modified":"2021-08-24T19:37:27","modified_gmt":"2021-08-24T17:37:27","slug":"kronika-policyjna-15-20-sierpnia-2021","status":"publish","type":"post","link":"http:\/\/info.sadowne.pl\/?p=24975","title":{"rendered":"Kronika policyjna 15 \u2013 20 sierpnia 2021"},"content":{"rendered":"<p><strong><a href=\"http:\/\/info.sadowne.pl\/wp-content\/uploads\/2019\/08\/komisariat16.jpg\"><img loading=\"lazy\" decoding=\"async\" class=\"alignleft size-thumbnail wp-image-20958\" src=\"http:\/\/info.sadowne.pl\/wp-content\/uploads\/2019\/08\/komisariat16-180x130.jpg\" alt=\"\" width=\"180\" height=\"130\" \/><\/a>W ostatnich dniach na terenie powiatu w\u0119growskiego dosz\u0142o wielu do zdarze\u0144 drogowych. Policjanci apeluj\u0105 o ostro\u017cno\u015b\u0107 i rozwag\u0119.<\/strong><!--more--><\/p>\n<p>15 sierpnia w m. Liw mieszkaniec pow. w\u0119growskiego, kieruj\u0105c pojazdem marki Audi nie ust\u0105pi\u0142 pierwsze\u0144stwa przejazdu kieruj\u0105cej pojazdem marki Skoda co doprowadzi\u0142o do zderzenia si\u0119 pojazd\u00f3w. Kieruj\u0105ca Skod\u0105 w wyniku doznanych obra\u017ce\u0144, zosta\u0142a przewieziona do szpitala. Post\u0119powanie w tej sprawie prowadzi KPP w W\u0119growie.<\/p>\n<p>16 sierpnia w m. Sadowne mieszkaniec pow. ostrowskiego, kieruj\u0105c motocyklem marki Kawasaki podczas wyprzedzania doprowadzi\u0142 do bocznego zderzenia si\u0119 z prawid\u0142owo jad\u0105cym kieruj\u0105cym skuterem marki Romet. Obydwaj kieruj\u0105cy nie posiadali uprawnie\u0144 do kierowania pojazdami. W wyniku doznanych obra\u017ce\u0144 kieruj\u0105cy motocykla zosta\u0142 przewieziony do szpitala. Post\u0119powanie prowadzi KP w \u0141ochowie.<\/p>\n<p>18 sierpnia w m. W\u0119gr\u00f3w mieszkanka pow. w\u0119growskiego, kieruj\u0105c pojazdem marki BMW zasn\u0119\u0142a podczas jazdy co doprowadzi\u0142o do zderzenia si\u0119 z jad\u0105cym z naprzeciwka pojazdem marki Fiat oraz w pojazd VW. Nikt nie dozna\u0142 obra\u017ce\u0144.<\/p>\n<p>W tym samym dniu w m. Mi\u0119dzyle\u015b mieszkaniec pow. mi\u0144skiego, kieruj\u0105c pojazdem marki Skoda wykonuj\u0105c manewr zawracania doprowadzi\u0142 do zderzenia z pojazdem marki Toyota. Nikt nie dozna\u0142 obra\u017ce\u0144.<\/p>\n<p>19 sierpnia w m. \u0141och\u00f3w mieszkanka pow. wo\u0142omi\u0144skiego, kieruj\u0105c pojazdem marki Peugeot wykonuj\u0105c manewr skr\u0119tu w lewo nie ust\u0105pi\u0142a pierwsze\u0144stwa przejazdu prawid\u0142owo jad\u0105cemu pojazdowi marki Mercedes. Nikt nie dozna\u0142 obra\u017ce\u0144.<\/p>\n<p>20 sierpnia w m. \u0141och\u00f3w mieszkaniec Warszawy, kieruj\u0105c pojazdem marki Daewoo nieprawid\u0142owo wyprzedza\u0142 rowerzystk\u0119, kt\u00f3ra sygnalizowa\u0142a zamiar skr\u0119tu w lewo i wyprzedzaj\u0105c j\u0105 na skrzy\u017cowaniu doprowadzi\u0142 do zderzenia. Obra\u017cenia kt\u00f3rych dozna\u0142a kobieta nie wymaga\u0142y jej hospitalizacji.<\/p>\n<p>Policjanci apeluj\u0105 o ostro\u017cno\u015b\u0107 i zwi\u0119kszon\u0105 uwag\u0119 na drogach.<\/p>\n<p><strong>m\u0142. asp. Monika Ksi\u0119\u017copolska<\/strong><\/p>\n","protected":false},"excerpt":{"rendered":"<p>W ostatnich dniach na terenie powiatu w\u0119growskiego dosz\u0142o wielu do zdarze\u0144 drogowych. Policjanci apeluj\u0105 o ostro\u017cno\u015b\u0107 i rozwag\u0119.<\/p>\n","protected":false},"author":1,"featured_media":0,"comment_status":"closed","ping_status":"closed","sticky":false,"template":"","format":"standard","meta":{"footnotes":""},"categories":[5,266,4],"tags":[261,3174],"class_list":["post-24975","post","type-post","status-publish","format-standard","hentry","category-newsy","category-policja-policja-straz-pozarna-pogotowie-ratunkowe","category-policja-straz-pozarna-pogotowie-ratunkowe","tag-komenda-powiatowa-policji-w-wegrowie","tag-kronika-policyjna"],"views":2223,"_links":{"self":[{"href":"http:\/\/info.sadowne.pl\/index.php?rest_route=\/wp\/v2\/posts\/24975","targetHints":{"allow":["GET"]}}],"collection":[{"href":"http:\/\/info.sadowne.pl\/index.php?rest_route=\/wp\/v2\/posts"}],"about":[{"href":"http:\/\/info.sadowne.pl\/index.php?rest_route=\/wp\/v2\/types\/post"}],"author":[{"embeddable":true,"href":"http:\/\/info.sadowne.pl\/index.php?rest_route=\/wp\/v2\/users\/1"}],"replies":[{"embeddable":true,"href":"http:\/\/info.sadowne.pl\/index.php?rest_route=%2Fwp%2Fv2%2Fcomments&post=24975"}],"version-history":[{"count":2,"href":"http:\/\/info.sadowne.pl\/index.php?rest_route=\/wp\/v2\/posts\/24975\/revisions"}],"predecessor-version":[{"id":24977,"href":"http:\/\/info.sadowne.pl\/index.php?rest_route=\/wp\/v2\/posts\/24975\/revisions\/24977"}],"wp:attachment":[{"href":"http:\/\/info.sadowne.pl\/index.php?rest_route=%2Fwp%2Fv2%2Fmedia&parent=24975"}],"wp:term":[{"taxonomy":"category","embeddable":true,"href":"http:\/\/info.sadowne.pl\/index.php?rest_route=%2Fwp%2Fv2%2Fcategories&post=24975"},{"taxonomy":"post_tag","embeddable":true,"href":"http:\/\/info.sadowne.pl\/index.php?rest_route=%2Fwp%2Fv2%2Ftags&post=24975"}],"curies":[{"name":"wp","href":"https:\/\/api.w.org\/{rel}","templated":true}]}}