{"id":25028,"date":"2021-09-09T17:00:20","date_gmt":"2021-09-09T15:00:20","guid":{"rendered":"http:\/\/info.sadowne.pl\/?p=25028"},"modified":"2021-09-09T17:00:20","modified_gmt":"2021-09-09T15:00:20","slug":"19-wrzesnia-dozynki-powiatowe","status":"publish","type":"post","link":"http:\/\/info.sadowne.pl\/?p=25028","title":{"rendered":"19 wrze\u015bnia Do\u017cynki Powiatowe"},"content":{"rendered":"<p><strong><a href=\"http:\/\/info.sadowne.pl\/wp-content\/uploads\/2021\/09\/2021.09.09.2.jpg\"><img loading=\"lazy\" decoding=\"async\" class=\"alignleft size-thumbnail wp-image-25029\" src=\"http:\/\/info.sadowne.pl\/wp-content\/uploads\/2021\/09\/2021.09.09.2-180x130.jpg\" alt=\"\" width=\"180\" height=\"130\" \/><\/a>Tegoroczne Do\u017cynki Powiatu W\u0119growskiego odb\u0119d\u0105 si\u0119 na terenie Centrum Konferencyjno \u2013 Wypoczynkowego Pa\u0142ac i Folwark \u0141och\u00f3w. Polecamy!<\/strong><!--more--><\/p>\n<p><a href=\"http:\/\/info.sadowne.pl\/wp-content\/uploads\/2021\/09\/2021.09.09.2.jpg\"><img loading=\"lazy\" decoding=\"async\" class=\"aligncenter size-full wp-image-25029\" src=\"http:\/\/info.sadowne.pl\/wp-content\/uploads\/2021\/09\/2021.09.09.2.jpg\" alt=\"\" width=\"603\" height=\"851\" srcset=\"http:\/\/info.sadowne.pl\/wp-content\/uploads\/2021\/09\/2021.09.09.2.jpg 603w, http:\/\/info.sadowne.pl\/wp-content\/uploads\/2021\/09\/2021.09.09.2-213x300.jpg 213w\" sizes=\"auto, (max-width: 603px) 100vw, 603px\" \/><\/a><\/p>\n","protected":false},"excerpt":{"rendered":"<p>Tegoroczne Do\u017cynki Powiatu W\u0119growskiego odb\u0119d\u0105 si\u0119 na terenie Centrum Konferencyjno \u2013 Wypoczynkowego Pa\u0142ac i Folwark \u0141och\u00f3w. Polecamy!<\/p>\n","protected":false},"author":1,"featured_media":0,"comment_status":"closed","ping_status":"closed","sticky":false,"template":"","format":"standard","meta":{"footnotes":""},"categories":[5,1,2495],"tags":[3630,322],"class_list":["post-25028","post","type-post","status-publish","format-standard","hentry","category-newsy","category-inne","category-nasi-sasiedzi","tag-dozynki-powiatu-wegrowskiego-2021","tag-lochow"],"views":3181,"_links":{"self":[{"href":"http:\/\/info.sadowne.pl\/index.php?rest_route=\/wp\/v2\/posts\/25028","targetHints":{"allow":["GET"]}}],"collection":[{"href":"http:\/\/info.sadowne.pl\/index.php?rest_route=\/wp\/v2\/posts"}],"about":[{"href":"http:\/\/info.sadowne.pl\/index.php?rest_route=\/wp\/v2\/types\/post"}],"author":[{"embeddable":true,"href":"http:\/\/info.sadowne.pl\/index.php?rest_route=\/wp\/v2\/users\/1"}],"replies":[{"embeddable":true,"href":"http:\/\/info.sadowne.pl\/index.php?rest_route=%2Fwp%2Fv2%2Fcomments&post=25028"}],"version-history":[{"count":1,"href":"http:\/\/info.sadowne.pl\/index.php?rest_route=\/wp\/v2\/posts\/25028\/revisions"}],"predecessor-version":[{"id":25030,"href":"http:\/\/info.sadowne.pl\/index.php?rest_route=\/wp\/v2\/posts\/25028\/revisions\/25030"}],"wp:attachment":[{"href":"http:\/\/info.sadowne.pl\/index.php?rest_route=%2Fwp%2Fv2%2Fmedia&parent=25028"}],"wp:term":[{"taxonomy":"category","embeddable":true,"href":"http:\/\/info.sadowne.pl\/index.php?rest_route=%2Fwp%2Fv2%2Fcategories&post=25028"},{"taxonomy":"post_tag","embeddable":true,"href":"http:\/\/info.sadowne.pl\/index.php?rest_route=%2Fwp%2Fv2%2Ftags&post=25028"}],"curies":[{"name":"wp","href":"https:\/\/api.w.org\/{rel}","templated":true}]}}