{"id":25063,"date":"2021-09-22T20:40:47","date_gmt":"2021-09-22T18:40:47","guid":{"rendered":"http:\/\/info.sadowne.pl\/?p=25063"},"modified":"2021-09-22T20:40:47","modified_gmt":"2021-09-22T18:40:47","slug":"pomozmy-dzieciom-z-choroba-nowotworowa","status":"publish","type":"post","link":"http:\/\/info.sadowne.pl\/?p=25063","title":{"rendered":"POM\u00d3\u017bMY DZIECIOM Z CHOROB\u0104 NOWOTWOROW\u0104"},"content":{"rendered":"<p><strong><a href=\"http:\/\/info.sadowne.pl\/wp-content\/uploads\/2021\/09\/2021.09.22.1.jpg\" target=\"_blank\" rel=\"noopener\"><img loading=\"lazy\" decoding=\"async\" class=\"alignleft wp-image-25064 size-thumbnail\" src=\"http:\/\/info.sadowne.pl\/wp-content\/uploads\/2021\/09\/2021.09.22.1-180x130.jpg\" alt=\"\" width=\"180\" height=\"130\" \/><\/a>Tak, jak w ubieg\u0142ym roku zach\u0119camy wszystkich do udzia\u0142u w szczytnej akcji #DzienSzpilek.<\/strong><!--more--><\/p>\n<p>Dzie\u0144 Szpilek to akcja charytatywna organizowana od 2019 r. przez Moliera2 (sklep z ekskluzywn\u0105 odzie\u017c\u0105 i obuwiem). Aby do\u0142\u0105czy\u0107 do akcji wystarczy w dniu 25 wrze\u015bnia zrobi\u0107 zdj\u0119cie swoim szpilkom (za\u0142o\u017conym lub nie) i umie\u015bci\u0107 je publicznie w mediach spo\u0142eczno\u015bciowych (Facebook lub Instagram).<\/p>\n<p>Zdj\u0119cie koniecznie nale\u017cy oznaczy\u0107 hasztagiem #DzienSzpilek.<\/p>\n<p>Za ka\u017cde zdj\u0119cie Moliera 2 przekazuje 2 z\u0142ote na rzecz dzieci chorych na raka z Fundacji Na Ratunek Dzieciom z Chorob\u0105 Nowotworow\u0105.<\/p>\n<p><strong>WA\u017bNE<\/strong><\/p>\n<p>W ramach Akcji za szpilki uwa\u017ca si\u0119 buty na obcasie o wysoko\u015bci co najmniej 5 cm.<\/p>\n<p>DO UDZIA\u0141U W AKCJI ZACH\u0118CAMY R\u00d3WNIE\u017b PAN\u00d3W.<\/p>\n<p>Zapraszamy do zamieszczania swoich zdj\u0119\u0107 r\u00f3wnie\u017c w komentarzach na naszym Facebooku.<\/p>\n<p><strong>Danuta Chyli\u0144ska<\/strong><\/p>\n<p style=\"text-align: center;\"><span style=\"color: #0000ff;\"><strong>REGULAMIN AKCJI<\/strong><\/span><\/p>\n<h3 style=\"text-align: center;\"><span style=\"color: #0000ff;\"><strong>\u201e#DzienSzpilek\u201d<\/strong><\/span><\/h3>\n<h3 style=\"text-align: center;\"><strong style=\"font-size: 16px;\">I. POSTANOWIENIA OG\u00d3LNE<\/strong><\/h3>\n<ol>\n<li>Niniejszy regulamin (zwany dalej\u00a0<strong>\u201eRegulaminem\u201d<\/strong>) okre\u015bla warunki akcji\u00a0<strong>\u201eDzie\u0144 Szpilek\u201d<\/strong>\u00a0(zwanej dalej\u00a0<strong>\u201eAkcj\u0105\u201d<\/strong>)<\/li>\n<li>Organizatorem Akcji jest IT FASHION POLSKA GROUP &amp; PARTNERS Sp. z o.o. z siedzib\u0105 w Warszawie przy ul. Moliera 2, 00-076 Warszawa, wpisan\u0105 do rejestru przedsi\u0119biorc\u00f3w KRS pod numerem 0000797819, kt\u00f3rej akta rejestrowe prowadzi S\u0105d Rejonowy dla m. st. Warszawy w Warszawie, XII Wydzia\u0142 Gospodarczy Krajowego Rejestru S\u0105dowego, NIP: 5252794723, kapita\u0142 zak\u0142adowy 5 000,00 PLN (zwana dalej\u00a0<strong>\u201eOrganizatorem\u201d<\/strong>).<\/li>\n<li>Akcja odbywa si\u0119 na terytorium Rzeczypospolitej Polskiej z uwzgl\u0119dnieniem ponadterytorialnego zasi\u0119gu Internetu.<\/li>\n<li>Akcja odbywa si\u0119 w dniu 25 wrze\u015bnia 2021 roku (dalej zwanym\u00a0<strong>\u201eCzasem trwania Akcji\u201d<\/strong>).<\/li>\n<\/ol>\n<p style=\"text-align: center;\"><strong>II. UCZESTNICY<\/strong><\/p>\n<ol>\n<li>Uczestnictwo w akcji jest w pe\u0142ni dobrowolne i bezp\u0142atne.<\/li>\n<li>Uczestnikiem Akcji (dalej zwany\u00a0<strong>\u201eUczestnikiem\u201d<\/strong>) mo\u017ce by\u0107 ka\u017cda osoba fizyczna, kt\u00f3ra zaakceptowa\u0142a Regulamin, posiada od co najmniej p\u00f3\u0142 roku aktywne publiczne konto na portalu\u00a0<a href=\"https:\/\/www.instagram.com\/\">https:\/\/www.instagram.com<\/a>\u00a0(dalej zwany\u00a0<strong>\u201eInstagram\u201d<\/strong>) i\/lub\u00a0<a href=\"https:\/\/www.facebook.com\/\">https:\/\/www.facebook.com<\/a>\u00a0(dalej zwany\u00a0<strong>\u201eFacebook\u201d<\/strong>) oraz posiada urz\u0105dzenie umo\u017cliwiaj\u0105ce wykonywanie zdj\u0119\u0107<\/li>\n<li>Uczestnictwo w Akcji nie wymaga rejestracji, jedynym warunkiem uczestnictwa w Akcji jest umieszczenie na portalu Instagram lub Facebook zdj\u0119cia zgodnego z wymaganiami przewidzianymi w Regulaminie.<\/li>\n<li>W ramach Akcji, ani po jej zako\u0144czeniu Organizator nie zbiera i nie przetwarza \u017cadnych danych osobowych Uczestnik\u00f3w.<\/li>\n<\/ol>\n<p style=\"text-align: center;\"><strong>III. ZASADY AKCJI<\/strong><\/p>\n<ol>\n<li>Celem Akcji jest wsparcie podopiecznych fundacji Na Ratunek Dzieciom z Chorob\u0105 Nowotworow\u0105.<\/li>\n<li>W ramach Akcji Uczestnicy celem wzi\u0119cia udzia\u0142u w Akcji zobowi\u0105zani s\u0105 w Czasie Trwania Akcji do wykonania zadania (dalej zwanego\u00a0<strong>\u201eZadaniem\u201d<\/strong>) w postaci umieszczania na swoim koncie na portalu Instagram lub Facebook autorskiego\u00a0<strong>zdj\u0119cia w formie postu<\/strong>, ukazuj\u0105cego szpilki (za\u0142o\u017cone lub nie) wraz z hashtagiem\u00a0<strong>\u201e#DzienSzpilek\u201d<\/strong>. W ramach Akcji za szpilki uwa\u017ca si\u0119 buty na obcasie o wysoko\u015bci co najmniej 5 cm.<\/li>\n<li>W zamian za poprawnie i zgodnie z Regulaminem wykonane przez ka\u017cdego Uczestnika Zadanie, Organizator przeka\u017ce na rzecz Na Ratunek Dzieciom z Chorob\u0105 Nowotworow\u0105 z siedzib\u0105 we Wroc\u0142awiu (dalej zwanej\u00a0<strong>\u201eBeneficjentem\u201d<\/strong>) kwot\u0119 2 z\u0142.<\/li>\n<li>W ramach Akcji Uczestnik mo\u017ce tylko jednokrotnie wykona\u0107 Zadanie. Wykonanie przez Uczestnika Zadania wielokrotnie nie prowadzi do powstania po stronie Organizatora obowi\u0105zku przekazania na rzecz Beneficjenta dodatkowych kwot.<\/li>\n<li>Organizator Akcji, na zasadach okre\u015blonych w Regulaminie, w terminie do 30 dni od dnia zako\u0144czenia Czasu trwania Akcji przeka\u017ce na rzecz Beneficjenta kwot\u0119 wsparcia w wysoko\u015bci sumy zebranych \u015brodk\u00f3w pieni\u0119\u017cnych za wykonane przez Uczestnik\u00f3w w ramach Akcji Zadania.<\/li>\n<li>Informacja o kwocie pieni\u0119\u017cnej zebranej w ramach Akcji zamieszczona zostanie na stronie Moliera2.com.<\/li>\n<li>Beneficjent b\u0119dzie zobowi\u0105zany do wykorzystania przekazanych mu w ramach Akcji \u015brodk\u00f3w finansowych na pomoc swoim podopiecznym tj. osobom chorym na raka.<\/li>\n<li>Uczestnicy Akcji wykonuj\u0105c Zadanie wyra\u017caj\u0105 r\u00f3wnie\u017c zgod\u0119 na udostepnienie umieszczonego przez nich na swoim koncie na portalu Instagram lub Facebook autorskiego zdj\u0119cia szpilek wraz z hashtagiem\u00a0<strong>\u201e#DzienSzpilek\u201d<\/strong>\u00a0na Instagramie Moliera2 dost\u0119pnym pod adresem (<a href=\"https:\/\/www.instagram.com\/moliera2\/\">https:\/\/www.instagram.com\/moliera2\/<\/a>). Organizator zastrzega sobie prawo do udost\u0119pnienia jedynie wybranych zdj\u0119\u0107 udost\u0119pnionych przez Uczestnik\u00f3w Akcji.<\/li>\n<\/ol>\n<p style=\"text-align: center;\"><strong>IV. POSTANOWIENIA KO\u0143COWE<\/strong><\/p>\n<ol>\n<li>Warunkiem udzia\u0142u w Akcji jest zapoznanie si\u0119 z tre\u015bci\u0105 niniejszego Regulaminu i zaakceptowanie jego tre\u015bci. Przez przyst\u0105pienie Uczestnika do Akcji domniemywa si\u0119, i\u017c uczestnik zaakceptowa\u0142 Regulamin.<\/li>\n<li>W kwestiach nieuregulowanych Regulaminem stosuje si\u0119 powszechnie obowi\u0105zuj\u0105ce przepisy prawa polskiego. Je\u015bli bezwzgl\u0119dnie obowi\u0105zuj\u0105ce przepisy prawa w spos\u00f3b odmienny reguluj\u0105 prawa Uczestnika lub obowi\u0105zki Organizatora \u2013 stosuje si\u0119 je w miejsce postanowie\u0144 Regulaminu.<\/li>\n<li>Organizator zastrzega sobie prawo zmiany niniejszego Regulaminu Zmiana Regulaminu wchodzi w \u017cycie w terminie 7 dni od opublikowania jej na stronie moliera2.com. Organizator poinformuje Uczestnik\u00f3w przed wej\u015bciem w \u017cycie nowego Regulaminu o zmianie Regulaminu.<\/li>\n<li>Wszystkie osoby maj\u0105 prawo zg\u0142asza\u0107 Organizatorowi reklamacje dotycz\u0105ce ich udzia\u0142u w Akcji.<\/li>\n<li>Reklamacje rozpatruje specjalna komisja powo\u0142ana przez Organizatora.<\/li>\n<li>Zaleca si\u0119, aby reklamacje by\u0142y sporz\u0105dzone w formie pisemnej oraz zawiera\u0142y imi\u0119 i nazwisko, dok\u0142adny adres, dat\u0119 i miejsce zdarzenia, kt\u00f3rego dotyczy roszczenie, jak r\u00f3wnie\u017c dok\u0142adny opis i pow\u00f3d reklamacji oraz tre\u015b\u0107 \u017c\u0105dania. Reklamacje w formie wiadomo\u015bci e-mail mo\u017cna przesy\u0142a\u0107 na adres\u00a0<a href=\"mailto:pytanie@moliera2.com\">pytanie@moliera2.com<\/a>.<\/li>\n<li>Rozpatrywanie reklamacji trwa 14 dni kalendarzowych od dnia jej otrzymania, w\u0142\u0105czaj\u0105c w to wysy\u0142k\u0119 pisma zawieraj\u0105cego odpowied\u017a na reklamacj\u0119. Organizator rozpatruj\u0105c reklamacj\u0119, stosowa\u0107 b\u0119dzie postanowienia Regulaminu. O decyzji Organizatora uczestnik zostanie powiadomiony w formie pisemnej na adres uczestnika podany w reklamacji, chyba \u017ce uczestnik wybra\u0142 inny spos\u00f3b komunikacji.<\/li>\n<li>Decyzja Organizatora w przedmiocie reklamacji jest wi\u0105\u017c\u0105ca i ostateczna. Bez wzgl\u0119du na post\u0119powanie reklamacyjne uczestnik ma prawo dochodzi\u0107 roszcze\u0144 przed s\u0105dem powszechnym.<\/li>\n<li>Uczestnik b\u0119d\u0105cy konsumentem mo\u017ce skorzysta\u0107 z pozas\u0105dowych sposob\u00f3w rozpatrzenia reklamacji i dochodzenia roszcze\u0144. Szczeg\u00f3\u0142owe informacje dotycz\u0105ce mo\u017cliwo\u015bci skorzystania przez Klienta b\u0119d\u0105cego konsumentem z pozas\u0105dowych sposob\u00f3w rozpatrywania reklamacji i dochodzenia roszcze\u0144 oraz zasady dost\u0119pu do tych procedur dost\u0119pne s\u0105 pod adresem:\u00a0<a href=\"https:\/\/www.uokik.gov.pl\/spory_konsumenckie.php\">https:\/\/www.uokik.gov.pl\/spory_konsumenckie.php<\/a>. Ponadto, konsument mo\u017ce z\u0142o\u017cy\u0107 skarg\u0119 za po\u015brednictwem platformy ODR, dost\u0119pnej pod adresem:\u00a0<a href=\"http:\/\/ec.europa.eu\/odr\">http:\/\/ec.europa.eu\/odr<\/a>. Celem platformy ODR jest pozas\u0105dowe rozstrzyganie spor\u00f3w powsta\u0142ych pomi\u0119dzy konsumentami i przedsi\u0119biorcami w zwi\u0105zku z transakcjami handlowymi.<\/li>\n<li>Organizator b\u0119dzie przetwarza\u0142 dane osobowe uczestnika zg\u0142aszaj\u0105cego reklamacj\u0119 wy\u0142\u0105cznie w zwi\u0105zku z reklamacj\u0105 w zakresie procedury reklamacyjnej. Zasady przetwarzania danych osobowych zawarte s\u0105 w polityce prywatno\u015bci.<\/li>\n<\/ol>\n","protected":false},"excerpt":{"rendered":"<p>Tak, jak w ubieg\u0142ym roku zach\u0119camy wszystkich do udzia\u0142u w szczytnej akcji #DzienSzpilek.<\/p>\n","protected":false},"author":1,"featured_media":0,"comment_status":"closed","ping_status":"closed","sticky":false,"template":"","format":"standard","meta":{"footnotes":""},"categories":[5,1],"tags":[3637,3638],"class_list":["post-25063","post","type-post","status-publish","format-standard","hentry","category-newsy","category-inne","tag-dzien-szpilek","tag-pomoc-dla-dzieci-z-choroba-nowotworowa"],"views":2251,"_links":{"self":[{"href":"http:\/\/info.sadowne.pl\/index.php?rest_route=\/wp\/v2\/posts\/25063","targetHints":{"allow":["GET"]}}],"collection":[{"href":"http:\/\/info.sadowne.pl\/index.php?rest_route=\/wp\/v2\/posts"}],"about":[{"href":"http:\/\/info.sadowne.pl\/index.php?rest_route=\/wp\/v2\/types\/post"}],"author":[{"embeddable":true,"href":"http:\/\/info.sadowne.pl\/index.php?rest_route=\/wp\/v2\/users\/1"}],"replies":[{"embeddable":true,"href":"http:\/\/info.sadowne.pl\/index.php?rest_route=%2Fwp%2Fv2%2Fcomments&post=25063"}],"version-history":[{"count":1,"href":"http:\/\/info.sadowne.pl\/index.php?rest_route=\/wp\/v2\/posts\/25063\/revisions"}],"predecessor-version":[{"id":25065,"href":"http:\/\/info.sadowne.pl\/index.php?rest_route=\/wp\/v2\/posts\/25063\/revisions\/25065"}],"wp:attachment":[{"href":"http:\/\/info.sadowne.pl\/index.php?rest_route=%2Fwp%2Fv2%2Fmedia&parent=25063"}],"wp:term":[{"taxonomy":"category","embeddable":true,"href":"http:\/\/info.sadowne.pl\/index.php?rest_route=%2Fwp%2Fv2%2Fcategories&post=25063"},{"taxonomy":"post_tag","embeddable":true,"href":"http:\/\/info.sadowne.pl\/index.php?rest_route=%2Fwp%2Fv2%2Ftags&post=25063"}],"curies":[{"name":"wp","href":"https:\/\/api.w.org\/{rel}","templated":true}]}}