{"id":25084,"date":"2021-09-27T20:13:50","date_gmt":"2021-09-27T18:13:50","guid":{"rendered":"http:\/\/info.sadowne.pl\/?p=25084"},"modified":"2021-09-27T20:27:21","modified_gmt":"2021-09-27T18:27:21","slug":"kronika-policyjna","status":"publish","type":"post","link":"http:\/\/info.sadowne.pl\/?p=25084","title":{"rendered":"Kronika policyjna 20 &#8211; 26 wrze\u015bnia 2021"},"content":{"rendered":"<p><strong><a href=\"http:\/\/info.sadowne.pl\/wp-content\/uploads\/2015\/04\/komisariat-3.jpg\"><img loading=\"lazy\" decoding=\"async\" class=\"alignleft size-thumbnail wp-image-8553\" src=\"http:\/\/info.sadowne.pl\/wp-content\/uploads\/2015\/04\/komisariat-3-180x130.jpg\" alt=\"\" width=\"180\" height=\"130\" \/><\/a>W ostatnich dniach na terenie powiatu w\u0119growskiego dosz\u0142o do zdarze\u0144 drogowych. Policjanci apeluj\u0105 o ostro\u017cno\u015b\u0107 i rozwag\u0119. <\/strong><!--more--><\/p>\n<p>20 wrze\u015bnia w m. W\u0119gr\u00f3w mieszkaniec pow. soko\u0142owskiego, kieruj\u0105c pojazdem marki Suzuki nie ust\u0105pi\u0142 pierwsze\u0144stwa przejazdu kieruj\u0105cej pojazdem marki Toyota. Nikt nie dozna\u0142 obra\u017ce\u0144.<\/p>\n<p>W tym samym dniu w m. Natolin, mieszkaniec pow. w\u0119growskiego, kieruj\u0105c pojazdem marki Peugeot uderzy\u0142 w sarn\u0119, kt\u00f3ra wbieg\u0142a na jezdni\u0119. Nikt nie dozna\u0142 obra\u017ce\u0144.<\/p>\n<p>21 wrze\u015bnia w m. W\u0119gr\u00f3w mieszkaniec pow. siemiatyckiego, kieruj\u0105c pojazdem ci\u0119\u017carowym wraz z naczep\u0105 wykonuj\u0105c manewr skr\u0119tu w prawo nie ust\u0105pi\u0142 pierwsze\u0144stwa przejazdu kieruj\u0105cej pojazdem marki Skoda doprowadzaj\u0105c do zderzenia. \u00a0Post\u0119powanie prowadzi KPP w W\u0119growie.<\/p>\n<p>Tego samego dnia w m. Trzebucza kieruj\u0105ca pojazdem marki Peugeot z nieustalonych dot\u0105d przyczyn zjecha\u0142a na przeciwleg\u0142y pas ruchu nast\u0119pnie do rowu, gdzie uderzy\u0142a w przepust oraz drzewo. W wyniku doznanych obra\u017ce\u0144 zosta\u0142a przewieziona do szpitala. Post\u0119powanie prowadzi KPP w W\u0119growie.<\/p>\n<p>22 wrze\u015bnia w m. G\u00f3rki Borze mieszkaniec pow. w\u0119growskiego, kieruj\u0105c ci\u0105gnikiem rolniczym marki Ursus nieprawid\u0142owo wykona\u0142 manewr wymijania czym doprowadzi\u0142 do zderzenia si\u0119 z pojazdem ci\u0119\u017carowym marki Man. Nikt nie dozna\u0142 obra\u017ce\u0144.<\/p>\n<p>23 wrze\u015bnia w m. \u0141och\u00f3w mieszkaniec pow. wo\u0142omi\u0144skiego, kieruj\u0105c pojazdem marki VW nie zachowa\u0142 bezpiecznej odleg\u0142o\u015bci od poprzedzaj\u0105cego go pojazdu marki Audi naje\u017cd\u017caj\u0105c na jego ty\u0142.\u00a0 Nikt nie dozna\u0142 obra\u017ce\u0144.<\/p>\n<p>24 wrze\u015bnia w m. Liw mieszkaniec pow. wo\u0142omi\u0144skiego, kieruj\u0105c pojazdem marki VW nie zachowa\u0142 bezpiecznej odleg\u0142o\u015bci od poprzedzaj\u0105cego go pojazdu marki Opel doprowadzaj\u0105c do zderzenia. Ponadto, kieruj\u0105cy VW nie posiada uprawnie\u0144 do kierowania pojazdami. Nikt nie dozna\u0142 obra\u017ce\u0144.<\/p>\n<p>W tym samym dniu w m. W\u0119gr\u00f3w mieszkanka pow. w\u0119growskiego, kieruj\u0105c pojazdem marki Citroen podczas wykonywania manewru cofania uderzy\u0142a w pojazd marki Skoda. Nikt nie dozna\u0142 obra\u017ce\u0144.<\/p>\n<p>26 wrze\u015bnia w m. Wrotn\u00f3w mieszkaniec pow. soko\u0142owskiego, kieruj\u0105c motocyklem marki Yamaha z nieustalonych dot\u0105d przyczyn na \u0142uku drogi zjecha\u0142 na przeciwleg\u0142y pas ruchu, gdzie zderzy\u0142 si\u0119 z pojazdem marki Citroen. Kieruj\u0105cy motocyklem zosta\u0142 przewieziony do szpitala. Post\u0119powanie prowadzi KPP w W\u0119growie.<\/p>\n<p>Policjanci apeluj\u0105 o ostro\u017cno\u015b\u0107 i zwi\u0119kszon\u0105 uwag\u0119 na drogach<\/p>\n<p><strong>m\u0142. asp. Monika Ksi\u0119\u017copolska<\/strong><\/p>\n","protected":false},"excerpt":{"rendered":"<p>W ostatnich dniach na terenie powiatu w\u0119growskiego dosz\u0142o do zdarze\u0144 drogowych. Policjanci apeluj\u0105 o ostro\u017cno\u015b\u0107 i rozwag\u0119.<\/p>\n","protected":false},"author":1,"featured_media":0,"comment_status":"closed","ping_status":"closed","sticky":false,"template":"","format":"standard","meta":{"footnotes":""},"categories":[5,266,4],"tags":[261,3174],"class_list":["post-25084","post","type-post","status-publish","format-standard","hentry","category-newsy","category-policja-policja-straz-pozarna-pogotowie-ratunkowe","category-policja-straz-pozarna-pogotowie-ratunkowe","tag-komenda-powiatowa-policji-w-wegrowie","tag-kronika-policyjna"],"views":2024,"_links":{"self":[{"href":"http:\/\/info.sadowne.pl\/index.php?rest_route=\/wp\/v2\/posts\/25084","targetHints":{"allow":["GET"]}}],"collection":[{"href":"http:\/\/info.sadowne.pl\/index.php?rest_route=\/wp\/v2\/posts"}],"about":[{"href":"http:\/\/info.sadowne.pl\/index.php?rest_route=\/wp\/v2\/types\/post"}],"author":[{"embeddable":true,"href":"http:\/\/info.sadowne.pl\/index.php?rest_route=\/wp\/v2\/users\/1"}],"replies":[{"embeddable":true,"href":"http:\/\/info.sadowne.pl\/index.php?rest_route=%2Fwp%2Fv2%2Fcomments&post=25084"}],"version-history":[{"count":2,"href":"http:\/\/info.sadowne.pl\/index.php?rest_route=\/wp\/v2\/posts\/25084\/revisions"}],"predecessor-version":[{"id":25086,"href":"http:\/\/info.sadowne.pl\/index.php?rest_route=\/wp\/v2\/posts\/25084\/revisions\/25086"}],"wp:attachment":[{"href":"http:\/\/info.sadowne.pl\/index.php?rest_route=%2Fwp%2Fv2%2Fmedia&parent=25084"}],"wp:term":[{"taxonomy":"category","embeddable":true,"href":"http:\/\/info.sadowne.pl\/index.php?rest_route=%2Fwp%2Fv2%2Fcategories&post=25084"},{"taxonomy":"post_tag","embeddable":true,"href":"http:\/\/info.sadowne.pl\/index.php?rest_route=%2Fwp%2Fv2%2Ftags&post=25084"}],"curies":[{"name":"wp","href":"https:\/\/api.w.org\/{rel}","templated":true}]}}