{"id":25107,"date":"2021-10-11T11:31:03","date_gmt":"2021-10-11T09:31:03","guid":{"rendered":"http:\/\/info.sadowne.pl\/?p=25107"},"modified":"2021-10-11T11:31:03","modified_gmt":"2021-10-11T09:31:03","slug":"kronika-policyjna-04-10-pazdziernika-2021","status":"publish","type":"post","link":"http:\/\/info.sadowne.pl\/?p=25107","title":{"rendered":"Kronika policyjna 04 \u2013 10 pa\u017adziernika 2021"},"content":{"rendered":"<p><strong><a href=\"http:\/\/info.sadowne.pl\/wp-content\/uploads\/2015\/04\/komisariat-3.jpg\"><img loading=\"lazy\" decoding=\"async\" class=\"alignleft size-thumbnail wp-image-8553\" src=\"http:\/\/info.sadowne.pl\/wp-content\/uploads\/2015\/04\/komisariat-3-180x130.jpg\" alt=\"\" width=\"180\" height=\"130\" \/><\/a>W ostatnich dniach na terenie powiatu w\u0119growskiego dosz\u0142o do zdarze\u0144 drogowych r\u00f3wnie\u017c z udzia\u0142em zwierz\u0105t. Policjanci apeluj\u0105 o ostro\u017cno\u015b\u0107 i rozwag\u0119.<\/strong><strong>\u00a0<\/strong><!--more--><\/p>\n<p>04 pa\u017adziernika w m. Z\u0142otki dosz\u0142o do zdarzenia drogowego z Quadem. Ze wst\u0119pnych ustale\u0144 wynika, i\u017c mieszkaniec pow. w\u0119growskiego, kieruj\u0105c pojazdem marki Quad w\u0142asnej roboty bez nr. rejestracyjnego spad\u0142 z niego. Jak si\u0119 okaza\u0142o znajdowa\u0142 si\u0119 w stanie nietrze\u017awo\u015bci (ponad 2 promile alkoholu). Post\u0119powanie prowadzi KP w \u0141ochowie.<\/p>\n<p>04 pa\u017adziernika w m. Gr\u0119bk\u00f3w mieszkanka pow. w\u0119growskiego, kieruj\u0105c pojazdem marki Audi podczas w\u0142\u0105czania si\u0119 do ruchu nie ust\u0105pi\u0142a pierwsze\u0144stwa przejazdu kieruj\u0105cej pojazdem marki Hyundai doprowadzaj\u0105c do zderzenia. Nikt nie dozna\u0142 obra\u017ce\u0144.<\/p>\n<p>05 pa\u017adziernika w m. W\u0119gr\u00f3w mieszkaniec pow. w\u0119growskiego, kieruj\u0105c pojazdem marki BMW nie zachowa\u0142 nale\u017cytej odleg\u0142o\u015bci od poprzedzaj\u0105cego go pojazdu marki Toyota w wyniku czego najecha\u0142 na jego ty\u0142. Nikt nie dozna\u0142 obra\u017ce\u0144.<\/p>\n<p>W tym samym dniu w m. Wrotn\u00f3w mieszkaniec pow. w\u0119growskiego, kieruj\u0105c pojazdem marki Opel spowodowa\u0142 kolizj\u0119 drogow\u0105 uderzaj\u0105c w ogrodzenie sk\u0105d oddali\u0142 si\u0119. Jak si\u0119 okaza\u0142o m\u0119\u017cczyzna znajdowa\u0142 si\u0119 w stanie nietrze\u017awo\u015bci (ponad 1,5 promila alkoholu). \u00a0Post\u0119powanie prowadzi KPP w W\u0119growie.<\/p>\n<p>06 pa\u017adziernika w m. W\u0119gr\u00f3w mieszkanka pow. w\u0119growskiego, kieruj\u0105c pojazdem marki VW podczas w\u0142\u0105czania si\u0119 do ruchu nie ust\u0105pi\u0142a pierwsze\u0144stwa przejazdu rowerzy\u015bcie doprowadzaj\u0105c do zderzenia. W wyniku doznanych obra\u017ce\u0144 m\u0119\u017cczyzna zosta\u0142 przewieziony do szpitala. Postepowanie prowadzi KPP w W\u0119growie.<\/p>\n<p>08 pa\u017adziernika w m. W\u0119gr\u00f3w mieszkaniec pow. w\u0119growskiego, kieruj\u0105c pojazdem marki Nissan wykonuj\u0105c manewr cofania doprowadzi\u0142 do zderzenia z pojazdem marki VW. Nikt nie dozna\u0142 obra\u017ce\u0144.<\/p>\n<p>W tym samym dniu w m. \u017bele\u017aniki mieszkaniec pow. w\u0119growskiego, kieruj\u0105c pojazdem marki Fiat zderzy\u0142 si\u0119 z koniem, kt\u00f3ry prowadzony przez w\u0142a\u015bciciela wyrwa\u0142 si\u0119 i wtargn\u0105\u0142 przed pojazd. Nikt nie dozna\u0142 obra\u017ce\u0144.<\/p>\n<p>09 pa\u017adziernika w m. W\u0119gr\u00f3w mieszkanka pow. soko\u0142owskiego, kieruj\u0105c pojazdem marki VW nie zachowa\u0142a nale\u017cytej odleg\u0142o\u015bci od poprzedzaj\u0105cego j\u0105 pojazdu marki Opel w skutek czego uderzy\u0142a w jego ty\u0142. Nikt nie dozna\u0142 obra\u017ce\u0144.<\/p>\n<p>W tym samym dniu w m. Gwizda\u0142y mieszkaniec pow. w\u0119growskiego, kieruj\u0105c pojazdem ci\u0119\u017carowym marki Scania wraz z naczep\u0105 nie dostosowa\u0142 bezpiecznej odleg\u0142o\u015bci od poprzedzaj\u0105cego go pojazdu marki Volvo, kt\u00f3rego kieruj\u0105ca zamierza\u0142a wykona\u0107 manewr skr\u0119tu w lewo. Kieruj\u0105cy Scani\u0105 najecha\u0142 na ty\u0142 Volvo jednocze\u015bnie zje\u017cd\u017caj\u0105c na przeciwleg\u0142y pas, gdzie uderzy\u0142 w jad\u0105cy z naprzeciwka pojazd marki Ford. Kieruj\u0105ca Fordem w wyniku doznanych obra\u017ce\u0144 zosta\u0142a przewieziona do szpitala. Post\u0119powanie w tej sprawie prowadzi KPP w \u0141ochowie<\/p>\n<p>09 pa\u017adziernika w m. \u0141och\u00f3w mieszkanka pow. w\u0119growskiego, kieruj\u0105c pojazdem marki Opel nie ust\u0105pi\u0142a pierwsze\u0144stwa przejazdu jad\u0105cemu prawid\u0142owo pojazdowi marki VW doprowadzaj\u0105c do zderzenia. Nikt nie dozna\u0142 obra\u017ce\u0144.<\/p>\n<p>R\u00f3wnie\u017c 09 pa\u017adziernika w m. Roguszyn mieszkaniec Warszawy, kieruj\u0105c pojazdem marki Opel zderzy\u0142 si\u0119 z dzikiem, kt\u00f3ry wbieg\u0142 przed pojazd. Kieruj\u0105cy nie dozna\u0142 obra\u017ce\u0144, zwierz\u0119 pad\u0142o.<\/p>\n<p>Natomiast mieszkaniec pow. siedleckiego w m. Gr\u0119bk\u00f3w zderzy\u0142 si\u0119 z sarn\u0105. Kieruj\u0105cy nie dozna\u0142 obra\u017ce\u0144.<\/p>\n<p>10 pa\u017adziernika w m. \u015anice dosz\u0142o do zdarzenia z udzia\u0142em motocyklisty. Ze wst\u0119pnych ustale\u0144 wynika, i\u017c mieszkaniec pow. w\u0119growskiego, kieruj\u0105c motocyklem marki Yamaha wykonuj\u0105c manewr wyprzedzania nie zachowa\u0142 nale\u017cytej ostro\u017cno\u015bci w wyniku czego straci\u0142 panowanie nad pojazdem i przewr\u00f3ci\u0142 si\u0119 na jedni\u0119. W wyniku doznanych obra\u017ce\u0144 zosta\u0142 przewieziony do szpitala. Post\u0119powanie prowadzi KPP w W\u0119growie.<\/p>\n<p>Policjanci apeluj\u0105 o ostro\u017cno\u015b\u0107 i zwi\u0119kszon\u0105 uwag\u0119 na drogach.<\/p>\n<p><strong>m\u0142. asp. Monika Ksi\u0119\u017copolska<\/strong><\/p>\n","protected":false},"excerpt":{"rendered":"<p>W ostatnich dniach na terenie powiatu w\u0119growskiego dosz\u0142o do zdarze\u0144 drogowych r\u00f3wnie\u017c z udzia\u0142em zwierz\u0105t. Policjanci apeluj\u0105 o ostro\u017cno\u015b\u0107 i rozwag\u0119.\u00a0<\/p>\n","protected":false},"author":1,"featured_media":0,"comment_status":"closed","ping_status":"closed","sticky":false,"template":"","format":"standard","meta":{"footnotes":""},"categories":[5,266,4],"tags":[261,3174],"class_list":["post-25107","post","type-post","status-publish","format-standard","hentry","category-newsy","category-policja-policja-straz-pozarna-pogotowie-ratunkowe","category-policja-straz-pozarna-pogotowie-ratunkowe","tag-komenda-powiatowa-policji-w-wegrowie","tag-kronika-policyjna"],"views":2372,"_links":{"self":[{"href":"http:\/\/info.sadowne.pl\/index.php?rest_route=\/wp\/v2\/posts\/25107","targetHints":{"allow":["GET"]}}],"collection":[{"href":"http:\/\/info.sadowne.pl\/index.php?rest_route=\/wp\/v2\/posts"}],"about":[{"href":"http:\/\/info.sadowne.pl\/index.php?rest_route=\/wp\/v2\/types\/post"}],"author":[{"embeddable":true,"href":"http:\/\/info.sadowne.pl\/index.php?rest_route=\/wp\/v2\/users\/1"}],"replies":[{"embeddable":true,"href":"http:\/\/info.sadowne.pl\/index.php?rest_route=%2Fwp%2Fv2%2Fcomments&post=25107"}],"version-history":[{"count":1,"href":"http:\/\/info.sadowne.pl\/index.php?rest_route=\/wp\/v2\/posts\/25107\/revisions"}],"predecessor-version":[{"id":25108,"href":"http:\/\/info.sadowne.pl\/index.php?rest_route=\/wp\/v2\/posts\/25107\/revisions\/25108"}],"wp:attachment":[{"href":"http:\/\/info.sadowne.pl\/index.php?rest_route=%2Fwp%2Fv2%2Fmedia&parent=25107"}],"wp:term":[{"taxonomy":"category","embeddable":true,"href":"http:\/\/info.sadowne.pl\/index.php?rest_route=%2Fwp%2Fv2%2Fcategories&post=25107"},{"taxonomy":"post_tag","embeddable":true,"href":"http:\/\/info.sadowne.pl\/index.php?rest_route=%2Fwp%2Fv2%2Ftags&post=25107"}],"curies":[{"name":"wp","href":"https:\/\/api.w.org\/{rel}","templated":true}]}}