{"id":25192,"date":"2021-10-25T17:15:11","date_gmt":"2021-10-25T15:15:11","guid":{"rendered":"http:\/\/info.sadowne.pl\/?p=25192"},"modified":"2021-10-25T17:20:04","modified_gmt":"2021-10-25T15:20:04","slug":"kronika-policyjna-18-22-10-2021","status":"publish","type":"post","link":"http:\/\/info.sadowne.pl\/?p=25192","title":{"rendered":"Kronika policyjna 18 \u2013 22.10.2021"},"content":{"rendered":"<p><strong><a href=\"http:\/\/info.sadowne.pl\/wp-content\/uploads\/2019\/08\/komisariat16.jpg\"><img loading=\"lazy\" decoding=\"async\" class=\"alignleft size-thumbnail wp-image-20958\" src=\"http:\/\/info.sadowne.pl\/wp-content\/uploads\/2019\/08\/komisariat16-180x130.jpg\" alt=\"\" width=\"180\" height=\"130\" \/><\/a>W ostatnich dniach na terenie powiatu w\u0119growskiego dosz\u0142o do zdarze\u0144 drogowych. Policjanci apeluj\u0105 o ostro\u017cno\u015b\u0107 i rozwag\u0119.<\/strong><!--more--><\/p>\n<p>18 pa\u017adziernika w m. W\u0119gr\u00f3w mieszkaniec pow. w\u0119growskiego, kieruj\u0105c pojazdem marki Nissan wykonuj\u0105c manewr cofania uderzy\u0142 w zaparkowany pojazd marki Toyota. Nikt nie dozna\u0142 obra\u017ce\u0144.<\/p>\n<p>W tym samym dniu w m. W\u0119gr\u00f3w mieszkaniec pow. \u0142osickiego, kieruj\u0105c pojazdem ci\u0119\u017carowym marki Daf z naczep\u0105 podczas wykonywania manewru skr\u0119tu w prawo z lewego pasa ruchu zderzy\u0142 si\u0119 z pojazdem marki Opel. Nikt nie dozna\u0142 obra\u017ce\u0144. Post\u0119powanie prowadzi KPP w W\u0119growie.<\/p>\n<p>19 pa\u017adziernika w m. Jasior\u00f3wka mieszkaniec pow. w\u0119growskiego, kieruj\u0105c pojazdem marki Audi na prostym odcinku drogi z nieustalonych przyczyn zjecha\u0142 na przeciwleg\u0142y pas ruchu doprowadzaj\u0105c do zderzenia z pojazdem marki Kia. Kieruj\u0105cy Audi uciek\u0142 z miejsca zdarzenia. Kieruj\u0105cy pojazdem marki Kia w wyniku doznanych obra\u017ce\u0144 zosta\u0142 przewieziony do szpitala. Po kilku godzinach kieruj\u0105cy pojazdem marki Audi zg\u0142osi\u0142 si\u0119 do KP w \u0141ochowie. Post\u0119powanie prowadzi KP w \u0141ochowie.<\/p>\n<p>20 pa\u017adziernika w m. W\u0119gr\u00f3w mieszkaniec pow. m\u0142awskiego, kieruj\u0105c pojazdem ci\u0119\u017carowym marki Scania wykonuj\u0105c manewr skr\u0119tu w prawo z lewego pasa ruchu zderzy\u0142 si\u0119 z pojazdem marki VW. Nikt nie dozna\u0142 obra\u017ce\u0144. Post\u0119powanie prowadzi KPP w W\u0119growie.<\/p>\n<p>21 pa\u017adziernika w m. Barch\u00f3w mieszkanka pow. wo\u0142omi\u0144skiego, kieruj\u0105c pojazdem marki VW nie zachowa\u0142a bezpiecznej odleg\u0142o\u015bci od poprzedzaj\u0105cego j\u0105 pojazdu marki Nissan w wyniku czego najecha\u0142a na jego ty\u0142. Nikt nie dozna\u0142 obra\u017ce\u0144.<\/p>\n<p>22 pa\u017adziernika w m. Zakrzew mieszkaniec pow. w\u0119growskiego, kieruj\u0105c pojazdem marki Mazda na prostym odcinku drogi podczas wykonywania manewru wyprzedzania straci\u0142 panowanie nad pojazdem w wyniku czego wpad\u0142 w po\u015blizg, zjecha\u0142 do przydro\u017cnego rowu wywracaj\u0105c pojazd kilkukrotnie. W wyniku doznanych obra\u017ce\u0144 kieruj\u0105cy zosta\u0142 przewieziony do szpitala. Post\u0119powanie prowadzi KPP w W\u0119growie.<\/p>\n<p>Policjanci apeluj\u0105 o ostro\u017cno\u015b\u0107 i zwi\u0119kszon\u0105 uwag\u0119 na drogach<\/p>\n<p>m\u0142. asp. Monika Ksi\u0119\u017copolska<\/p>\n","protected":false},"excerpt":{"rendered":"<p>W ostatnich dniach na terenie powiatu w\u0119growskiego dosz\u0142o do zdarze\u0144 drogowych. Policjanci apeluj\u0105 o ostro\u017cno\u015b\u0107 i rozwag\u0119.<\/p>\n","protected":false},"author":1,"featured_media":0,"comment_status":"closed","ping_status":"closed","sticky":false,"template":"","format":"standard","meta":{"footnotes":""},"categories":[5,266,4],"tags":[261,3174],"class_list":["post-25192","post","type-post","status-publish","format-standard","hentry","category-newsy","category-policja-policja-straz-pozarna-pogotowie-ratunkowe","category-policja-straz-pozarna-pogotowie-ratunkowe","tag-komenda-powiatowa-policji-w-wegrowie","tag-kronika-policyjna"],"views":1947,"_links":{"self":[{"href":"http:\/\/info.sadowne.pl\/index.php?rest_route=\/wp\/v2\/posts\/25192","targetHints":{"allow":["GET"]}}],"collection":[{"href":"http:\/\/info.sadowne.pl\/index.php?rest_route=\/wp\/v2\/posts"}],"about":[{"href":"http:\/\/info.sadowne.pl\/index.php?rest_route=\/wp\/v2\/types\/post"}],"author":[{"embeddable":true,"href":"http:\/\/info.sadowne.pl\/index.php?rest_route=\/wp\/v2\/users\/1"}],"replies":[{"embeddable":true,"href":"http:\/\/info.sadowne.pl\/index.php?rest_route=%2Fwp%2Fv2%2Fcomments&post=25192"}],"version-history":[{"count":3,"href":"http:\/\/info.sadowne.pl\/index.php?rest_route=\/wp\/v2\/posts\/25192\/revisions"}],"predecessor-version":[{"id":25197,"href":"http:\/\/info.sadowne.pl\/index.php?rest_route=\/wp\/v2\/posts\/25192\/revisions\/25197"}],"wp:attachment":[{"href":"http:\/\/info.sadowne.pl\/index.php?rest_route=%2Fwp%2Fv2%2Fmedia&parent=25192"}],"wp:term":[{"taxonomy":"category","embeddable":true,"href":"http:\/\/info.sadowne.pl\/index.php?rest_route=%2Fwp%2Fv2%2Fcategories&post=25192"},{"taxonomy":"post_tag","embeddable":true,"href":"http:\/\/info.sadowne.pl\/index.php?rest_route=%2Fwp%2Fv2%2Ftags&post=25192"}],"curies":[{"name":"wp","href":"https:\/\/api.w.org\/{rel}","templated":true}]}}