{"id":25248,"date":"2021-11-15T15:19:24","date_gmt":"2021-11-15T14:19:24","guid":{"rendered":"http:\/\/info.sadowne.pl\/?p=25248"},"modified":"2021-11-15T15:19:24","modified_gmt":"2021-11-15T14:19:24","slug":"kronika-policyjna-08-14-listopada-2021","status":"publish","type":"post","link":"http:\/\/info.sadowne.pl\/?p=25248","title":{"rendered":"Kronika policyjna 08 \u2013 14 listopada 2021"},"content":{"rendered":"<p><strong><a href=\"http:\/\/info.sadowne.pl\/wp-content\/uploads\/2015\/04\/komisariat-3.jpg\"><img loading=\"lazy\" decoding=\"async\" class=\"alignleft size-thumbnail wp-image-8553\" src=\"http:\/\/info.sadowne.pl\/wp-content\/uploads\/2015\/04\/komisariat-3-180x130.jpg\" alt=\"\" width=\"180\" height=\"130\" \/><\/a>W ostatnich dniach na terenie powiatu w\u0119growskiego dosz\u0142o do zdarze\u0144 drogowych. Policjanci apeluj\u0105 o ostro\u017cno\u015b\u0107 i rozwag\u0119.<\/strong><!--more--><\/p>\n<p>08 listopada w m. W\u0119gr\u00f3w mieszkaniec pow. w\u0119growskiego, kieruj\u0105 pojazdem marki Mercedes nie zachowa\u0142 bezpiecznej odleg\u0142o\u015bci pomi\u0119dzy pojazdami w wyniku czego najecha\u0142 na ty\u0142 pojazdu Skoda. Nikt nie dozna\u0142 obra\u017ce\u0144.<\/p>\n<p>10 listopada w m. Stoczek mieszkaniec pow. w\u0119growskiego, kieruj\u0105c pojazdem marki VW podczas wykonywania manewru wymijania zjecha\u0142 na przeciwleg\u0142y pas ruchu drogowego i doprowadzi\u0142 do zderzenia z pojazdem marki Kia.\u00a0 Nikt nie dozna\u0142 obra\u017ce\u0144.<\/p>\n<p>W tym samym dniu w m. W\u0119gr\u00f3w mieszkaniec pow. olszty\u0144skiego kieruj\u0105c pojazdem ci\u0119\u017carowym marki Daf podczas wykonywania manewru skr\u0119cania uszkodzi\u0142 pojazd BMW. Nikt nie dozna\u0142 obra\u017ce\u0144.<\/p>\n<p>10 listopada w m. Skar\u017cy\u0144 mieszkaniec pow. w\u0119growskiego, kieruj\u0105c pojazdem marki Opel na prostym, odcinku drogi zjecha\u0142 na prawe, a nast\u0119pnie na lewe pobocze, gdzie uderzy\u0142 w przydro\u017cne drzewa. Kieruj\u0105cy poni\u00f3s\u0142 \u015bmier\u0107 na miejscu. Okoliczno\u015bci zdarzenia wyja\u015bni post\u0119powanie prowadzone przez KPP w W\u0119growie.<\/p>\n<p>Tego samego dnia w m. W\u0119gr\u00f3w mieszkaniec pow. soko\u0142owskiego, kieruj\u0105c pojazdem ci\u0119\u017carowym marki Renault podczas manewru skr\u0119tu w prawo z lewego pasa uderzy\u0142 w pojazd marki Skoda skr\u0119caj\u0105cy w prawo. Nikt nie dozna\u0142 obra\u017ce\u0144.<\/p>\n<p>12 listopada w m. \u0141och\u00f3w mieszkaniec pow. w\u0119growskiego, kieruj\u0105c pojazdem marki Skoda nie ust\u0105pi\u0142 pierwsze\u0144stwa przejazdu kieruj\u0105cemu pojazdem marki Opel doprowadzaj\u0105c do zderzenia. Nikt nie dozna\u0142 obra\u017ce\u0144.<\/p>\n<p>14 listopada w m. Liw mieszkaniec pow. w\u0119growskiego, kieruj\u0105c pojazdem marki Citroen zderzy\u0142 si\u0119 z dzikiem. Kt\u00f3ry wbieg\u0142 na jedni\u0119. Nikt nie dozna\u0142 obra\u017ce\u0144.<\/p>\n<p>W tym samym dniu w m. \u0141och\u00f3w mieszkanka pow. w\u0119growskiego, kieruj\u0105c pojazdem marki Seat nie ust\u0105pi\u0142a pierwsze\u0144stwa przejazdu jad\u0105cej drog\u0105 z pierwsze\u0144stwem przejazdu kieruj\u0105cej pojazdem marki Audi doprowadzaj\u0105c do zderzenia. Nikt nie dozna\u0142 obra\u017ce\u0144.<\/p>\n<p>Policjanci apeluj\u0105 o ostro\u017cno\u015b\u0107 i zwi\u0119kszon\u0105 uwag\u0119 na drogach.<\/p>\n<p><strong>m\u0142. asp. Monika Ksi\u0119\u017copolska<\/strong><\/p>\n","protected":false},"excerpt":{"rendered":"<p>W ostatnich dniach na terenie powiatu w\u0119growskiego dosz\u0142o do zdarze\u0144 drogowych. Policjanci apeluj\u0105 o ostro\u017cno\u015b\u0107 i rozwag\u0119.<\/p>\n","protected":false},"author":1,"featured_media":0,"comment_status":"closed","ping_status":"closed","sticky":false,"template":"","format":"standard","meta":{"footnotes":""},"categories":[5,266,4],"tags":[261,3174],"class_list":["post-25248","post","type-post","status-publish","format-standard","hentry","category-newsy","category-policja-policja-straz-pozarna-pogotowie-ratunkowe","category-policja-straz-pozarna-pogotowie-ratunkowe","tag-komenda-powiatowa-policji-w-wegrowie","tag-kronika-policyjna"],"views":1915,"_links":{"self":[{"href":"http:\/\/info.sadowne.pl\/index.php?rest_route=\/wp\/v2\/posts\/25248","targetHints":{"allow":["GET"]}}],"collection":[{"href":"http:\/\/info.sadowne.pl\/index.php?rest_route=\/wp\/v2\/posts"}],"about":[{"href":"http:\/\/info.sadowne.pl\/index.php?rest_route=\/wp\/v2\/types\/post"}],"author":[{"embeddable":true,"href":"http:\/\/info.sadowne.pl\/index.php?rest_route=\/wp\/v2\/users\/1"}],"replies":[{"embeddable":true,"href":"http:\/\/info.sadowne.pl\/index.php?rest_route=%2Fwp%2Fv2%2Fcomments&post=25248"}],"version-history":[{"count":1,"href":"http:\/\/info.sadowne.pl\/index.php?rest_route=\/wp\/v2\/posts\/25248\/revisions"}],"predecessor-version":[{"id":25249,"href":"http:\/\/info.sadowne.pl\/index.php?rest_route=\/wp\/v2\/posts\/25248\/revisions\/25249"}],"wp:attachment":[{"href":"http:\/\/info.sadowne.pl\/index.php?rest_route=%2Fwp%2Fv2%2Fmedia&parent=25248"}],"wp:term":[{"taxonomy":"category","embeddable":true,"href":"http:\/\/info.sadowne.pl\/index.php?rest_route=%2Fwp%2Fv2%2Fcategories&post=25248"},{"taxonomy":"post_tag","embeddable":true,"href":"http:\/\/info.sadowne.pl\/index.php?rest_route=%2Fwp%2Fv2%2Ftags&post=25248"}],"curies":[{"name":"wp","href":"https:\/\/api.w.org\/{rel}","templated":true}]}}