{"id":25292,"date":"2021-11-25T12:23:31","date_gmt":"2021-11-25T11:23:31","guid":{"rendered":"http:\/\/info.sadowne.pl\/?p=25292"},"modified":"2021-11-25T12:23:31","modified_gmt":"2021-11-25T11:23:31","slug":"ciut-dalej","status":"publish","type":"post","link":"http:\/\/info.sadowne.pl\/?p=25292","title":{"rendered":"Ciut dalej\u2026"},"content":{"rendered":"<p><strong><a href=\"http:\/\/info.sadowne.pl\/wp-content\/uploads\/2021\/11\/Brok64.jpg\" target=\"_blank\" rel=\"noopener\"><img loading=\"lazy\" decoding=\"async\" class=\"alignleft wp-image-25293 size-thumbnail\" src=\"http:\/\/info.sadowne.pl\/wp-content\/uploads\/2021\/11\/Brok64-180x130.jpg\" alt=\"\" width=\"180\" height=\"130\" \/><\/a>O Niena\u0142tach, Rytelach-Olechnach i Zuzeli w tygodnikach sprzed ponad wieku.<\/strong><strong>\u00a0<\/strong><!--more--><\/p>\n<p>W naszym ostatnio publikowanym opracowaniu zamie\u015bcili\u015bmy relacje z Zar\u0105b Ko\u015bcielnych. Postanowili\u015bmy nieco d\u0142u\u017cej zabawi\u0107 u wschodnich rubie\u017cy brokowskiego mikrokosmosu, a nawet si\u0119gn\u0105\u0107 ciut dalej, tam, gdzie przed ponad stuleciem tylko nieliczni \u015bmia\u0142kowie zapuszczali si\u0119 furmankami.<\/p>\n<p>B\u0119d\u0105c w Zar\u0119bach, kt\u00f3re przed wiekami zwa\u0142y si\u0119 pono\u0107 Brokowem, zajrzeli\u015bmy do staro\u017cytnej wioski Niena\u0142ty, cho\u0107 po prawdzie to wioski takiej chyba nie ma, bo z racji, \u017ce okolica by\u0142a drobnoszlachecka, to skutkiem spadk\u00f3w, podzia\u0142\u00f3w, o\u017cenk\u00f3w, czy s\u0105dowych proces\u00f3w mamy wiosek Niena\u0142ty, zdaje si\u0119, \u017ce kilkana\u015bcie, ale wszystkie z przer\u00f3\u017cnymi przydomkami. Pierwsze wzmianki o tej wiosce pochodz\u0105 z po\u0142owy XV w., ale nie jest wykluczone, \u017ce osady istnia\u0142y tu i wcze\u015bniej, tyle \u017ce na ponad stulecie zosta\u0142y opuszczone skutkiem \u0142upie\u017cczych napad\u00f3w Prus\u00f3w, Ja\u0107wing\u00f3w, Litwin\u00f3w i Rusin\u00f3w. W tym samym czasie, gdy w ksi\u0119gach po raz pierwszy wspomniano o Niena\u0142tach, zosta\u0142a wydzielona z zuzelskiej parafia zar\u0119bska. Przedtem pierwszym ko\u015bcio\u0142em, do kt\u00f3rego po mini\u0119ciu Broku zajrze\u0107 m\u00f3g\u0142 w\u0119druj\u0105cy nadbu\u017ca\u0144skim szlakiem, bogobojny podr\u00f3\u017cnik, by\u0142 w\u0142a\u015bnie ko\u015bci\u00f3\u0142 w Zuzeli. Pomimo wi\u0119c, i\u017c obiecywali\u015bmy sobie, \u017ce w strony tak odleg\u0142e (prawie 30 km od Broku!) zapuszcza\u0107 si\u0119 nie b\u0119dziemy, to na chwil\u0119 wpadniemy do naszych staro\u017cytnych s\u0105siad\u00f3w.<\/p>\n<p><strong>Wi\u0119cej na stronie <span style=\"color: #0000ff;\"><a style=\"color: #0000ff;\" href=\"https:\/\/madzelan.cba.pl\/o-nienaltach-rytelach-olechnach-i-zuzeli-w-tygodnikach-sprzed-ponad-wieku\/\" target=\"_blank\" rel=\"noopener\">https:\/\/madzelan.cba.pl\/o-nienaltach-rytelach-olechnach-i-zuzeli-w-tygodnikach-sprzed-ponad-wieku\/<\/a><\/span><\/strong><\/p>\n","protected":false},"excerpt":{"rendered":"<p>O Niena\u0142tach, Rytelach-Olechnach i Zuzeli w tygodnikach sprzed ponad wieku.\u00a0<\/p>\n","protected":false},"author":1,"featured_media":0,"comment_status":"closed","ping_status":"closed","sticky":false,"template":"","format":"standard","meta":{"footnotes":""},"categories":[5,3436,31],"tags":[101,2208,2956],"class_list":["post-25292","post","type-post","status-publish","format-standard","hentry","category-newsy","category-opowiesci-historie-legendy-brokowskie-i-nie-tylko","category-historia-gminy","tag-historia-gminy-sadowne","tag-jerzy-paruszkiewicz","tag-opowiesci-historie-legendy-brokowskie-i-nie-tylko"],"views":1879,"_links":{"self":[{"href":"http:\/\/info.sadowne.pl\/index.php?rest_route=\/wp\/v2\/posts\/25292","targetHints":{"allow":["GET"]}}],"collection":[{"href":"http:\/\/info.sadowne.pl\/index.php?rest_route=\/wp\/v2\/posts"}],"about":[{"href":"http:\/\/info.sadowne.pl\/index.php?rest_route=\/wp\/v2\/types\/post"}],"author":[{"embeddable":true,"href":"http:\/\/info.sadowne.pl\/index.php?rest_route=\/wp\/v2\/users\/1"}],"replies":[{"embeddable":true,"href":"http:\/\/info.sadowne.pl\/index.php?rest_route=%2Fwp%2Fv2%2Fcomments&post=25292"}],"version-history":[{"count":1,"href":"http:\/\/info.sadowne.pl\/index.php?rest_route=\/wp\/v2\/posts\/25292\/revisions"}],"predecessor-version":[{"id":25294,"href":"http:\/\/info.sadowne.pl\/index.php?rest_route=\/wp\/v2\/posts\/25292\/revisions\/25294"}],"wp:attachment":[{"href":"http:\/\/info.sadowne.pl\/index.php?rest_route=%2Fwp%2Fv2%2Fmedia&parent=25292"}],"wp:term":[{"taxonomy":"category","embeddable":true,"href":"http:\/\/info.sadowne.pl\/index.php?rest_route=%2Fwp%2Fv2%2Fcategories&post=25292"},{"taxonomy":"post_tag","embeddable":true,"href":"http:\/\/info.sadowne.pl\/index.php?rest_route=%2Fwp%2Fv2%2Ftags&post=25292"}],"curies":[{"name":"wp","href":"https:\/\/api.w.org\/{rel}","templated":true}]}}